{"id":8558,"date":"2011-01-22T08:55:35","date_gmt":"2011-01-22T08:55:35","guid":{"rendered":"http:\/\/www.manquepierda.com\/historiarealbetis\/?p=8558"},"modified":"2024-09-22T18:59:01","modified_gmt":"2024-09-22T16:59:01","slug":"luis-del-sol-ascenso-1958","status":"publish","type":"post","link":"https:\/\/www.manquepierda.com\/historiarealbetis\/luis-del-sol-ascenso-1958\/","title":{"rendered":"Luis del Sol Ascenso 1958"},"content":{"rendered":"<p>&nbsp;<\/p>\n<p style=\"text-align: center\"><a href=\"https:\/\/www.manquepierda.com\/historiarealbetis\/8558-luis-del-sol-ascenso-1958\/luis-del-sol-ascenso-1958-nmp-marca-16-12-1958\/\" rel=\"attachment wp-att-26008\"><img data-recalc-dims=\"1\" loading=\"lazy\" decoding=\"async\" class=\"aligncenter  wp-image-26008\" alt=\"Luis Del Sol Ascenso 1958 (NMP) Marca 16-12-1958\" src=\"https:\/\/i0.wp.com\/www.manquepierda.com\/historiarealbetis\/files\/2011\/01\/Luis-Del-Sol-Ascenso-1958-NMP-Marca-16-12-1958.jpg?resize=462%2C498&#038;ssl=1\" width=\"462\" height=\"498\" srcset=\"https:\/\/i0.wp.com\/www.manquepierda.com\/historiarealbetis\/files\/2011\/01\/Luis-Del-Sol-Ascenso-1958-NMP-Marca-16-12-1958.jpg?w=660&amp;ssl=1 660w, https:\/\/i0.wp.com\/www.manquepierda.com\/historiarealbetis\/files\/2011\/01\/Luis-Del-Sol-Ascenso-1958-NMP-Marca-16-12-1958.jpg?resize=278%2C300&amp;ssl=1 278w\" sizes=\"auto, (max-width: 462px) 100vw, 462px\" \/><\/a><\/p>\n<p>15 de mayo de 1958. Ha finalizado el partido de\u00a0 Liga contra el Levante\u00a0 y con la victoria por 1 a 0\u00a0 se ha certificado el deseado regreso a la Primera Divisi\u00f3n.<\/p>\n<p>Heli\u00f3polis estalla y Luis del Sol es paseado a hombros por la afici\u00f3n.<\/p>\n<p>&nbsp;<\/p>\n","protected":false},"excerpt":{"rendered":"<p>&nbsp; 15 de mayo de 1958. Ha finalizado el partido de\u00a0 Liga contra el Levante\u00a0 y con la victoria por 1 a 0\u00a0 se ha certificado el deseado regreso a la Primera Divisi\u00f3n. Heli\u00f3polis estalla y Luis del Sol es paseado a hombros por la afici\u00f3n. &nbsp;<\/p>\n","protected":false},"author":5,"featured_media":26008,"comment_status":"open","ping_status":"open","sticky":false,"template":"","format":"standard","meta":{"_kad_post_transparent":"","_kad_post_title":"","_kad_post_layout":"","_kad_post_sidebar_id":"","_kad_post_content_style":"","_kad_post_vertical_padding":"","_kad_post_feature":"","_kad_post_feature_position":"","_kad_post_header":false,"_kad_post_footer":false,"_kad_post_classname":"","_jetpack_memberships_contains_paid_content":false,"footnotes":"","jetpack_publicize_message":"","jetpack_publicize_feature_enabled":true,"jetpack_social_post_already_shared":false,"jetpack_social_options":{"image_generator_settings":{"template":"highway","default_image_id":0,"font":"","enabled":false},"version":2}},"categories":[901,1],"tags":[1237,1494,541],"class_list":["post-8558","post","type-post","status-publish","format-standard","has-post-thumbnail","hentry","category-1950-1959","category-portada","tag-1237","tag-ascenso-1958","tag-luis-del-sol"],"jetpack_publicize_connections":[],"jetpack_featured_media_url":"https:\/\/i0.wp.com\/www.manquepierda.com\/historiarealbetis\/files\/2011\/01\/Luis-Del-Sol-Ascenso-1958-NMP-Marca-16-12-1958.jpg?fit=660%2C711&ssl=1","jetpack_sharing_enabled":true,"jetpack_shortlink":"https:\/\/wp.me\/p1ij08-2e2","jetpack-related-posts":[],"_links":{"self":[{"href":"https:\/\/www.manquepierda.com\/historiarealbetis\/wp-json\/wp\/v2\/posts\/8558","targetHints":{"allow":["GET"]}}],"collection":[{"href":"https:\/\/www.manquepierda.com\/historiarealbetis\/wp-json\/wp\/v2\/posts"}],"about":[{"href":"https:\/\/www.manquepierda.com\/historiarealbetis\/wp-json\/wp\/v2\/types\/post"}],"author":[{"embeddable":true,"href":"https:\/\/www.manquepierda.com\/historiarealbetis\/wp-json\/wp\/v2\/users\/5"}],"replies":[{"embeddable":true,"href":"https:\/\/www.manquepierda.com\/historiarealbetis\/wp-json\/wp\/v2\/comments?post=8558"}],"version-history":[{"count":1,"href":"https:\/\/www.manquepierda.com\/historiarealbetis\/wp-json\/wp\/v2\/posts\/8558\/revisions"}],"predecessor-version":[{"id":99529,"href":"https:\/\/www.manquepierda.com\/historiarealbetis\/wp-json\/wp\/v2\/posts\/8558\/revisions\/99529"}],"wp:featuredmedia":[{"embeddable":true,"href":"https:\/\/www.manquepierda.com\/historiarealbetis\/wp-json\/wp\/v2\/media\/26008"}],"wp:attachment":[{"href":"https:\/\/www.manquepierda.com\/historiarealbetis\/wp-json\/wp\/v2\/media?parent=8558"}],"wp:term":[{"taxonomy":"category","embeddable":true,"href":"https:\/\/www.manquepierda.com\/historiarealbetis\/wp-json\/wp\/v2\/categories?post=8558"},{"taxonomy":"post_tag","embeddable":true,"href":"https:\/\/www.manquepierda.com\/historiarealbetis\/wp-json\/wp\/v2\/tags?post=8558"}],"curies":[{"name":"wp","href":"https:\/\/api.w.org\/{rel}","templated":true}]}}