{"id":85674,"date":"2022-08-26T12:00:00","date_gmt":"2022-08-26T10:00:00","guid":{"rendered":"https:\/\/www.manquepierda.com\/historiarealbetis\/?p=85674"},"modified":"2025-08-20T16:24:33","modified_gmt":"2025-08-20T14:24:33","slug":"hoy-hace-15-anos-recreativo-1-betis-1","status":"publish","type":"post","link":"https:\/\/www.manquepierda.com\/historiarealbetis\/hoy-hace-15-anos-recreativo-1-betis-1\/","title":{"rendered":"Hoy hace 15 a\u00f1os. Recreativo 1 Betis 1."},"content":{"rendered":"<div class=\"wp-block-image\">\n<figure class=\"aligncenter size-full\"><img data-recalc-dims=\"1\" loading=\"lazy\" decoding=\"async\" width=\"649\" height=\"477\" src=\"https:\/\/i0.wp.com\/www.manquepierda.com\/historiarealbetis\/files\/2022\/08\/26-2007-Recreativo-1-Betis-1.jpg?resize=649%2C477&#038;ssl=1\" alt=\"\" class=\"wp-image-85675\" srcset=\"https:\/\/i0.wp.com\/www.manquepierda.com\/historiarealbetis\/files\/2022\/08\/26-2007-Recreativo-1-Betis-1.jpg?w=649&amp;ssl=1 649w, https:\/\/i0.wp.com\/www.manquepierda.com\/historiarealbetis\/files\/2022\/08\/26-2007-Recreativo-1-Betis-1.jpg?resize=220%2C162&amp;ssl=1 220w\" sizes=\"auto, (max-width: 649px) 100vw, 649px\" \/><\/figure>\n<\/div>\n\n<p><span style=\"color: #008000\">El 26 de agosto de 2007 Recreativo y Betis empatan a 1 en el Nuevo Colombino en partido de la jornada 1 del Campeonato de Liga de Primera Divisi\u00f3n.<\/span><\/p>\n<p><span style=\"color: #008000\">Sinama Pongolle en el minuto 25 adelant\u00f3 al equipo onubense, tras una gran jugada de Camu\u00f1as, empatando Nano en el 39 al rematar de cabeza un c\u00f3rner.<\/span><\/p>\n<p><span style=\"color: #008000\">El Recreativo, dirigido por V\u00edctor Mu\u00f1oz, aline\u00f3 a Sorrentino; Moya, C\u00e1ceres, Bouz\u00f3n, Bautista; Martins (81, Poli), Jes\u00fas V\u00e1zquez, Varela (80, Aitor), Marquitos; Camu\u00f1as y Sinama Pongolle.<\/span><\/p>\n<p><span style=\"color: #008000\">El Betis, entrenado por H\u00e9ctor C\u00faper, jug\u00f3 con Ricardo; Ilic, Juanito, Nano, Babic (60, Vega); Odonkor, Somoza, Rivera (63, Juande), Caffa (77, Fernando); Pavone y Sobis. \u00a0\u00a0<\/span><\/p>\n<p><span style=\"color: #008000\">En este encuentro debutaron en competici\u00f3n oficial con el Betis Ricardo Martins, Marko Babic, Leandro Somoza, Mariano Pavone y el t\u00e9cnico H\u00e9ctor C\u00faper.\u00a0\u00a0<\/span><\/p>","protected":false},"excerpt":{"rendered":"<p>El 26 de agosto de 2007 Recreativo y Betis empatan a 1 en el Nuevo Colombino en partido de la jornada 1 del Campeonato de Liga de Primera Divisi\u00f3n. Sinama Pongolle en el minuto 25 adelant\u00f3 al equipo onubense, tras una gran jugada de Camu\u00f1as, empatando Nano en el 39 al rematar de cabeza un&#8230;<\/p>\n","protected":false},"author":5,"featured_media":85675,"comment_status":"open","ping_status":"open","sticky":false,"template":"","format":"standard","meta":{"_kad_post_transparent":"","_kad_post_title":"","_kad_post_layout":"","_kad_post_sidebar_id":"","_kad_post_content_style":"","_kad_post_vertical_padding":"","_kad_post_feature":"","_kad_post_feature_position":"","_kad_post_header":false,"_kad_post_footer":false,"_kad_post_classname":"","_jetpack_memberships_contains_paid_content":false,"footnotes":"","jetpack_publicize_message":"","jetpack_publicize_feature_enabled":true,"jetpack_social_post_already_shared":true,"jetpack_social_options":{"image_generator_settings":{"template":"highway","default_image_id":0,"font":"","enabled":false},"version":2}},"categories":[4823,14583,1],"tags":[8674,3289,4005,17817,7991,1034,2038,16186],"class_list":["post-85674","post","type-post","status-publish","format-standard","has-post-thumbnail","hentry","category-2000-2009","category-efemerides","category-portada","tag-8674","tag-hector-cuper","tag-leandro-somoza","tag-liga-primera-2007-08","tag-mariano-pavone","tag-marko-babic","tag-real-club-recreativo-de-huelva","tag-ricardo-martins"],"jetpack_publicize_connections":[],"jetpack_featured_media_url":"https:\/\/i0.wp.com\/www.manquepierda.com\/historiarealbetis\/files\/2022\/08\/26-2007-Recreativo-1-Betis-1.jpg?fit=649%2C477&ssl=1","jetpack_sharing_enabled":true,"jetpack_shortlink":"https:\/\/wp.me\/p1ij08-mhQ","jetpack-related-posts":[],"_links":{"self":[{"href":"https:\/\/www.manquepierda.com\/historiarealbetis\/wp-json\/wp\/v2\/posts\/85674","targetHints":{"allow":["GET"]}}],"collection":[{"href":"https:\/\/www.manquepierda.com\/historiarealbetis\/wp-json\/wp\/v2\/posts"}],"about":[{"href":"https:\/\/www.manquepierda.com\/historiarealbetis\/wp-json\/wp\/v2\/types\/post"}],"author":[{"embeddable":true,"href":"https:\/\/www.manquepierda.com\/historiarealbetis\/wp-json\/wp\/v2\/users\/5"}],"replies":[{"embeddable":true,"href":"https:\/\/www.manquepierda.com\/historiarealbetis\/wp-json\/wp\/v2\/comments?post=85674"}],"version-history":[{"count":3,"href":"https:\/\/www.manquepierda.com\/historiarealbetis\/wp-json\/wp\/v2\/posts\/85674\/revisions"}],"predecessor-version":[{"id":104521,"href":"https:\/\/www.manquepierda.com\/historiarealbetis\/wp-json\/wp\/v2\/posts\/85674\/revisions\/104521"}],"wp:featuredmedia":[{"embeddable":true,"href":"https:\/\/www.manquepierda.com\/historiarealbetis\/wp-json\/wp\/v2\/media\/85675"}],"wp:attachment":[{"href":"https:\/\/www.manquepierda.com\/historiarealbetis\/wp-json\/wp\/v2\/media?parent=85674"}],"wp:term":[{"taxonomy":"category","embeddable":true,"href":"https:\/\/www.manquepierda.com\/historiarealbetis\/wp-json\/wp\/v2\/categories?post=85674"},{"taxonomy":"post_tag","embeddable":true,"href":"https:\/\/www.manquepierda.com\/historiarealbetis\/wp-json\/wp\/v2\/tags?post=85674"}],"curies":[{"name":"wp","href":"https:\/\/api.w.org\/{rel}","templated":true}]}}