{"id":8576,"date":"2011-01-25T06:24:35","date_gmt":"2011-01-25T06:24:35","guid":{"rendered":"http:\/\/www.manquepierda.com\/historiarealbetis\/?p=8576"},"modified":"2024-08-17T11:01:03","modified_gmt":"2024-08-17T09:01:03","slug":"betis-barcelona-copa-1930","status":"publish","type":"post","link":"https:\/\/www.manquepierda.com\/historiarealbetis\/betis-barcelona-copa-1930\/","title":{"rendered":"Betis-Barcelona Copa 1930"},"content":{"rendered":"<figure id=\"attachment_8577\" aria-describedby=\"caption-attachment-8577\" style=\"width: 582px\" class=\"wp-caption aligncenter\"><a class=\"lightbox\" title=\"Betis-Barcelona Mundo Deportivo 23-4-1930-3\" href=\"https:\/\/i0.wp.com\/www.manquepierda.com\/historiarealbetis\/files\/2011\/01\/Betis-Barcelona-Mundo-Deportivo-23-4-1930-3.jpg?ssl=1\"><img data-recalc-dims=\"1\" loading=\"lazy\" decoding=\"async\" class=\"size-full wp-image-8577\" src=\"https:\/\/i0.wp.com\/www.manquepierda.com\/historiarealbetis\/files\/2011\/01\/Betis-Barcelona-Mundo-Deportivo-23-4-1930-3.jpg?resize=582%2C373&#038;ssl=1\" alt=\"Fuente: El Mundo Deportivo 23 de Abril de 1930\" width=\"582\" height=\"373\" srcset=\"https:\/\/i0.wp.com\/www.manquepierda.com\/historiarealbetis\/files\/2011\/01\/Betis-Barcelona-Mundo-Deportivo-23-4-1930-3.jpg?w=582&amp;ssl=1 582w, https:\/\/i0.wp.com\/www.manquepierda.com\/historiarealbetis\/files\/2011\/01\/Betis-Barcelona-Mundo-Deportivo-23-4-1930-3.jpg?resize=300%2C192&amp;ssl=1 300w\" sizes=\"auto, (max-width: 582px) 100vw, 582px\" \/><\/a><figcaption id=\"caption-attachment-8577\" class=\"wp-caption-text\">Fuente: El Mundo Deportivo 23 de Abril de 1930<\/figcaption><\/figure>\n<p>La temporada de Liga 1929-30 hab\u00eda concluido el 30 de Marzo de 1930 con el Betis en 9\u00aa posici\u00f3n, sobre 10 equipos que formaban el grupo de Segunda Divisi\u00f3n. Hab\u00eda sido una campa\u00f1a muy mala para el equipo b\u00e9tico, que se salv\u00f3 del descenso a Tercera Divisi\u00f3n porque a la Cultural Leonesa se le di\u00f3 por empatado a 2 un partido contra el Deportivo de La Coru\u00f1a suspendido a falta de 25 minutos y que concluy\u00f3 con 3-2. Sin embargo, el tercer gol leonesista fue conseguido por un espectador y no fue recogido en el acta del \u00e1rbitro, por lo que posteriormente el Comit\u00e9 de Competici\u00f3n determin\u00f3 que el resultado final era empate a 2.<\/p>\n<p>Se inicia entonces el torneo de Copa con los dieciseisavos y en el que el Betis queda exento en el sorteo. Se disputan el 6 y 13 de Abril sin que haya sorpresas, salvo la eliminaci\u00f3n del Athletic de Madrid por el Deportivo Castell\u00f3n.<\/p>\n<p>Al Betis le toca enfrentarse en Octavos contra el Barcelona, todo un reto para el equipo b\u00e9tico. La expectaci\u00f3n despertada es enorme, de forma que para el partido de ida se decide trasladar el partido al Estadio de la Exposici\u00f3n, que tiene una capacidad muy superior a la habitual del Patronato.<\/p>\n<p>Es la cuarta vez que el Betis va a jugar en el Estadio, que es como se conoce al recinto. Ya hab\u00eda disputado all\u00ed 2 amistosos: en Mayo de 1929 contra los uruguayos del Rampla Juniors y en Diciembre de 1929 contra los h\u00fangaros del Budapest Sport, adem\u00e1s de un partido de competici\u00f3n oficial en Junio de 1929 contra el Deportivo de La Coru\u00f1a.<\/p>\n<p>El lleno es absoluto, con r\u00e9cord de recaudaci\u00f3n y un ambiente apasionado, como tendremos ocasi\u00f3n de comprobar.<\/p>\n<p>El Betis, que es entrenado por el ex jugador sevillista Juan Armet \u00abKink\u00e9\u00bb, alinea el 20 de Abril a Jes\u00fas; Tenorio, Jesus\u00edn; Regueiro, Currinche, Peral; Soler, Altuna, Su\u00e1rez, Enrique y Manol\u00edn, mientras que el Barcelona, entrenado por el ingl\u00e9s James Bellamy, forma con\u00a0 Uriach; Walter, Mas; Mart\u00ed, Guzm\u00e1n, Castillo; Piera, Goiburu, Samitier, Arocha y Parera.<\/p>\n<p>El Betis tuvo una salida electrizante con varias oportunidades, consiguiendo adelantarse en el minuto 12 con gol de Manol\u00edn. El Barcelona se fue imponiendo poco a poco, aunque el \u00e1rbitro Melc\u00f3n dej\u00f3 sin se\u00f1alar 2 penaltis en el area azulgrana y un bal\u00f3n fue sacado de la porter\u00eda catalana, sin que el \u00e1rbitro se\u00f1alase el gol. A los 40 minutos Arocha consegu\u00eda el empate en posici\u00f3n dudosa de fuera de juego.<\/p>\n<figure id=\"attachment_8580\" aria-describedby=\"caption-attachment-8580\" style=\"width: 564px\" class=\"wp-caption aligncenter\"><a class=\"lightbox\" title=\"Betis-Barcelona Mundo Deportivo 23-4-1930-2\" href=\"https:\/\/i0.wp.com\/www.manquepierda.com\/historiarealbetis\/files\/2011\/01\/Betis-Barcelona-Mundo-Deportivo-23-4-1930-2.jpg?ssl=1\"><img data-recalc-dims=\"1\" loading=\"lazy\" decoding=\"async\" class=\"size-full wp-image-8580\" src=\"https:\/\/i0.wp.com\/www.manquepierda.com\/historiarealbetis\/files\/2011\/01\/Betis-Barcelona-Mundo-Deportivo-23-4-1930-2.jpg?resize=564%2C370&#038;ssl=1\" alt=\"Fuente: El Mundo Deportivo 23 de Abril de 1930\" width=\"564\" height=\"370\" srcset=\"https:\/\/i0.wp.com\/www.manquepierda.com\/historiarealbetis\/files\/2011\/01\/Betis-Barcelona-Mundo-Deportivo-23-4-1930-2.jpg?w=564&amp;ssl=1 564w, https:\/\/i0.wp.com\/www.manquepierda.com\/historiarealbetis\/files\/2011\/01\/Betis-Barcelona-Mundo-Deportivo-23-4-1930-2.jpg?resize=300%2C196&amp;ssl=1 300w\" sizes=\"auto, (max-width: 564px) 100vw, 564px\" \/><\/a><figcaption id=\"caption-attachment-8580\" class=\"wp-caption-text\">Fuente: El Mundo Deportivo 23 de Abril de 1930<\/figcaption><\/figure>\n<p>El ambiente estaba m\u00e1s que caldeado al retirarse los protagonistas en el descanso.<\/p>\n<p>As\u00ed lo recoge ABC de Madrid: \u00bb Al retirase Melc\u00f3n se promueve un incidente ante las tribunas. El \u00e1rbitro replica de obra a una agresi\u00f3n de palabra de uno de los espectadores y el p\u00fablico le arroja varias sillas, teniendo Melc\u00f3n que refugiarse apresuradamente en la caseta.\u00a0 Melc\u00f3n, ante los incidentes promovidos, acuerda suspender el encuentro. Milagrosamente no se produjo una grave alteraci\u00f3n de orden p\u00fablico, siendo un\u00e1nimes las censuras para el arbitraje del colegiado del Centro\u00bb.<\/p>\n<figure id=\"attachment_8578\" aria-describedby=\"caption-attachment-8578\" style=\"width: 576px\" class=\"wp-caption aligncenter\"><a class=\"lightbox\" title=\"Betis-Barcelona Mundo Deportivo 23-4-1930(NMP)\" href=\"https:\/\/i0.wp.com\/www.manquepierda.com\/historiarealbetis\/files\/2011\/01\/Betis-Barcelona-Mundo-Deportivo-23-4-1930NMP.jpg?ssl=1\"><img data-recalc-dims=\"1\" loading=\"lazy\" decoding=\"async\" class=\"size-full wp-image-8578\" src=\"https:\/\/i0.wp.com\/www.manquepierda.com\/historiarealbetis\/files\/2011\/01\/Betis-Barcelona-Mundo-Deportivo-23-4-1930NMP.jpg?resize=576%2C380&#038;ssl=1\" alt=\"Fuente: El Mundo Deportivo 23 de Abril de 1930 \" width=\"576\" height=\"380\" srcset=\"https:\/\/i0.wp.com\/www.manquepierda.com\/historiarealbetis\/files\/2011\/01\/Betis-Barcelona-Mundo-Deportivo-23-4-1930NMP.jpg?w=576&amp;ssl=1 576w, https:\/\/i0.wp.com\/www.manquepierda.com\/historiarealbetis\/files\/2011\/01\/Betis-Barcelona-Mundo-Deportivo-23-4-1930NMP.jpg?resize=300%2C197&amp;ssl=1 300w\" sizes=\"auto, (max-width: 576px) 100vw, 576px\" \/><\/a><figcaption id=\"caption-attachment-8578\" class=\"wp-caption-text\">Fuente: El Mundo Deportivo 23 de Abril de 1930<\/figcaption><\/figure>\n<p>En esta imagen vemos al \u00e1rbitro retirarse en el descanso ante las protestas del p\u00fablico.<\/p>\n<figure id=\"attachment_8581\" aria-describedby=\"caption-attachment-8581\" style=\"width: 577px\" class=\"wp-caption aligncenter\"><a class=\"lightbox\" title=\"Betis-Barcelona Mundo Deportivo 23-4-1930-1\" href=\"https:\/\/i0.wp.com\/www.manquepierda.com\/historiarealbetis\/files\/2011\/01\/Betis-Barcelona-Mundo-Deportivo-23-4-1930-1.jpg?ssl=1\"><img data-recalc-dims=\"1\" loading=\"lazy\" decoding=\"async\" class=\"size-full wp-image-8581\" src=\"https:\/\/i0.wp.com\/www.manquepierda.com\/historiarealbetis\/files\/2011\/01\/Betis-Barcelona-Mundo-Deportivo-23-4-1930-1.jpg?resize=577%2C365&#038;ssl=1\" alt=\"Fuente: El Mundo Deportivo 23 de Abril de 1930\" width=\"577\" height=\"365\" srcset=\"https:\/\/i0.wp.com\/www.manquepierda.com\/historiarealbetis\/files\/2011\/01\/Betis-Barcelona-Mundo-Deportivo-23-4-1930-1.jpg?w=577&amp;ssl=1 577w, https:\/\/i0.wp.com\/www.manquepierda.com\/historiarealbetis\/files\/2011\/01\/Betis-Barcelona-Mundo-Deportivo-23-4-1930-1.jpg?resize=300%2C189&amp;ssl=1 300w\" sizes=\"auto, (max-width: 577px) 100vw, 577px\" \/><\/a><figcaption id=\"caption-attachment-8581\" class=\"wp-caption-text\">Fuente: El Mundo Deportivo 23 de Abril de 1930<\/figcaption><\/figure>\n<p>Las fuerzas de seguridad en el interior del Estadio a la finalizaci\u00f3n del partido, suspendido en el descanso por el \u00e1rbitro Melc\u00f3n.<\/p>\n<p>Posteriormente el Comit\u00e9 de Competici\u00f3n dar\u00eda por finalizado el encuentro con empate a 1, jug\u00e1ndose el encuentro de vuelta en Las Corts una semana despu\u00e9s y en el que venci\u00f3 2-0 el Barcelona.<\/p>\n","protected":false},"excerpt":{"rendered":"<p>La temporada de Liga 1929-30 hab\u00eda concluido el 30 de Marzo de 1930 con el Betis en 9\u00aa posici\u00f3n, sobre 10 equipos que formaban el grupo de Segunda Divisi\u00f3n. Hab\u00eda sido una campa\u00f1a muy mala para el equipo b\u00e9tico, que se salv\u00f3 del descenso a Tercera Divisi\u00f3n porque a la Cultural Leonesa se le di\u00f3&#8230;<\/p>\n","protected":false},"author":5,"featured_media":8577,"comment_status":"open","ping_status":"open","sticky":false,"template":"","format":"standard","meta":{"_kad_post_transparent":"","_kad_post_title":"","_kad_post_layout":"","_kad_post_sidebar_id":"","_kad_post_content_style":"","_kad_post_vertical_padding":"","_kad_post_feature":"","_kad_post_feature_position":"","_kad_post_header":false,"_kad_post_footer":false,"_kad_post_classname":"","_jetpack_memberships_contains_paid_content":false,"footnotes":"","jetpack_publicize_message":"","jetpack_publicize_feature_enabled":true,"jetpack_social_post_already_shared":false,"jetpack_social_options":{"image_generator_settings":{"template":"highway","default_image_id":0,"font":"","enabled":false},"version":2}},"categories":[899,1],"tags":[2665,17767,17896,1513,1154],"class_list":["post-8576","post","type-post","status-publish","format-standard","has-post-thumbnail","hentry","category-1930-1939","category-portada","tag-1929-30","tag-17767","tag-copa-1929-30","tag-estadio-de-la-exposicion","tag-fc-barcelona"],"jetpack_publicize_connections":[],"jetpack_featured_media_url":"https:\/\/i0.wp.com\/www.manquepierda.com\/historiarealbetis\/files\/2011\/01\/Betis-Barcelona-Mundo-Deportivo-23-4-1930-3.jpg?fit=582%2C373&ssl=1","jetpack_sharing_enabled":true,"jetpack_shortlink":"https:\/\/wp.me\/p1ij08-2ek","jetpack-related-posts":[],"_links":{"self":[{"href":"https:\/\/www.manquepierda.com\/historiarealbetis\/wp-json\/wp\/v2\/posts\/8576","targetHints":{"allow":["GET"]}}],"collection":[{"href":"https:\/\/www.manquepierda.com\/historiarealbetis\/wp-json\/wp\/v2\/posts"}],"about":[{"href":"https:\/\/www.manquepierda.com\/historiarealbetis\/wp-json\/wp\/v2\/types\/post"}],"author":[{"embeddable":true,"href":"https:\/\/www.manquepierda.com\/historiarealbetis\/wp-json\/wp\/v2\/users\/5"}],"replies":[{"embeddable":true,"href":"https:\/\/www.manquepierda.com\/historiarealbetis\/wp-json\/wp\/v2\/comments?post=8576"}],"version-history":[{"count":1,"href":"https:\/\/www.manquepierda.com\/historiarealbetis\/wp-json\/wp\/v2\/posts\/8576\/revisions"}],"predecessor-version":[{"id":96472,"href":"https:\/\/www.manquepierda.com\/historiarealbetis\/wp-json\/wp\/v2\/posts\/8576\/revisions\/96472"}],"wp:featuredmedia":[{"embeddable":true,"href":"https:\/\/www.manquepierda.com\/historiarealbetis\/wp-json\/wp\/v2\/media\/8577"}],"wp:attachment":[{"href":"https:\/\/www.manquepierda.com\/historiarealbetis\/wp-json\/wp\/v2\/media?parent=8576"}],"wp:term":[{"taxonomy":"category","embeddable":true,"href":"https:\/\/www.manquepierda.com\/historiarealbetis\/wp-json\/wp\/v2\/categories?post=8576"},{"taxonomy":"post_tag","embeddable":true,"href":"https:\/\/www.manquepierda.com\/historiarealbetis\/wp-json\/wp\/v2\/tags?post=8576"}],"curies":[{"name":"wp","href":"https:\/\/api.w.org\/{rel}","templated":true}]}}