{"id":85890,"date":"2022-09-09T10:06:00","date_gmt":"2022-09-09T08:06:00","guid":{"rendered":"https:\/\/www.manquepierda.com\/historiarealbetis\/?p=85890"},"modified":"2024-08-20T08:23:37","modified_gmt":"2024-08-20T06:23:37","slug":"alineacion-betis-villarreal-liga-2013","status":"publish","type":"post","link":"https:\/\/www.manquepierda.com\/historiarealbetis\/alineacion-betis-villarreal-liga-2013\/","title":{"rendered":"Alineaci\u00f3n Betis-Villarreal Liga 2013."},"content":{"rendered":"<div class=\"wp-block-image\">\n<figure class=\"aligncenter size-full\"><img data-recalc-dims=\"1\" loading=\"lazy\" decoding=\"async\" width=\"785\" height=\"451\" src=\"https:\/\/i0.wp.com\/www.manquepierda.com\/historiarealbetis\/files\/2022\/09\/Alineacion-Betis-Villareal-Liga-2013.jpg?resize=785%2C451&#038;ssl=1\" alt=\"\" class=\"wp-image-85891\" srcset=\"https:\/\/i0.wp.com\/www.manquepierda.com\/historiarealbetis\/files\/2022\/09\/Alineacion-Betis-Villareal-Liga-2013.jpg?w=785&amp;ssl=1 785w, https:\/\/i0.wp.com\/www.manquepierda.com\/historiarealbetis\/files\/2022\/09\/Alineacion-Betis-Villareal-Liga-2013.jpg?resize=680%2C391&amp;ssl=1 680w, https:\/\/i0.wp.com\/www.manquepierda.com\/historiarealbetis\/files\/2022\/09\/Alineacion-Betis-Villareal-Liga-2013.jpg?resize=220%2C126&amp;ssl=1 220w, https:\/\/i0.wp.com\/www.manquepierda.com\/historiarealbetis\/files\/2022\/09\/Alineacion-Betis-Villareal-Liga-2013.jpg?resize=768%2C441&amp;ssl=1 768w, https:\/\/i0.wp.com\/www.manquepierda.com\/historiarealbetis\/files\/2022\/09\/Alineacion-Betis-Villareal-Liga-2013.jpg?resize=400%2C230&amp;ssl=1 400w\" sizes=\"auto, (max-width: 785px) 100vw, 785px\" \/><\/figure>\n<\/div>\n\n<p>29 de septiembre de 2013 en el Benito Villamar\u00edn Betis 1 Villarreal 0; jornada 7 del Campeonato de Liga de Primera Divisi\u00f3n.<\/p>\n<p>En la imagen en la fila superior Nosa, Sara, Jorge Molina, Amaya y Paulao, en la fila inferior Verd\u00fa, Matilla, Reyes, Didac, Vadillo y Chica.<\/p>\n<p>El \u00fanico tanto del partido lo marc\u00f3 Nosa aprovechando un rechace del guardameta levantino Asenjo a tiro de Verd\u00fa.<\/p>\n<p>Pepe Mel entrenaba al Betis y Marcelino Garc\u00eda al Villarreal.&nbsp; &nbsp;<\/p>","protected":false},"excerpt":{"rendered":"<p>29 de septiembre de 2013 en el Benito Villamar\u00edn Betis 1 Villarreal 0; jornada 7 del Campeonato de Liga de Primera Divisi\u00f3n. En la imagen en la fila superior Nosa, Sara, Jorge Molina, Amaya y Paulao, en la fila inferior Verd\u00fa, Matilla, Reyes, Didac, Vadillo y Chica. El \u00fanico tanto del partido lo marc\u00f3 Nosa&#8230;<\/p>\n","protected":false},"author":5,"featured_media":85891,"comment_status":"open","ping_status":"open","sticky":false,"template":"","format":"standard","meta":{"_kad_post_transparent":"","_kad_post_title":"","_kad_post_layout":"","_kad_post_sidebar_id":"","_kad_post_content_style":"","_kad_post_vertical_padding":"","_kad_post_feature":"","_kad_post_feature_position":"","_kad_post_header":false,"_kad_post_footer":false,"_kad_post_classname":"","_jetpack_memberships_contains_paid_content":false,"footnotes":"","jetpack_publicize_message":"","jetpack_publicize_feature_enabled":true,"jetpack_social_post_already_shared":true,"jetpack_social_options":{"image_generator_settings":{"template":"highway","default_image_id":0,"font":"","enabled":false},"version":2}},"categories":[15447,1],"tags":[16967,17224,94,3824,9371,17287,3890,4004,9372,474,17880,16755,17268,17166,4007],"class_list":["post-85890","post","type-post","status-publish","format-standard","has-post-thumbnail","hentry","category-2010-2019","category-portada","tag-16967","tag-2013-14","tag-alvaro-vadillo","tag-antonio-amaya","tag-didac-vila","tag-guillermo-sara","tag-javier-chica","tag-javier-matilla","tag-joan-verdu","tag-jorge-molina","tag-liga-primera-2013-14","tag-lolo-reyes","tag-nosa-igiebor","tag-paulo-santos-paulao","tag-villarreal-cf"],"jetpack_publicize_connections":[],"jetpack_featured_media_url":"https:\/\/i0.wp.com\/www.manquepierda.com\/historiarealbetis\/files\/2022\/09\/Alineacion-Betis-Villareal-Liga-2013.jpg?fit=785%2C451&ssl=1","jetpack_sharing_enabled":true,"jetpack_shortlink":"https:\/\/wp.me\/p1ij08-mlk","jetpack-related-posts":[],"_links":{"self":[{"href":"https:\/\/www.manquepierda.com\/historiarealbetis\/wp-json\/wp\/v2\/posts\/85890","targetHints":{"allow":["GET"]}}],"collection":[{"href":"https:\/\/www.manquepierda.com\/historiarealbetis\/wp-json\/wp\/v2\/posts"}],"about":[{"href":"https:\/\/www.manquepierda.com\/historiarealbetis\/wp-json\/wp\/v2\/types\/post"}],"author":[{"embeddable":true,"href":"https:\/\/www.manquepierda.com\/historiarealbetis\/wp-json\/wp\/v2\/users\/5"}],"replies":[{"embeddable":true,"href":"https:\/\/www.manquepierda.com\/historiarealbetis\/wp-json\/wp\/v2\/comments?post=85890"}],"version-history":[{"count":3,"href":"https:\/\/www.manquepierda.com\/historiarealbetis\/wp-json\/wp\/v2\/posts\/85890\/revisions"}],"predecessor-version":[{"id":85895,"href":"https:\/\/www.manquepierda.com\/historiarealbetis\/wp-json\/wp\/v2\/posts\/85890\/revisions\/85895"}],"wp:featuredmedia":[{"embeddable":true,"href":"https:\/\/www.manquepierda.com\/historiarealbetis\/wp-json\/wp\/v2\/media\/85891"}],"wp:attachment":[{"href":"https:\/\/www.manquepierda.com\/historiarealbetis\/wp-json\/wp\/v2\/media?parent=85890"}],"wp:term":[{"taxonomy":"category","embeddable":true,"href":"https:\/\/www.manquepierda.com\/historiarealbetis\/wp-json\/wp\/v2\/categories?post=85890"},{"taxonomy":"post_tag","embeddable":true,"href":"https:\/\/www.manquepierda.com\/historiarealbetis\/wp-json\/wp\/v2\/tags?post=85890"}],"curies":[{"name":"wp","href":"https:\/\/api.w.org\/{rel}","templated":true}]}}