{"id":85938,"date":"2022-09-15T12:00:00","date_gmt":"2022-09-15T10:00:00","guid":{"rendered":"https:\/\/www.manquepierda.com\/historiarealbetis\/?p=85938"},"modified":"2024-08-14T16:58:28","modified_gmt":"2024-08-14T14:58:28","slug":"hoy-hace-65-anos-debut-de-antonio-barrios","status":"publish","type":"post","link":"https:\/\/www.manquepierda.com\/historiarealbetis\/hoy-hace-65-anos-debut-de-antonio-barrios\/","title":{"rendered":"Hoy hace 65 a\u00f1os. Debut de Antonio Barrios."},"content":{"rendered":"<div class=\"wp-block-image\">\n<figure class=\"aligncenter size-full\"><img data-recalc-dims=\"1\" loading=\"lazy\" decoding=\"async\" width=\"608\" height=\"624\" src=\"https:\/\/i0.wp.com\/www.manquepierda.com\/historiarealbetis\/files\/2022\/09\/15-1957-Debut-de-Antonio-Barrios.jpg?resize=608%2C624&#038;ssl=1\" alt=\"\" class=\"wp-image-85939\" srcset=\"https:\/\/i0.wp.com\/www.manquepierda.com\/historiarealbetis\/files\/2022\/09\/15-1957-Debut-de-Antonio-Barrios.jpg?w=608&amp;ssl=1 608w, https:\/\/i0.wp.com\/www.manquepierda.com\/historiarealbetis\/files\/2022\/09\/15-1957-Debut-de-Antonio-Barrios.jpg?resize=585%2C600&amp;ssl=1 585w, https:\/\/i0.wp.com\/www.manquepierda.com\/historiarealbetis\/files\/2022\/09\/15-1957-Debut-de-Antonio-Barrios.jpg?resize=214%2C220&amp;ssl=1 214w\" sizes=\"auto, (max-width: 608px) 100vw, 608px\" \/><\/figure>\n<\/div>\n\n<p><span style=\"color: #008000\">El 15 de septiembre de 1957 debuta en partido oficial como t\u00e9cnico del Real Betis Balompi\u00e9 Antonio Barrios Seoane, en el partido de la jornada 1 del Campeonato de Liga de Segunda Divisi\u00f3n que se disputa en Heli\u00f3polis y que enfrenta a Betis y Plus Ultra.<\/span><\/p>\n<p><span style=\"color: #008000\">Barrios, a sus 47 a\u00f1os, era un t\u00e9cnico experimentado que hab\u00eda pasado con \u00e9xito por los banquillos de Valladolid, R\u00e1cing, M\u00e1laga, Athletic Club, Atl\u00e9tico Tetu\u00e1n y Atl\u00e9tico de Madrid.<\/span><\/p>","protected":false},"excerpt":{"rendered":"<p>El 15 de septiembre de 1957 debuta en partido oficial como t\u00e9cnico del Real Betis Balompi\u00e9 Antonio Barrios Seoane, en el partido de la jornada 1 del Campeonato de Liga de Segunda Divisi\u00f3n que se disputa en Heli\u00f3polis y que enfrenta a Betis y Plus Ultra. Barrios, a sus 47 a\u00f1os, era un t\u00e9cnico experimentado&#8230;<\/p>\n","protected":false},"author":5,"featured_media":85939,"comment_status":"open","ping_status":"open","sticky":false,"template":"","format":"standard","meta":{"_kad_post_transparent":"","_kad_post_title":"","_kad_post_layout":"","_kad_post_sidebar_id":"","_kad_post_content_style":"","_kad_post_vertical_padding":"","_kad_post_feature":"","_kad_post_feature_position":"","_kad_post_header":false,"_kad_post_footer":false,"_kad_post_classname":"","_jetpack_memberships_contains_paid_content":false,"footnotes":"","jetpack_publicize_message":"","jetpack_publicize_feature_enabled":true,"jetpack_social_post_already_shared":true,"jetpack_social_options":{"image_generator_settings":{"template":"highway","default_image_id":0,"font":"","enabled":false},"version":2}},"categories":[901,14583,1],"tags":[4331,1249,17790],"class_list":["post-85938","post","type-post","status-publish","format-standard","has-post-thumbnail","hentry","category-1950-1959","category-efemerides","category-portada","tag-4331","tag-antonio-barrios","tag-liga-segunda-1957-58"],"jetpack_publicize_connections":[],"jetpack_featured_media_url":"https:\/\/i0.wp.com\/www.manquepierda.com\/historiarealbetis\/files\/2022\/09\/15-1957-Debut-de-Antonio-Barrios.jpg?fit=608%2C624&ssl=1","jetpack_sharing_enabled":true,"jetpack_shortlink":"https:\/\/wp.me\/p1ij08-mm6","jetpack-related-posts":[],"_links":{"self":[{"href":"https:\/\/www.manquepierda.com\/historiarealbetis\/wp-json\/wp\/v2\/posts\/85938","targetHints":{"allow":["GET"]}}],"collection":[{"href":"https:\/\/www.manquepierda.com\/historiarealbetis\/wp-json\/wp\/v2\/posts"}],"about":[{"href":"https:\/\/www.manquepierda.com\/historiarealbetis\/wp-json\/wp\/v2\/types\/post"}],"author":[{"embeddable":true,"href":"https:\/\/www.manquepierda.com\/historiarealbetis\/wp-json\/wp\/v2\/users\/5"}],"replies":[{"embeddable":true,"href":"https:\/\/www.manquepierda.com\/historiarealbetis\/wp-json\/wp\/v2\/comments?post=85938"}],"version-history":[{"count":1,"href":"https:\/\/www.manquepierda.com\/historiarealbetis\/wp-json\/wp\/v2\/posts\/85938\/revisions"}],"predecessor-version":[{"id":85940,"href":"https:\/\/www.manquepierda.com\/historiarealbetis\/wp-json\/wp\/v2\/posts\/85938\/revisions\/85940"}],"wp:featuredmedia":[{"embeddable":true,"href":"https:\/\/www.manquepierda.com\/historiarealbetis\/wp-json\/wp\/v2\/media\/85939"}],"wp:attachment":[{"href":"https:\/\/www.manquepierda.com\/historiarealbetis\/wp-json\/wp\/v2\/media?parent=85938"}],"wp:term":[{"taxonomy":"category","embeddable":true,"href":"https:\/\/www.manquepierda.com\/historiarealbetis\/wp-json\/wp\/v2\/categories?post=85938"},{"taxonomy":"post_tag","embeddable":true,"href":"https:\/\/www.manquepierda.com\/historiarealbetis\/wp-json\/wp\/v2\/tags?post=85938"}],"curies":[{"name":"wp","href":"https:\/\/api.w.org\/{rel}","templated":true}]}}