{"id":85990,"date":"2022-09-17T10:21:00","date_gmt":"2022-09-17T08:21:00","guid":{"rendered":"https:\/\/www.manquepierda.com\/historiarealbetis\/?p=85990"},"modified":"2024-10-21T23:48:41","modified_gmt":"2024-10-21T21:48:41","slug":"nos-visita-el-girona-fc-3","status":"publish","type":"post","link":"https:\/\/www.manquepierda.com\/historiarealbetis\/nos-visita-el-girona-fc-3\/","title":{"rendered":"Nos visita el Girona FC"},"content":{"rendered":"<div class=\"wp-block-image\">\n<figure class=\"aligncenter size-full is-resized\"><img data-recalc-dims=\"1\" loading=\"lazy\" decoding=\"async\" width=\"324\" height=\"216\" src=\"https:\/\/i0.wp.com\/www.manquepierda.com\/historiarealbetis\/files\/2022\/09\/Bandera-Girona.png?resize=324%2C216&#038;ssl=1\" alt=\"\" class=\"wp-image-85991\" style=\"width:662px;height:441px\" srcset=\"https:\/\/i0.wp.com\/www.manquepierda.com\/historiarealbetis\/files\/2022\/09\/Bandera-Girona.png?w=324&amp;ssl=1 324w, https:\/\/i0.wp.com\/www.manquepierda.com\/historiarealbetis\/files\/2022\/09\/Bandera-Girona.png?resize=220%2C147&amp;ssl=1 220w\" sizes=\"auto, (max-width: 324px) 100vw, 324px\" \/><\/figure>\n<\/div>\n\n<p>Nos visita ma\u00f1ana a las 18,30 horas el Girona F\u00fatbol Club, fundado en 1930 y que ha disputado 3 temporadas en Primera Divisi\u00f3n, 24 en Segunda, 13 en Segunda B y 44 en Tercera.<\/p>\n<p>Fue el 17 de mayo de 1936 la primera vez que jug\u00f3 en Sevilla contra el Betis, con ocasi\u00f3n del partido de vuelta de los octavos de final de la Copa y que concluy\u00f3 con victoria verdiblanca por 3 a 2.<\/p>\n<p>Han sido hasta ahora 7 las ocasiones en que el Girona ha visitado terreno b\u00e9tico, as\u00ed repartidas: 2 partidos en Primera Divisi\u00f3n, con una victoria b\u00e9tica y un empate, 4 partidos en Segunda Divisi\u00f3n (3 victorias b\u00e9ticas y 1 gerundense) y 1 partido de Copa, con victoria local.<\/p>\n<p>Los jugadores b\u00e9ticos que m\u00e1s han participado en estos encuentros son Sergio Le\u00f3n que lo hizo en 3 ocasiones y Ad\u00e1n, Fabi\u00e1n, Goitia, Guardado, Javi Garc\u00eda, Juanma, Jorge Molina, Nacho, Peral, Rub\u00e9n Castro, Sanabria, Tello y Valera que lo hicieron en dos ocasiones. Francisco Gonz\u00e1lez \u201cPaquirri\u201d y Cristian Tello son los m\u00e1ximos goleadores b\u00e9tico, con 2 tantos, y Pepe Mel y Quique Seti\u00e9n los entrenadores que m\u00e1s veces dirigieron en casa al Betis frente al Girona, en dos partidos.<\/p>\n<p>Entre los jugadores que han militado en ambos equipos podemos mencionar a Enrique Besc\u00f3s, Francisco G\u00f3mez, Felipe Mart\u00edn, Iv\u00e1n P\u00e9rez, Manuel Jim\u00e9nez, Jos\u00e9 Rancel, Antonio S\u00e1nchez y Juan Trujillo.<\/p>\n<p>Entre los entrenadores Domingo Balmanya, Pedro Sol\u00e9, Jos\u00e9 Mar\u00eda Nogu\u00e9s y Joan Francesc\u00a0 Ferrer \u00abRub\u00ed\u00bb.<\/p>","protected":false},"excerpt":{"rendered":"<p>Nos visita ma\u00f1ana a las 18,30 horas el Girona F\u00fatbol Club, fundado en 1930 y que ha disputado 3 temporadas en Primera Divisi\u00f3n, 24 en Segunda, 13 en Segunda B y 44 en Tercera. Fue el 17 de mayo de 1936 la primera vez que jug\u00f3 en Sevilla contra el Betis, con ocasi\u00f3n del partido&#8230;<\/p>\n","protected":false},"author":5,"featured_media":85991,"comment_status":"open","ping_status":"open","sticky":false,"template":"","format":"standard","meta":{"_kad_post_transparent":"","_kad_post_title":"","_kad_post_layout":"","_kad_post_sidebar_id":"","_kad_post_content_style":"","_kad_post_vertical_padding":"","_kad_post_feature":"","_kad_post_feature_position":"","_kad_post_header":false,"_kad_post_footer":false,"_kad_post_classname":"","_jetpack_memberships_contains_paid_content":false,"footnotes":"","jetpack_publicize_message":"","jetpack_publicize_feature_enabled":true,"jetpack_social_post_already_shared":true,"jetpack_social_options":{"image_generator_settings":{"template":"highway","default_image_id":0,"font":"","enabled":false},"version":2}},"categories":[895,1],"tags":[965,18207,1934,15784,1170,16551,2424,16931,18521,1315,1482,1453,8381,3856],"class_list":["post-85990","post","type-post","status-publish","format-standard","has-post-thumbnail","hentry","category-los-rivales","category-portada","tag-antonio-sanchez","tag-domingo-balmanya","tag-enrique-bescos","tag-felipe-martin","tag-francisco-gomez","tag-girona-fc","tag-ivan-perez","tag-joan-francesc-ferrer-rubi","tag-jose-luis-marin","tag-jose-maria-nogues","tag-jose-rancel","tag-juan-trujillo","tag-manuel-jimenez","tag-pedro-sole"],"jetpack_publicize_connections":[],"jetpack_featured_media_url":"https:\/\/i0.wp.com\/www.manquepierda.com\/historiarealbetis\/files\/2022\/09\/Bandera-Girona.png?fit=324%2C216&ssl=1","jetpack_sharing_enabled":true,"jetpack_shortlink":"https:\/\/wp.me\/p1ij08-mmW","jetpack-related-posts":[],"_links":{"self":[{"href":"https:\/\/www.manquepierda.com\/historiarealbetis\/wp-json\/wp\/v2\/posts\/85990","targetHints":{"allow":["GET"]}}],"collection":[{"href":"https:\/\/www.manquepierda.com\/historiarealbetis\/wp-json\/wp\/v2\/posts"}],"about":[{"href":"https:\/\/www.manquepierda.com\/historiarealbetis\/wp-json\/wp\/v2\/types\/post"}],"author":[{"embeddable":true,"href":"https:\/\/www.manquepierda.com\/historiarealbetis\/wp-json\/wp\/v2\/users\/5"}],"replies":[{"embeddable":true,"href":"https:\/\/www.manquepierda.com\/historiarealbetis\/wp-json\/wp\/v2\/comments?post=85990"}],"version-history":[{"count":3,"href":"https:\/\/www.manquepierda.com\/historiarealbetis\/wp-json\/wp\/v2\/posts\/85990\/revisions"}],"predecessor-version":[{"id":99163,"href":"https:\/\/www.manquepierda.com\/historiarealbetis\/wp-json\/wp\/v2\/posts\/85990\/revisions\/99163"}],"wp:featuredmedia":[{"embeddable":true,"href":"https:\/\/www.manquepierda.com\/historiarealbetis\/wp-json\/wp\/v2\/media\/85991"}],"wp:attachment":[{"href":"https:\/\/www.manquepierda.com\/historiarealbetis\/wp-json\/wp\/v2\/media?parent=85990"}],"wp:term":[{"taxonomy":"category","embeddable":true,"href":"https:\/\/www.manquepierda.com\/historiarealbetis\/wp-json\/wp\/v2\/categories?post=85990"},{"taxonomy":"post_tag","embeddable":true,"href":"https:\/\/www.manquepierda.com\/historiarealbetis\/wp-json\/wp\/v2\/tags?post=85990"}],"curies":[{"name":"wp","href":"https:\/\/api.w.org\/{rel}","templated":true}]}}