{"id":86087,"date":"2022-09-24T10:32:00","date_gmt":"2022-09-24T08:32:00","guid":{"rendered":"https:\/\/www.manquepierda.com\/historiarealbetis\/?p=86087"},"modified":"2024-08-28T11:11:35","modified_gmt":"2024-08-28T09:11:35","slug":"beticos-en-la-seleccion-logrono-2002","status":"publish","type":"post","link":"https:\/\/www.manquepierda.com\/historiarealbetis\/beticos-en-la-seleccion-logrono-2002\/","title":{"rendered":"B\u00e9ticos en la selecci\u00f3n. Logro\u00f1o 2002"},"content":{"rendered":"<div class=\"wp-block-image\">\n<figure class=\"aligncenter size-full\"><img data-recalc-dims=\"1\" loading=\"lazy\" decoding=\"async\" width=\"795\" height=\"558\" src=\"https:\/\/i0.wp.com\/www.manquepierda.com\/historiarealbetis\/files\/2022\/09\/Seleccion-Espana-Paraguay-octubre-2002.jpg?resize=795%2C558&#038;ssl=1\" alt=\"\" class=\"wp-image-86088\" srcset=\"https:\/\/i0.wp.com\/www.manquepierda.com\/historiarealbetis\/files\/2022\/09\/Seleccion-Espana-Paraguay-octubre-2002.jpg?w=795&amp;ssl=1 795w, https:\/\/i0.wp.com\/www.manquepierda.com\/historiarealbetis\/files\/2022\/09\/Seleccion-Espana-Paraguay-octubre-2002.jpg?resize=680%2C477&amp;ssl=1 680w, https:\/\/i0.wp.com\/www.manquepierda.com\/historiarealbetis\/files\/2022\/09\/Seleccion-Espana-Paraguay-octubre-2002.jpg?resize=220%2C154&amp;ssl=1 220w, https:\/\/i0.wp.com\/www.manquepierda.com\/historiarealbetis\/files\/2022\/09\/Seleccion-Espana-Paraguay-octubre-2002.jpg?resize=768%2C539&amp;ssl=1 768w\" sizes=\"auto, (max-width: 795px) 100vw, 795px\" \/><\/figure>\n<\/div>\n\n\n<p>La selecci\u00f3n espa\u00f1ola en la previa del partido amistoso que se disput\u00f3 en Logro\u00f1o el 16 de octubre de 2002 contra a Paraguay, y en la que estuvieron presentes 3 futbolistas del Real Betis Balompi\u00e9.<\/p>\n\n\n\n<p>En la fila de arriba Juanito (Betis), Garc\u00eda Calvo (Atl\u00e9tico Madrid), Puyol (Barcelona); Casillas (Real Madrid), Contreras (M\u00e1laga), Helguera (Real Madrid), Capdevila (Deportivo) y Bravo (Real Madrid); en la fila intermedia Joaqu\u00edn (Betis), Ra\u00fal (Real Madrid), Delgado Meco (preparador f\u00edsico), I\u00f1aki S\u00e1ez (seleccionador), Julen Lopetegui (preparador de porteros), Albelda (Valencia) y Guti (Real Madrid); en la fila de abajo Salgado (Real Madrid), Capi (Betis), Xavi (Barcelona), Mendieta (Barcelona), Morientes (Real Madrid), Baraja (Valencia), Trist\u00e1n (Deportivo) y Vicente (Valencia).<\/p>\n\n\n\n<p>En el partido se alinearon de inicio Capi y Juanito, mientras que Joaqu\u00edn salt\u00f3 al terreno de juego en el minuto 46 supliendo a Mendieta, por lo que en la segunda parte 3 futbolistas b\u00e9ticos formaron con la selecci\u00f3n. <\/p>\n","protected":false},"excerpt":{"rendered":"<p>La selecci\u00f3n espa\u00f1ola en la previa del partido amistoso que se disput\u00f3 en Logro\u00f1o el 16 de octubre de 2002 contra a Paraguay, y en la que estuvieron presentes 3 futbolistas del Real Betis Balompi\u00e9. En la fila de arriba Juanito (Betis), Garc\u00eda Calvo (Atl\u00e9tico Madrid), Puyol (Barcelona); Casillas (Real Madrid), Contreras (M\u00e1laga), Helguera (Real&#8230;<\/p>\n","protected":false},"author":5,"featured_media":86088,"comment_status":"open","ping_status":"open","sticky":false,"template":"","format":"standard","meta":{"_kad_post_transparent":"","_kad_post_title":"","_kad_post_layout":"","_kad_post_sidebar_id":"","_kad_post_content_style":"","_kad_post_vertical_padding":"","_kad_post_feature":"","_kad_post_feature_position":"","_kad_post_header":false,"_kad_post_footer":false,"_kad_post_classname":"","_jetpack_memberships_contains_paid_content":false,"footnotes":"","jetpack_publicize_message":"","jetpack_publicize_feature_enabled":true,"jetpack_social_post_already_shared":true,"jetpack_social_options":{"image_generator_settings":{"template":"highway","default_image_id":0,"font":"","enabled":false},"version":2}},"categories":[4823,893,1],"tags":[4824,4825,3127,3912,1367,1586],"class_list":["post-86087","post","type-post","status-publish","format-standard","has-post-thumbnail","hentry","category-2000-2009","category-jugadores-temas","category-portada","tag-4824","tag-2002-03","tag-jesus-capitan-capi","tag-joaquin-sanchez","tag-juan-gutierrez-juanito","tag-seleccion-espanola"],"jetpack_publicize_connections":[],"jetpack_featured_media_url":"https:\/\/i0.wp.com\/www.manquepierda.com\/historiarealbetis\/files\/2022\/09\/Seleccion-Espana-Paraguay-octubre-2002.jpg?fit=795%2C558&ssl=1","jetpack_sharing_enabled":true,"jetpack_shortlink":"https:\/\/wp.me\/p1ij08-mov","jetpack-related-posts":[],"_links":{"self":[{"href":"https:\/\/www.manquepierda.com\/historiarealbetis\/wp-json\/wp\/v2\/posts\/86087","targetHints":{"allow":["GET"]}}],"collection":[{"href":"https:\/\/www.manquepierda.com\/historiarealbetis\/wp-json\/wp\/v2\/posts"}],"about":[{"href":"https:\/\/www.manquepierda.com\/historiarealbetis\/wp-json\/wp\/v2\/types\/post"}],"author":[{"embeddable":true,"href":"https:\/\/www.manquepierda.com\/historiarealbetis\/wp-json\/wp\/v2\/users\/5"}],"replies":[{"embeddable":true,"href":"https:\/\/www.manquepierda.com\/historiarealbetis\/wp-json\/wp\/v2\/comments?post=86087"}],"version-history":[{"count":1,"href":"https:\/\/www.manquepierda.com\/historiarealbetis\/wp-json\/wp\/v2\/posts\/86087\/revisions"}],"predecessor-version":[{"id":86089,"href":"https:\/\/www.manquepierda.com\/historiarealbetis\/wp-json\/wp\/v2\/posts\/86087\/revisions\/86089"}],"wp:featuredmedia":[{"embeddable":true,"href":"https:\/\/www.manquepierda.com\/historiarealbetis\/wp-json\/wp\/v2\/media\/86088"}],"wp:attachment":[{"href":"https:\/\/www.manquepierda.com\/historiarealbetis\/wp-json\/wp\/v2\/media?parent=86087"}],"wp:term":[{"taxonomy":"category","embeddable":true,"href":"https:\/\/www.manquepierda.com\/historiarealbetis\/wp-json\/wp\/v2\/categories?post=86087"},{"taxonomy":"post_tag","embeddable":true,"href":"https:\/\/www.manquepierda.com\/historiarealbetis\/wp-json\/wp\/v2\/tags?post=86087"}],"curies":[{"name":"wp","href":"https:\/\/api.w.org\/{rel}","templated":true}]}}