{"id":86193,"date":"2022-10-01T12:00:00","date_gmt":"2022-10-01T10:00:00","guid":{"rendered":"https:\/\/www.manquepierda.com\/historiarealbetis\/?p=86193"},"modified":"2025-08-19T20:23:11","modified_gmt":"2025-08-19T18:23:11","slug":"hoy-hace-50-anos-granada-0-betis-0","status":"publish","type":"post","link":"https:\/\/www.manquepierda.com\/historiarealbetis\/hoy-hace-50-anos-granada-0-betis-0\/","title":{"rendered":"Hoy hace 50 a\u00f1os. Granada 0 Betis 0."},"content":{"rendered":"<div class=\"wp-block-image\">\n<figure class=\"aligncenter size-full is-resized\"><img data-recalc-dims=\"1\" loading=\"lazy\" decoding=\"async\" width=\"635\" height=\"172\" src=\"https:\/\/i0.wp.com\/www.manquepierda.com\/historiarealbetis\/files\/2022\/09\/1-1972-Granada-0-Betis-0.jpg?resize=635%2C172&#038;ssl=1\" alt=\"\" class=\"wp-image-86194\" style=\"width:762px;height:206px\" srcset=\"https:\/\/i0.wp.com\/www.manquepierda.com\/historiarealbetis\/files\/2022\/09\/1-1972-Granada-0-Betis-0.jpg?w=635&amp;ssl=1 635w, https:\/\/i0.wp.com\/www.manquepierda.com\/historiarealbetis\/files\/2022\/09\/1-1972-Granada-0-Betis-0.jpg?resize=220%2C60&amp;ssl=1 220w\" sizes=\"auto, (max-width: 635px) 100vw, 635px\" \/><\/figure>\n<\/div>\n\n<p><span style=\"color: #008000\">El 1 de octubre de 1972 en Los C\u00e1rmenes Granada y Betis empatan a 0 en partido de la jornada 5 del Campeonato de Liga de Primera Divisi\u00f3n.<\/span><\/p>\n<p><span style=\"color: #008000\">El Granada, dirigido por Bernardo P\u00e9rez \u201cPasieguito\u201d, aline\u00f3 a \u00d1ito; Moreno, Aguirre Su\u00e1rez, Fern\u00e1ndez, Falito; Porta, Aguilera, Chirri; Garre (68, Gruart), Due\u00f1as y Quiles.<\/span><\/p>\n<p><span style=\"color: #008000\">El Betis, entrenado por Ferenc Szusza, form\u00f3 con Pesudo; Bizcocho, Fern\u00e1ndez, Frigols, Biosca; L\u00f3pez, Jenaro, Gonz\u00e1lez; Del Pozo, Aramburu y Ben\u00edtez.<\/span><\/p>\n<p><span style=\"color: #008000\">En este encuentro debut\u00f3 con el Betis en competici\u00f3n oficial Jos\u00e9 Mar\u00eda Fern\u00e1ndez.\u00a0<\/span><\/p>","protected":false},"excerpt":{"rendered":"<p>El 1 de octubre de 1972 en Los C\u00e1rmenes Granada y Betis empatan a 0 en partido de la jornada 5 del Campeonato de Liga de Primera Divisi\u00f3n. El Granada, dirigido por Bernardo P\u00e9rez \u201cPasieguito\u201d, aline\u00f3 a \u00d1ito; Moreno, Aguirre Su\u00e1rez, Fern\u00e1ndez, Falito; Porta, Aguilera, Chirri; Garre (68, Gruart), Due\u00f1as y Quiles. El Betis, entrenado&#8230;<\/p>\n","protected":false},"author":5,"featured_media":86194,"comment_status":"open","ping_status":"open","sticky":false,"template":"","format":"standard","meta":{"_kad_post_transparent":"","_kad_post_title":"","_kad_post_layout":"","_kad_post_sidebar_id":"","_kad_post_content_style":"","_kad_post_vertical_padding":"","_kad_post_feature":"","_kad_post_feature_position":"","_kad_post_header":false,"_kad_post_footer":false,"_kad_post_classname":"","_jetpack_memberships_contains_paid_content":false,"footnotes":"","jetpack_publicize_message":"","jetpack_publicize_feature_enabled":true,"jetpack_social_post_already_shared":true,"jetpack_social_options":{"image_generator_settings":{"template":"highway","default_image_id":0,"font":"","enabled":false},"version":2}},"categories":[903,14583,1],"tags":[1091,3134,18729,17899],"class_list":["post-86193","post","type-post","status-publish","format-standard","has-post-thumbnail","hentry","category-1970-1979","category-efemerides","category-portada","tag-1091","tag-granada-cf","tag-jose-maria-fernandez","tag-liga-primera-1972-73"],"jetpack_publicize_connections":[],"jetpack_featured_media_url":"https:\/\/i0.wp.com\/www.manquepierda.com\/historiarealbetis\/files\/2022\/09\/1-1972-Granada-0-Betis-0.jpg?fit=635%2C172&ssl=1","jetpack_sharing_enabled":true,"jetpack_shortlink":"https:\/\/wp.me\/p1ij08-mqd","jetpack-related-posts":[],"_links":{"self":[{"href":"https:\/\/www.manquepierda.com\/historiarealbetis\/wp-json\/wp\/v2\/posts\/86193","targetHints":{"allow":["GET"]}}],"collection":[{"href":"https:\/\/www.manquepierda.com\/historiarealbetis\/wp-json\/wp\/v2\/posts"}],"about":[{"href":"https:\/\/www.manquepierda.com\/historiarealbetis\/wp-json\/wp\/v2\/types\/post"}],"author":[{"embeddable":true,"href":"https:\/\/www.manquepierda.com\/historiarealbetis\/wp-json\/wp\/v2\/users\/5"}],"replies":[{"embeddable":true,"href":"https:\/\/www.manquepierda.com\/historiarealbetis\/wp-json\/wp\/v2\/comments?post=86193"}],"version-history":[{"count":2,"href":"https:\/\/www.manquepierda.com\/historiarealbetis\/wp-json\/wp\/v2\/posts\/86193\/revisions"}],"predecessor-version":[{"id":104444,"href":"https:\/\/www.manquepierda.com\/historiarealbetis\/wp-json\/wp\/v2\/posts\/86193\/revisions\/104444"}],"wp:featuredmedia":[{"embeddable":true,"href":"https:\/\/www.manquepierda.com\/historiarealbetis\/wp-json\/wp\/v2\/media\/86194"}],"wp:attachment":[{"href":"https:\/\/www.manquepierda.com\/historiarealbetis\/wp-json\/wp\/v2\/media?parent=86193"}],"wp:term":[{"taxonomy":"category","embeddable":true,"href":"https:\/\/www.manquepierda.com\/historiarealbetis\/wp-json\/wp\/v2\/categories?post=86193"},{"taxonomy":"post_tag","embeddable":true,"href":"https:\/\/www.manquepierda.com\/historiarealbetis\/wp-json\/wp\/v2\/tags?post=86193"}],"curies":[{"name":"wp","href":"https:\/\/api.w.org\/{rel}","templated":true}]}}