{"id":86209,"date":"2022-10-02T09:36:00","date_gmt":"2022-10-02T07:36:00","guid":{"rendered":"https:\/\/www.manquepierda.com\/historiarealbetis\/?p=86209"},"modified":"2024-09-21T20:00:48","modified_gmt":"2024-09-21T18:00:48","slug":"los-dos-oliveira-de-jose-angel-bonachera","status":"publish","type":"post","link":"https:\/\/www.manquepierda.com\/historiarealbetis\/los-dos-oliveira-de-jose-angel-bonachera\/","title":{"rendered":"Los dos Oliveira, de Jos\u00e9 Angel Bonachera"},"content":{"rendered":"<div class=\"wp-block-image\">\n<figure class=\"aligncenter size-full is-resized\"><img data-recalc-dims=\"1\" loading=\"lazy\" decoding=\"async\" src=\"https:\/\/i0.wp.com\/www.manquepierda.com\/historiarealbetis\/files\/2022\/09\/Oliveira-el-portugues-1.jpg?resize=449%2C536&#038;ssl=1\" alt=\"\" class=\"wp-image-86210\" width=\"449\" height=\"536\" srcset=\"https:\/\/i0.wp.com\/www.manquepierda.com\/historiarealbetis\/files\/2022\/09\/Oliveira-el-portugues-1.jpg?w=341&amp;ssl=1 341w, https:\/\/i0.wp.com\/www.manquepierda.com\/historiarealbetis\/files\/2022\/09\/Oliveira-el-portugues-1.jpg?resize=184%2C220&amp;ssl=1 184w\" sizes=\"auto, (max-width: 449px) 100vw, 449px\" \/><\/figure>\n<\/div>\n\n<p>El fichaje del jugador portugu\u00e9s Antonio Oliveira desde el Oporto en el verano de 1979 fue en su momento la mayor inversi\u00f3n monetaria de la historia verdiblanca. Un jugador de 27 a\u00f1os, con alta capacidad t\u00e9cnica, y que despert\u00f3 grandes expectativas, dada la fama de que ven\u00eda precedido.<\/p>\n<p>Su presentaci\u00f3n en el Villamar\u00edn el 28 de julio de 1979 fue todo un revuelo para la \u00e9poca, y su debut en los partidos amistoso de pretemporada fue aumentando la ilusi\u00f3n, sobre todo el extraordinario encuentro que jug\u00f3 en Huelva en la consolaci\u00f3n del Trofeo Colombino frente a los polacos del Stal Mielec.<\/p>\n<p>Sin embargo, fue comenzar la competici\u00f3n de Liga y cambiar las tornas. En el primer partido, en casa frente al Rayo Vallecano, obtuvo un gol de penalti, pero su rendimiento comenz\u00f3 a bajar, hasta tal punto de que, entre lesiones y baja forma, fue desapareciendo de las alineaciones de Luis Carriega.&nbsp;<\/p>\n<p>En este art\u00edculo a cargo del periodista Jos\u00e9 Angel Bonachera en las p\u00e1ginas de Suroeste de noviembre de 1979 ya se pon\u00eda en duda el rendimiento del astro portugu\u00e9s, en base a su poco fondo f\u00edsico y su escasa entrega. Todo un preludio de lo que suceder\u00eda en enero de 1980, cuando rescindi\u00f3 su contrato y volvi\u00f3 a Portugal.&nbsp;<\/p>\n<p><span style=\"color: #008000\"><em>No tienen la culpa los clubs muchas veces. Las m\u00e1s, s\u00ed, porque normalmente los directivos se pasan de listos o se las dan de muy entendidos.<\/em><\/span><\/p>\n<p><span style=\"color: #008000\"><em>Es el caso de Oliveira, el internacional portugu\u00e9s, llegado en olor de multitud y a golpe de billetes, que seg\u00fan se dijo podr\u00eda traducirse en cuarenta y tres kilos, 43, que junto a lo que \u00e9l percibe el fichaje podr\u00eda situarse en los sesenta, que ya est\u00e1 bien.<\/em><\/span><\/p>\n<p><span style=\"color: #008000\"><em>Bueno, pues Oliveira, que resulta ser un t\u00e9cnico de primera magnitud, no podr\u00e1 ser rentable nunca. Desde su llegada a Sevilla, puede que un par de partidos, o un tiempo de dos encuentros, en los que exhibi\u00f3, sin g\u00e9nero de dudas, una calidad incuestionable. En la Liga un tanto de penalti, en el partido de apertura en el Villamar\u00edn y luego lesiones continuadas, que le tienen pr\u00e1cticamente apartado del equipo.<\/em><\/span><\/p>\n<p><span style=\"color: #008000\"><em>Cubillas, hace unos d\u00edas, y lo reproducimos en el momento de sus declaraciones, se\u00f1alaba que Oliveira se hab\u00eda equivocado al fichar por el Betis, considerando la dureza del f\u00fatbol espa\u00f1ol.<\/em><\/span><\/p>\n<p><span style=\"color: #008000\"><em>Un profesional con categor\u00eda de gran estrella, joven todav\u00eda, no puede ni debe lesionarse con la frecuencia de este portugu\u00e9s, que lleg\u00f3 a nuestra ciudad diciendo, poco m\u00e1s o menos, que una vez cogido el ritmo\u2014hac\u00eda dos meses que no entrenaba\u2014estar\u00eda a pleno rendimiento.<\/em><\/span><\/p>\n<p><span style=\"color: #008000\"><em>No s\u00f3lo no ha cogido la forma precisa, sino que ha perdido el sincronismo necesario, qued\u00e1ndose muy relegado en el sistema impuesto por Carriega. Cr\u00e9annos que es inadmisible que un deportista, profesional y consciente, se permita el lujo de estar dos meses sin entrenar y luego acepte que le contrate un club por el n\u00famero de millones que lo hizo el Betis. Un profesional, tenga o no equipo, vacaciones o se encuentre cinco d\u00edas de permiso, no puede dejar pasar uno sin correr, saltar, levantar pesas, hacer gimnasia, tomar contacto con el campo, respirar ox\u00edgeno puro, y disputarle el puesto a cualquiera que est\u00e9 jugando en ese momento.<\/em><\/span><\/p>\n<p><span style=\"color: #008000\"><em>Bien, pues a pesar de esta serie de detalles explicativos, estos futbolistas que nos vienen del exterior, son los de mayor atenci\u00f3n del aficionado, al que perdonan todo y son los causantes\u2014culpa del hincha, claro\u2014de que los aficionados dediquen su enfado y desagrado para los que salieron de la cantera.<\/em><\/span><\/p>\n<p><span style=\"color: #008000\"><em>No se mide por el mismo rasero a todos. Se puede ser un artista, pero no justificar convenientemente el valor en moneda. La filigrana, el quiebro, el desplante, el gol alguna vez, cobrar el traspaso por cincuenta o cerca de los cien millones de pesetas, aparte sus estipendios, y no dar la cara. Es injusta la posici\u00f3n y los hechos.<\/em><\/span><\/p>\n<p><span style=\"color: #008000\"><em>Oliveira est\u00e1 entre estos futbolistas, mimados, bien acogidos, que no responden a lo que se pag\u00f3 por ellos, teni\u00e9ndose que poner pr\u00e1cticamente entre algodones, preserv\u00e1ndose de cualquier problema f\u00edsico en perjuicio del club que los contrat\u00f3.<\/em><\/span><\/p>\n<p><span style=\"color: #008000\"><em>Mientras no se demuestre lo contrario, aunque nosotros hayamos estimado su calidad, especialmente en el segundo partido del Trofeo Colombino en Huelva, Oliveira ser\u00e1 un mal fichaje, como tantos otros del f\u00fatbol nacional de estos \u00faltimos tiempos. Y que conste, uno tambi\u00e9n dijo que era una gran inversi\u00f3n, pero\u2026 Aquel era otro Oliveira. &nbsp;<\/em><\/span><\/p>","protected":false},"excerpt":{"rendered":"<p>El fichaje del jugador portugu\u00e9s Antonio Oliveira desde el Oporto en el verano de 1979 fue en su momento la mayor inversi\u00f3n monetaria de la historia verdiblanca. Un jugador de 27 a\u00f1os, con alta capacidad t\u00e9cnica, y que despert\u00f3 grandes expectativas, dada la fama de que ven\u00eda precedido. Su presentaci\u00f3n en el Villamar\u00edn el 28&#8230;<\/p>\n","protected":false},"author":5,"featured_media":86210,"comment_status":"open","ping_status":"open","sticky":false,"template":"","format":"standard","meta":{"_kad_post_transparent":"","_kad_post_title":"","_kad_post_layout":"","_kad_post_sidebar_id":"","_kad_post_content_style":"","_kad_post_vertical_padding":"","_kad_post_feature":"","_kad_post_feature_position":"","_kad_post_header":false,"_kad_post_footer":false,"_kad_post_classname":"","_jetpack_memberships_contains_paid_content":false,"footnotes":"","jetpack_publicize_message":"","jetpack_publicize_feature_enabled":true,"jetpack_social_post_already_shared":true,"jetpack_social_options":{"image_generator_settings":{"template":"highway","default_image_id":0,"font":"","enabled":false},"version":2}},"categories":[1,1176],"tags":[1033,1277,16875],"class_list":["post-86209","post","type-post","status-publish","format-standard","has-post-thumbnail","hentry","category-portada","category-relatos-de-futbol","tag-1033","tag-antonio-oliveira","tag-jose-angel-bonachera"],"jetpack_publicize_connections":[],"jetpack_featured_media_url":"https:\/\/i0.wp.com\/www.manquepierda.com\/historiarealbetis\/files\/2022\/09\/Oliveira-el-portugues-1.jpg?fit=341%2C407&ssl=1","jetpack_sharing_enabled":true,"jetpack_shortlink":"https:\/\/wp.me\/p1ij08-mqt","jetpack-related-posts":[],"_links":{"self":[{"href":"https:\/\/www.manquepierda.com\/historiarealbetis\/wp-json\/wp\/v2\/posts\/86209","targetHints":{"allow":["GET"]}}],"collection":[{"href":"https:\/\/www.manquepierda.com\/historiarealbetis\/wp-json\/wp\/v2\/posts"}],"about":[{"href":"https:\/\/www.manquepierda.com\/historiarealbetis\/wp-json\/wp\/v2\/types\/post"}],"author":[{"embeddable":true,"href":"https:\/\/www.manquepierda.com\/historiarealbetis\/wp-json\/wp\/v2\/users\/5"}],"replies":[{"embeddable":true,"href":"https:\/\/www.manquepierda.com\/historiarealbetis\/wp-json\/wp\/v2\/comments?post=86209"}],"version-history":[{"count":4,"href":"https:\/\/www.manquepierda.com\/historiarealbetis\/wp-json\/wp\/v2\/posts\/86209\/revisions"}],"predecessor-version":[{"id":86214,"href":"https:\/\/www.manquepierda.com\/historiarealbetis\/wp-json\/wp\/v2\/posts\/86209\/revisions\/86214"}],"wp:featuredmedia":[{"embeddable":true,"href":"https:\/\/www.manquepierda.com\/historiarealbetis\/wp-json\/wp\/v2\/media\/86210"}],"wp:attachment":[{"href":"https:\/\/www.manquepierda.com\/historiarealbetis\/wp-json\/wp\/v2\/media?parent=86209"}],"wp:term":[{"taxonomy":"category","embeddable":true,"href":"https:\/\/www.manquepierda.com\/historiarealbetis\/wp-json\/wp\/v2\/categories?post=86209"},{"taxonomy":"post_tag","embeddable":true,"href":"https:\/\/www.manquepierda.com\/historiarealbetis\/wp-json\/wp\/v2\/tags?post=86209"}],"curies":[{"name":"wp","href":"https:\/\/api.w.org\/{rel}","templated":true}]}}