{"id":86225,"date":"2022-10-04T12:00:00","date_gmt":"2022-10-04T10:00:00","guid":{"rendered":"https:\/\/www.manquepierda.com\/historiarealbetis\/?p=86225"},"modified":"2024-08-17T09:17:53","modified_gmt":"2024-08-17T07:17:53","slug":"hoy-hace-30-anos-betis-1-bilbao-athletic-1","status":"publish","type":"post","link":"https:\/\/www.manquepierda.com\/historiarealbetis\/hoy-hace-30-anos-betis-1-bilbao-athletic-1\/","title":{"rendered":"Hoy hace 30 a\u00f1os. Betis 1 Bilbao Athletic 1."},"content":{"rendered":"<div class=\"wp-block-image\">\n<figure class=\"aligncenter size-full\"><img data-recalc-dims=\"1\" loading=\"lazy\" decoding=\"async\" width=\"828\" height=\"564\" src=\"https:\/\/i0.wp.com\/www.manquepierda.com\/historiarealbetis\/files\/2022\/09\/4-1992-Betis-1-Bilbao-Ath.-1.jpg?resize=828%2C564&#038;ssl=1\" alt=\"\" class=\"wp-image-86226\" srcset=\"https:\/\/i0.wp.com\/www.manquepierda.com\/historiarealbetis\/files\/2022\/09\/4-1992-Betis-1-Bilbao-Ath.-1.jpg?w=828&amp;ssl=1 828w, https:\/\/i0.wp.com\/www.manquepierda.com\/historiarealbetis\/files\/2022\/09\/4-1992-Betis-1-Bilbao-Ath.-1.jpg?resize=680%2C463&amp;ssl=1 680w, https:\/\/i0.wp.com\/www.manquepierda.com\/historiarealbetis\/files\/2022\/09\/4-1992-Betis-1-Bilbao-Ath.-1.jpg?resize=220%2C150&amp;ssl=1 220w, https:\/\/i0.wp.com\/www.manquepierda.com\/historiarealbetis\/files\/2022\/09\/4-1992-Betis-1-Bilbao-Ath.-1.jpg?resize=768%2C523&amp;ssl=1 768w\" sizes=\"auto, (max-width: 828px) 100vw, 828px\" \/><\/figure>\n<\/div>\n\n<p><span style=\"color: #008000\">El 4 de octubre de 1992 en el Villamar\u00edn Betis y Bilbao Athletic empatan a 1 en partido de la jornada 5 del Campeonato de Liga de Primera Divisi\u00f3n.<\/span><\/p>\n<p><span style=\"color: #008000\">Edu Alonso en el minuto 32 adelant\u00f3 al filial bilba\u00edno rematando de cabeza una jugada de Lambea. En el minuto 96 Gabino hizo el empate de penalti.<\/span><\/p>\n<p><span style=\"color: #008000\">El Betis, dirigido por Jorge D\u00b4Alessandro, jug\u00f3 con Diezma; M\u00e1rquez (69, Loreto), Ivanov, Julio, Monreal; Tab Ramos, R\u00edos, Gabino, Gordillo; Kukleta y Mel (55, Cu\u00e9llar).<\/span><\/p>\n<p><span style=\"color: #008000\">El Bilbao Athletic, entrenado por Blas Ziarreta, aline\u00f3 a Iru; Goyo, Txutxi, Karanka, Lambea; Ruiz Ochoa, Saras\u00faa, Andr\u00e9s (90, Gorbea), Lecumberri; Josema y Suances (87, Gorbea).<\/span><\/p>","protected":false},"excerpt":{"rendered":"<p>El 4 de octubre de 1992 en el Villamar\u00edn Betis y Bilbao Athletic empatan a 1 en partido de la jornada 5 del Campeonato de Liga de Primera Divisi\u00f3n. Edu Alonso en el minuto 32 adelant\u00f3 al filial bilba\u00edno rematando de cabeza una jugada de Lambea. En el minuto 96 Gabino hizo el empate de&#8230;<\/p>\n","protected":false},"author":5,"featured_media":86226,"comment_status":"open","ping_status":"open","sticky":false,"template":"","format":"standard","meta":{"_kad_post_transparent":"","_kad_post_title":"","_kad_post_layout":"","_kad_post_sidebar_id":"","_kad_post_content_style":"","_kad_post_vertical_padding":"","_kad_post_feature":"","_kad_post_feature_position":"","_kad_post_header":false,"_kad_post_footer":false,"_kad_post_classname":"","_jetpack_memberships_contains_paid_content":false,"footnotes":"","jetpack_publicize_message":"","jetpack_publicize_feature_enabled":true,"jetpack_social_post_already_shared":true,"jetpack_social_options":{"image_generator_settings":{"template":"highway","default_image_id":0,"font":"","enabled":false},"version":2}},"categories":[905,14583,1],"tags":[5731,11346,17824],"class_list":["post-86225","post","type-post","status-publish","format-standard","has-post-thumbnail","hentry","category-1990-1999","category-efemerides","category-portada","tag-5731","tag-bilbao-athletic","tag-liga-segunda-1992-93"],"jetpack_publicize_connections":[],"jetpack_featured_media_url":"https:\/\/i0.wp.com\/www.manquepierda.com\/historiarealbetis\/files\/2022\/09\/4-1992-Betis-1-Bilbao-Ath.-1.jpg?fit=828%2C564&ssl=1","jetpack_sharing_enabled":true,"jetpack_shortlink":"https:\/\/wp.me\/p1ij08-mqJ","jetpack-related-posts":[],"_links":{"self":[{"href":"https:\/\/www.manquepierda.com\/historiarealbetis\/wp-json\/wp\/v2\/posts\/86225","targetHints":{"allow":["GET"]}}],"collection":[{"href":"https:\/\/www.manquepierda.com\/historiarealbetis\/wp-json\/wp\/v2\/posts"}],"about":[{"href":"https:\/\/www.manquepierda.com\/historiarealbetis\/wp-json\/wp\/v2\/types\/post"}],"author":[{"embeddable":true,"href":"https:\/\/www.manquepierda.com\/historiarealbetis\/wp-json\/wp\/v2\/users\/5"}],"replies":[{"embeddable":true,"href":"https:\/\/www.manquepierda.com\/historiarealbetis\/wp-json\/wp\/v2\/comments?post=86225"}],"version-history":[{"count":1,"href":"https:\/\/www.manquepierda.com\/historiarealbetis\/wp-json\/wp\/v2\/posts\/86225\/revisions"}],"predecessor-version":[{"id":86227,"href":"https:\/\/www.manquepierda.com\/historiarealbetis\/wp-json\/wp\/v2\/posts\/86225\/revisions\/86227"}],"wp:featuredmedia":[{"embeddable":true,"href":"https:\/\/www.manquepierda.com\/historiarealbetis\/wp-json\/wp\/v2\/media\/86226"}],"wp:attachment":[{"href":"https:\/\/www.manquepierda.com\/historiarealbetis\/wp-json\/wp\/v2\/media?parent=86225"}],"wp:term":[{"taxonomy":"category","embeddable":true,"href":"https:\/\/www.manquepierda.com\/historiarealbetis\/wp-json\/wp\/v2\/categories?post=86225"},{"taxonomy":"post_tag","embeddable":true,"href":"https:\/\/www.manquepierda.com\/historiarealbetis\/wp-json\/wp\/v2\/tags?post=86225"}],"curies":[{"name":"wp","href":"https:\/\/api.w.org\/{rel}","templated":true}]}}