{"id":86233,"date":"2022-10-03T09:08:00","date_gmt":"2022-10-03T07:08:00","guid":{"rendered":"https:\/\/www.manquepierda.com\/historiarealbetis\/?p=86233"},"modified":"2022-10-02T20:49:55","modified_gmt":"2022-10-02T18:49:55","slug":"entrevista-jose-luis-loreto-1990","status":"publish","type":"post","link":"https:\/\/www.manquepierda.com\/historiarealbetis\/entrevista-jose-luis-loreto-1990\/","title":{"rendered":"Entrevista Jos\u00e9 Luis Loreto 1990"},"content":{"rendered":"<div class=\"wp-block-image\">\n<figure class=\"aligncenter size-full is-resized\"><img data-recalc-dims=\"1\" loading=\"lazy\" decoding=\"async\" src=\"https:\/\/i0.wp.com\/www.manquepierda.com\/historiarealbetis\/files\/2022\/10\/Loreto-1.jpg?resize=512%2C740&#038;ssl=1\" alt=\"\" class=\"wp-image-86234\" width=\"512\" height=\"740\" srcset=\"https:\/\/i0.wp.com\/www.manquepierda.com\/historiarealbetis\/files\/2022\/10\/Loreto-1.jpg?w=175&amp;ssl=1 175w, https:\/\/i0.wp.com\/www.manquepierda.com\/historiarealbetis\/files\/2022\/10\/Loreto-1.jpg?resize=152%2C220&amp;ssl=1 152w\" sizes=\"auto, (max-width: 512px) 100vw, 512px\" \/><\/figure>\n<\/div>\n\n<p>En 1990 Jos\u00e9 Luis Loreto, con 19 a\u00f1os, era un prometedor futbolista que se hab\u00eda proclamado campe\u00f3n de Copa juvenil con el Real Betis Balompi\u00e9 contra el FC Barcelona en Albacete.<\/p>\n<p>En agosto de ese a\u00f1o la directiva b\u00e9tica encabezada por Hugo Galera hab\u00eda renovado, ya con ficha profesional, a gran parte de los integrantes de ese equipo (Cu\u00e9llar, Noria, Ca\u00f1as, Merino y M\u00e1rquez), a lo que Loreto se neg\u00f3 si no se le integraba directamente en el primer equipo y sin pasar por el equipo filial. A ello se uni\u00f3 el inter\u00e9s del Atl\u00e9tico de Madrid por llevarse a la joven promesa, lo que condujo al club a separarlo de la plantilla del Betis B que dirig\u00eda Jos\u00e9 Ram\u00f3n Esnaola en Segunda B.\u00a0<\/p>\n<p>En septiembre surgi\u00f3 el rumor de que Loreto hab\u00eda firmado un contrato con el Sevilla a partir de junio de 1991, que era la fecha en que finalizaba su contrato con el Betis. Por toda la ciudad corri\u00f3 el rumor de las condiciones de ese contrato: cuatro a\u00f1os de duraci\u00f3n a raz\u00f3n de 4, 4,5, 5 y 5,5 millones de pesetas por temporada, que se duplicar\u00edan en el caso de disputar 10 partidos con el primer equipo, primas por llegar a la selecci\u00f3n y una indemnizaci\u00f3n de 100 millones para el Sevilla si Loreto finalmente no cumpl\u00eda el contrato firmado.<\/p>\n<p>La reacci\u00f3n b\u00e9tica fue suspender la ficha federativa del futbolista hasta que finalizara su servicio militar, lo que pospon\u00eda la finalizaci\u00f3n del contrato un a\u00f1o m\u00e1s. Loreto durante todo este tiempo en que estuvo apartado entren\u00f3 en La Cartuja por su cuenta con los atletas sevillanos que all\u00ed se preparaban con Jos\u00e9 Lorente, preparador f\u00edsico del Caja San Fernando.\u00a0<\/p>\n<p>As\u00ed estaban las cosas, cuando Loreto en noviembre de 1990 firm\u00f3 una ampliaci\u00f3n de contrato ya como profesional con el Real Betis Balompi\u00e9 por 4 a\u00f1os m\u00e1s, lo que llev\u00f3 a un largo pleito judicial con el Sevilla, en el que el jugador se qued\u00f3 en la disciplina b\u00e9tica y la cl\u00e1usula de indemnizaci\u00f3n que ped\u00eda el Sevilla fue sustanciosamente rebajada.<\/p>\n<p>La entrevista que hoy traemos es a los pocos d\u00edas de que Loreto renovase por el Betis en ese mes de noviembre. Fue publicada en Diario 16 Andaluc\u00eda a cargo del periodista Juan Luis de las Pe\u00f1as y es interesante para conocer el punto de vista del jugador en tan escabroso asunto.\u00a0 \u00a0A los pocos d\u00edas, el 21 de noviembre, Loreto debut\u00f3 con el primer equipo verdiblanco contra el Bin\u00e9far, en el partido de vuelta de la tercera ronda de Copa, cuando salt\u00f3 en el minuto 46 al terreno de juego para suplir a Valent\u00edn, y fue autor del segundo de los goles de los 4 que el Betis hizo esa noche al equipo aragon\u00e9s.\u00a0\u00a0<\/p>\n<p><span style=\"color: #008000\"><em>Jos\u00e9 Luis Loreto entren\u00f3 ayer por primera vez con la plantilla profesional del Betis, el equipo al que, seg\u00fan todos los indicios, no iba a volver jam\u00e1s. Sin embargo, las posturas se acercaron y el jugador firm\u00f3 un contrato por cuatro a\u00f1os como jugador b\u00e9tico. Aqu\u00ed repasa sus vivencias durante unos meses en los que fue protagonista de una pol\u00e9mica que a\u00fan no ha finalizado, aunque quiere olvidar cuanto antes y centrar sus pensamientos en un debut en Primera Divisi\u00f3n que, ahora s\u00ed, puede llegar pronto.<\/em><\/span><\/p>\n<p><span style=\"color: #008000\"><em>Diecinueve a\u00f1os, macareno, internacional juvenil y titular en el ataque del Betis juvenil que gan\u00f3 la Copa la pasada temporada. Jos\u00e9 Luis Rodr\u00edguez Loreto vio cumplido ayer uno de los objetivos que se hab\u00eda marcado cuando daba sus primeros pasos como futbolista. Despu\u00e9s de un tiempo en el disparadero, tras su negativa a aceptar la oferta del Betis y su acercamiento a Nervi\u00f3n, Loreto le dio el s\u00ed a Hugo Galera justo cuando menos se lo esperaba, cuando un fallo de la Federaci\u00f3n Andaluza hab\u00eda decretado improcedente la suspensi\u00f3n de su licencia, cuando, tras un largo periodo de entrenamiento en solitario en la Cartuja, ten\u00eda la oportunidad de entrenar de nuevo en las instalaciones del Betis. Adem\u00e1s el 30 de junio estaba m\u00e1s cerca.<\/em><\/span><\/p>\n<p><span style=\"color: #008000\"><em>El \u00faltimo protagonista de la soterrada guerra que mantienen Sevilla y Betis ha pasado, en unos meses, de ser un juvenil con ganas de comerse el mundo a un futbolista abrumado por lo que se le ven\u00eda encima. No jugaba, tampoco pod\u00eda entrenar y, en su vida cotidiana, ten\u00eda diariamente el reflejo de que la guerra va m\u00e1s all\u00e1 de los despachos de Luis Cuervas y de Hugo Galera, de que el aficionado ni olvida ni perdona\u2026<\/em><\/span><\/p>\n<ul>\n<li><span style=\"color: #008000\"><em>Parece que acab\u00f3 el calvario<\/em><\/span><\/li>\n<li><span style=\"color: #008000\"><em>Desde luego, ha sido un calvario para todos, aunque quiz\u00e1 haya sido yo el m\u00e1s perjudicado, porque no me conven\u00eda en absoluto estar parado, m\u00e1s pendiente de soluciones de tipo jur\u00eddico que de jugar al f\u00fatbol<\/em><\/span><\/li>\n<li><span style=\"color: #008000\"><em>No jugaba, y ten\u00eda que entrenar en solitario en la Cartuja. \u00bfLleg\u00f3 a creer que se hab\u00eda acabado para el f\u00fatbol?<\/em><\/span><\/li>\n<li><span style=\"color: #008000\"><em>Pensaba, sobre todo, en si ser\u00eda capaz de aguantar un a\u00f1o sin jugar, en que ten\u00eda que mentalizarme bien para volver. Tambi\u00e9n pens\u00e9 que la inactividad pod\u00eda jugar en mi contra, pero nada m\u00e1s<\/em><\/span><\/li>\n<li><span style=\"color: #008000\"><em>Y ahora firma por el Betis, sorprendiendo a todos. \u00bfPor qu\u00e9?<\/em><\/span><\/li>\n<li><span style=\"color: #008000\"><em>Ha sido un c\u00famulo de circunstancias las que me han llevado a firmar este contrato, pero lo principal es que yo sab\u00eda que perder un a\u00f1o era lo peor que me pod\u00eda pasar<\/em><\/span><\/li>\n<li><span style=\"color: #008000\"><em>Tambi\u00e9n habr\u00e1 influido el pase a la primera plantilla del Betis de algunos de sus compa\u00f1eros del juvenil<\/em><\/span><\/li>\n<li><span style=\"color: #008000\"><em>Est\u00e1 claro que es importante saber que se cuenta con los j\u00f3venes, pero han influido m\u00e1s cosas<\/em><\/span><\/li>\n<li><span style=\"color: #008000\"><em>\u00bfY no le ha echado para atr\u00e1s la abundancia de delanteros en el Sevilla, lo caro que se ha puesto all\u00ed la titularidad?<\/em><\/span><\/li>\n<li><span style=\"color: #008000\"><em>En ning\u00fan momento he tenido en cuenta a la delantera del Sevilla para dar este paso. Repito que lo que ha resultado decisivo es que se han hecho las cosas de otra manera<\/em><\/span><\/li>\n<li><span style=\"color: #008000\"><em>Ya que sale el Sevilla, ahora puede entrar en conflicto con Luis Cuervas<\/em><\/span><\/li>\n<li><span style=\"color: #008000\"><em>Si \u00e9l lo quiere\u2026pero no creo. Lo \u00fanico que le puedo decir a Luis Cuervas es que debe entender que no pod\u00eda estar un a\u00f1o entero parado<\/em><\/span><\/li>\n<li><span style=\"color: #008000\"><em>Habr\u00e1 advertido que estaba en el centro del hurac\u00e1n<\/em><\/span><\/li>\n<li><span style=\"color: #008000\"><em>Eso est\u00e1 claro, pero creo que se debi\u00f3 a que hab\u00eda una falta de informaci\u00f3n total, que ha habido muchas confusiones<\/em><\/span><\/li>\n<li><span style=\"color: #008000\"><em>Pero est\u00e1 lo del coche, lo del aval que present\u00f3 para comprarlo<\/em><\/span><\/li>\n<li><span style=\"color: #008000\"><em>Es cierto que me avalaron dos personas, pero los que hayan visto el aval podr\u00e1n decir que eran dos t\u00edo m\u00edos, no alguien del Sevilla<\/em><\/span><\/li>\n<li><span style=\"color: #008000\"><em>La cuesti\u00f3n es que ha sido protagonista, que en Sevilla se ha hablado tanto de un juvenil como, por ejemplo, de Mel o Pumpido. \u00bfC\u00f3mo puede influir esto en su carrera?<\/em><\/span><\/li>\n<li><span style=\"color: #008000\"><em>Puede venir bien o mal, el tiempo lo dir\u00e1. Si me salen las cosas bien no pasar\u00e1 nada, pero soy consciente de que si me van mal el p\u00fablico se me puede echar encima<\/em><\/span><\/li>\n<li><span style=\"color: #008000\"><em>Hablando del p\u00fablico, \u00bfc\u00f3mo le ha tratado la gente?<\/em><\/span><\/li>\n<li><span style=\"color: #008000\"><em>S\u00f3lo fui una vez a ver al Betis Deportivo, y mejor que me hubiera quedado en mi casa, porque hay aficionados que no admit\u00edan lo que estaba pasando. En cuanto a la calle, he tenido an\u00e9cdotas de todas clases<\/em><\/span><\/li>\n<li><span style=\"color: #008000\"><em>Por ejemplo\u2026<\/em><\/span><\/li>\n<li><span style=\"color: #008000\"><em>Por ejemplo, me cruzaba con sevillistas a los que no conoc\u00eda que me dec\u00edan que hab\u00eda hecho bien, y con b\u00e9ticos a los que tampoco conoc\u00eda que me dec\u00edan lo contrario y me deseaban que me lesionara. Pero esto es normal en Sevilla, aqu\u00ed nos gusta esto y nunca va a cambiar<\/em><\/span><\/li>\n<li><span style=\"color: #008000\"><em>Y ahora \u00bfel Betis\u2026o el filial?<\/em><\/span><\/li>\n<li><span style=\"color: #008000\"><em>Estoy aqu\u00ed para jugar en Primera cuanto antes mejor, pero no s\u00e9 qu\u00e9 pasar\u00e1<\/em><\/span><\/li>\n<li><span style=\"color: #008000\"><em>Loreto-Cu\u00e9llar, \u00bfpronto en la delantera?<\/em><\/span><\/li>\n<li><span style=\"color: #008000\"><em>Esperemos que s\u00ed, ser\u00eda bonito, pero s\u00f3lo el tiempo lo puede decir<\/em><\/span><\/li>\n<li><span style=\"color: #008000\"><em>Para finalizar. \u00bfQui\u00e9n le ha apoyado m\u00e1s durante esos meses?<\/em><\/span><\/li>\n<li><span style=\"color: #008000\"><em>Yo \u00a0<\/em><\/span><\/li>\n<\/ul>","protected":false},"excerpt":{"rendered":"<p>En 1990 Jos\u00e9 Luis Loreto, con 19 a\u00f1os, era un prometedor futbolista que se hab\u00eda proclamado campe\u00f3n de Copa juvenil con el Real Betis Balompi\u00e9 contra el FC Barcelona en Albacete. En agosto de ese a\u00f1o la directiva b\u00e9tica encabezada por Hugo Galera hab\u00eda renovado, ya con ficha profesional, a gran parte de los integrantes&#8230;<\/p>\n","protected":false},"author":5,"featured_media":86234,"comment_status":"open","ping_status":"open","sticky":false,"template":"","format":"standard","meta":{"_kad_post_transparent":"","_kad_post_title":"","_kad_post_layout":"","_kad_post_sidebar_id":"","_kad_post_content_style":"","_kad_post_vertical_padding":"","_kad_post_feature":"","_kad_post_feature_position":"","_kad_post_header":false,"_kad_post_footer":false,"_kad_post_classname":"","_jetpack_memberships_contains_paid_content":false,"footnotes":"","jetpack_publicize_message":"","jetpack_publicize_feature_enabled":true,"jetpack_social_post_already_shared":true,"jetpack_social_options":{"image_generator_settings":{"template":"highway","default_image_id":0,"font":"","enabled":false},"version":2}},"categories":[905,893,1],"tags":[2421,4570,1044,17210],"class_list":["post-86233","post","type-post","status-publish","format-standard","has-post-thumbnail","hentry","category-1990-1999","category-jugadores-temas","category-portada","tag-2421","tag-1990-91","tag-jose-luis-loreto","tag-juan-luis-de-las-penas"],"jetpack_publicize_connections":[],"jetpack_featured_media_url":"https:\/\/i0.wp.com\/www.manquepierda.com\/historiarealbetis\/files\/2022\/10\/Loreto-1.jpg?fit=175%2C253&ssl=1","jetpack_sharing_enabled":true,"jetpack_shortlink":"https:\/\/wp.me\/p1ij08-mqR","jetpack-related-posts":[],"_links":{"self":[{"href":"https:\/\/www.manquepierda.com\/historiarealbetis\/wp-json\/wp\/v2\/posts\/86233","targetHints":{"allow":["GET"]}}],"collection":[{"href":"https:\/\/www.manquepierda.com\/historiarealbetis\/wp-json\/wp\/v2\/posts"}],"about":[{"href":"https:\/\/www.manquepierda.com\/historiarealbetis\/wp-json\/wp\/v2\/types\/post"}],"author":[{"embeddable":true,"href":"https:\/\/www.manquepierda.com\/historiarealbetis\/wp-json\/wp\/v2\/users\/5"}],"replies":[{"embeddable":true,"href":"https:\/\/www.manquepierda.com\/historiarealbetis\/wp-json\/wp\/v2\/comments?post=86233"}],"version-history":[{"count":3,"href":"https:\/\/www.manquepierda.com\/historiarealbetis\/wp-json\/wp\/v2\/posts\/86233\/revisions"}],"predecessor-version":[{"id":86280,"href":"https:\/\/www.manquepierda.com\/historiarealbetis\/wp-json\/wp\/v2\/posts\/86233\/revisions\/86280"}],"wp:featuredmedia":[{"embeddable":true,"href":"https:\/\/www.manquepierda.com\/historiarealbetis\/wp-json\/wp\/v2\/media\/86234"}],"wp:attachment":[{"href":"https:\/\/www.manquepierda.com\/historiarealbetis\/wp-json\/wp\/v2\/media?parent=86233"}],"wp:term":[{"taxonomy":"category","embeddable":true,"href":"https:\/\/www.manquepierda.com\/historiarealbetis\/wp-json\/wp\/v2\/categories?post=86233"},{"taxonomy":"post_tag","embeddable":true,"href":"https:\/\/www.manquepierda.com\/historiarealbetis\/wp-json\/wp\/v2\/tags?post=86233"}],"curies":[{"name":"wp","href":"https:\/\/api.w.org\/{rel}","templated":true}]}}