{"id":86319,"date":"2022-10-14T09:23:00","date_gmt":"2022-10-14T07:23:00","guid":{"rendered":"https:\/\/www.manquepierda.com\/historiarealbetis\/?p=86319"},"modified":"2024-09-21T20:05:54","modified_gmt":"2024-09-21T18:05:54","slug":"betis-almeria-liga-1953","status":"publish","type":"post","link":"https:\/\/www.manquepierda.com\/historiarealbetis\/betis-almeria-liga-1953\/","title":{"rendered":"Betis-Almer\u00eda Liga 1953"},"content":{"rendered":"<div class=\"wp-block-image\">\n<figure class=\"aligncenter size-full\"><img data-recalc-dims=\"1\" loading=\"lazy\" decoding=\"async\" width=\"886\" height=\"564\" src=\"https:\/\/i0.wp.com\/www.manquepierda.com\/historiarealbetis\/files\/2022\/10\/Betis-Almeria-Liga-1953-A-Simo-340.jpg?resize=886%2C564&#038;ssl=1\" alt=\"\" class=\"wp-image-86320\" srcset=\"https:\/\/i0.wp.com\/www.manquepierda.com\/historiarealbetis\/files\/2022\/10\/Betis-Almeria-Liga-1953-A-Simo-340.jpg?w=886&amp;ssl=1 886w, https:\/\/i0.wp.com\/www.manquepierda.com\/historiarealbetis\/files\/2022\/10\/Betis-Almeria-Liga-1953-A-Simo-340.jpg?resize=680%2C433&amp;ssl=1 680w, https:\/\/i0.wp.com\/www.manquepierda.com\/historiarealbetis\/files\/2022\/10\/Betis-Almeria-Liga-1953-A-Simo-340.jpg?resize=220%2C140&amp;ssl=1 220w, https:\/\/i0.wp.com\/www.manquepierda.com\/historiarealbetis\/files\/2022\/10\/Betis-Almeria-Liga-1953-A-Simo-340.jpg?resize=768%2C489&amp;ssl=1 768w\" sizes=\"auto, (max-width: 886px) 100vw, 886px\" \/><\/figure>\n<\/div>\n\n\n<p>25 de octubre de 1953 en Heli\u00f3polis Betis 2 Almer\u00eda 0; jornada 6 del Campeonato de Liga de Tercera Divisi\u00f3n.<\/p>\n\n\n\n<p>En la imagen el portero almeriense Cerrada se hace con un bal\u00f3n bombeado sobre su \u00e1rea ante la presencia de dos defensores rojiblancos y el delantero b\u00e9tico Enrique Malo.<\/p>\n\n\n\n<p>El Betis se impuso con goles de Enrique en el minuto 30 a pase de Moruca y Del Val en el 75, aprovechando un fallo del guardameta Cerrada.<\/p>\n\n\n\n<p>Como curiosidad en este partido se estren\u00f3 en Heli\u00f3polis un servicio de megafon\u00eda. <\/p>\n\n\n\n<p>Francisco G\u00f3mez entrenaba al Betis y Manuel Ibarra al Almer\u00eda. <\/p>\n\n\n\n<p> <\/p>\n","protected":false},"excerpt":{"rendered":"<p>25 de octubre de 1953 en Heli\u00f3polis Betis 2 Almer\u00eda 0; jornada 6 del Campeonato de Liga de Tercera Divisi\u00f3n. En la imagen el portero almeriense Cerrada se hace con un bal\u00f3n bombeado sobre su \u00e1rea ante la presencia de dos defensores rojiblancos y el delantero b\u00e9tico Enrique Malo. El Betis se impuso con goles&#8230;<\/p>\n","protected":false},"author":5,"featured_media":86320,"comment_status":"open","ping_status":"open","sticky":false,"template":"","format":"standard","meta":{"_kad_post_transparent":"","_kad_post_title":"","_kad_post_layout":"","_kad_post_sidebar_id":"","_kad_post_content_style":"","_kad_post_vertical_padding":"","_kad_post_feature":"","_kad_post_feature_position":"","_kad_post_header":false,"_kad_post_footer":false,"_kad_post_classname":"","_jetpack_memberships_contains_paid_content":false,"footnotes":"","jetpack_publicize_message":"","jetpack_publicize_feature_enabled":true,"jetpack_social_post_already_shared":true,"jetpack_social_options":{"image_generator_settings":{"template":"highway","default_image_id":0,"font":"","enabled":false},"version":2}},"categories":[901,1],"tags":[1316,2438,2585,17791,8557],"class_list":["post-86319","post","type-post","status-publish","format-standard","has-post-thumbnail","hentry","category-1950-1959","category-portada","tag-1316","tag-1953-54","tag-enrique-malo","tag-liga-tercera-1953-54","tag-ud-almeria"],"jetpack_publicize_connections":[],"jetpack_featured_media_url":"https:\/\/i0.wp.com\/www.manquepierda.com\/historiarealbetis\/files\/2022\/10\/Betis-Almeria-Liga-1953-A-Simo-340.jpg?fit=886%2C564&ssl=1","jetpack_sharing_enabled":true,"jetpack_shortlink":"https:\/\/wp.me\/p1ij08-msf","jetpack-related-posts":[],"_links":{"self":[{"href":"https:\/\/www.manquepierda.com\/historiarealbetis\/wp-json\/wp\/v2\/posts\/86319","targetHints":{"allow":["GET"]}}],"collection":[{"href":"https:\/\/www.manquepierda.com\/historiarealbetis\/wp-json\/wp\/v2\/posts"}],"about":[{"href":"https:\/\/www.manquepierda.com\/historiarealbetis\/wp-json\/wp\/v2\/types\/post"}],"author":[{"embeddable":true,"href":"https:\/\/www.manquepierda.com\/historiarealbetis\/wp-json\/wp\/v2\/users\/5"}],"replies":[{"embeddable":true,"href":"https:\/\/www.manquepierda.com\/historiarealbetis\/wp-json\/wp\/v2\/comments?post=86319"}],"version-history":[{"count":2,"href":"https:\/\/www.manquepierda.com\/historiarealbetis\/wp-json\/wp\/v2\/posts\/86319\/revisions"}],"predecessor-version":[{"id":86322,"href":"https:\/\/www.manquepierda.com\/historiarealbetis\/wp-json\/wp\/v2\/posts\/86319\/revisions\/86322"}],"wp:featuredmedia":[{"embeddable":true,"href":"https:\/\/www.manquepierda.com\/historiarealbetis\/wp-json\/wp\/v2\/media\/86320"}],"wp:attachment":[{"href":"https:\/\/www.manquepierda.com\/historiarealbetis\/wp-json\/wp\/v2\/media?parent=86319"}],"wp:term":[{"taxonomy":"category","embeddable":true,"href":"https:\/\/www.manquepierda.com\/historiarealbetis\/wp-json\/wp\/v2\/categories?post=86319"},{"taxonomy":"post_tag","embeddable":true,"href":"https:\/\/www.manquepierda.com\/historiarealbetis\/wp-json\/wp\/v2\/tags?post=86319"}],"curies":[{"name":"wp","href":"https:\/\/api.w.org\/{rel}","templated":true}]}}