{"id":86324,"date":"2022-10-11T12:00:00","date_gmt":"2022-10-11T10:00:00","guid":{"rendered":"https:\/\/www.manquepierda.com\/historiarealbetis\/?p=86324"},"modified":"2026-01-28T20:44:49","modified_gmt":"2026-01-28T19:44:49","slug":"hoy-hace-45-anos-fundacion-de-la-pena-betica-fernando-ortega","status":"publish","type":"post","link":"https:\/\/www.manquepierda.com\/historiarealbetis\/hoy-hace-45-anos-fundacion-de-la-pena-betica-fernando-ortega\/","title":{"rendered":"Hoy hace 45 a\u00f1os. Fundaci\u00f3n de la Pe\u00f1a B\u00e9tica Fernando Ortega."},"content":{"rendered":"<div class=\"wp-block-image\">\n<figure class=\"aligncenter size-full\"><img data-recalc-dims=\"1\" loading=\"lazy\" decoding=\"async\" width=\"350\" height=\"463\" src=\"https:\/\/i0.wp.com\/www.manquepierda.com\/historiarealbetis\/files\/2022\/10\/11-1977-Fundacion-PB-Fernando-Ortega-San-Jose-de-la-Rinconada.jpg?resize=350%2C463&#038;ssl=1\" alt=\"\" class=\"wp-image-86325\" srcset=\"https:\/\/i0.wp.com\/www.manquepierda.com\/historiarealbetis\/files\/2022\/10\/11-1977-Fundacion-PB-Fernando-Ortega-San-Jose-de-la-Rinconada.jpg?w=350&amp;ssl=1 350w, https:\/\/i0.wp.com\/www.manquepierda.com\/historiarealbetis\/files\/2022\/10\/11-1977-Fundacion-PB-Fernando-Ortega-San-Jose-de-la-Rinconada.jpg?resize=166%2C220&amp;ssl=1 166w\" sizes=\"auto, (max-width: 350px) 100vw, 350px\" \/><\/figure>\n<\/div>\n\n\n\n<p><span style=\"color: #008000\">El 11 de octubre de 1977 se funda la Pe\u00f1a Cultura B\u00e9tica Fernando Ortega de San Jos\u00e9 de la Rinconada.<\/span><\/p>\n<p><span style=\"color: #008000\">En la relaci\u00f3n de la Federaci\u00f3n de Pe\u00f1as del Real Betis Balompi\u00e9 ocupa el n\u00famero 58.<\/span><\/p>","protected":false},"excerpt":{"rendered":"<p>El 11 de octubre de 1977 se funda la Pe\u00f1a Cultura B\u00e9tica Fernando Ortega de San Jos\u00e9 de la Rinconada. En la relaci\u00f3n de la Federaci\u00f3n de Pe\u00f1as del Real Betis Balompi\u00e9 ocupa el n\u00famero 58.<\/p>\n","protected":false},"author":5,"featured_media":86325,"comment_status":"open","ping_status":"open","sticky":false,"template":"","format":"standard","meta":{"_kad_post_transparent":"","_kad_post_title":"","_kad_post_layout":"","_kad_post_sidebar_id":"","_kad_post_content_style":"","_kad_post_vertical_padding":"","_kad_post_feature":"","_kad_post_feature_position":"","_kad_post_header":false,"_kad_post_footer":false,"_kad_post_classname":"","_jetpack_memberships_contains_paid_content":false,"footnotes":"","jetpack_publicize_message":"","jetpack_publicize_feature_enabled":true,"jetpack_social_post_already_shared":true,"jetpack_social_options":{"image_generator_settings":{"template":"highway","default_image_id":0,"font":"","enabled":false},"version":2}},"categories":[903,14583,894,1],"tags":[1024,17380],"class_list":["post-86324","post","type-post","status-publish","format-standard","has-post-thumbnail","hentry","category-1970-1979","category-efemerides","category-la-aficion","category-portada","tag-1024","tag-pena-betica-fernando-ortega"],"jetpack_publicize_connections":[],"jetpack_featured_media_url":"https:\/\/i0.wp.com\/www.manquepierda.com\/historiarealbetis\/files\/2022\/10\/11-1977-Fundacion-PB-Fernando-Ortega-San-Jose-de-la-Rinconada.jpg?fit=350%2C463&ssl=1","jetpack_sharing_enabled":true,"jetpack_shortlink":"https:\/\/wp.me\/p1ij08-msk","jetpack-related-posts":[],"_links":{"self":[{"href":"https:\/\/www.manquepierda.com\/historiarealbetis\/wp-json\/wp\/v2\/posts\/86324","targetHints":{"allow":["GET"]}}],"collection":[{"href":"https:\/\/www.manquepierda.com\/historiarealbetis\/wp-json\/wp\/v2\/posts"}],"about":[{"href":"https:\/\/www.manquepierda.com\/historiarealbetis\/wp-json\/wp\/v2\/types\/post"}],"author":[{"embeddable":true,"href":"https:\/\/www.manquepierda.com\/historiarealbetis\/wp-json\/wp\/v2\/users\/5"}],"replies":[{"embeddable":true,"href":"https:\/\/www.manquepierda.com\/historiarealbetis\/wp-json\/wp\/v2\/comments?post=86324"}],"version-history":[{"count":2,"href":"https:\/\/www.manquepierda.com\/historiarealbetis\/wp-json\/wp\/v2\/posts\/86324\/revisions"}],"predecessor-version":[{"id":86327,"href":"https:\/\/www.manquepierda.com\/historiarealbetis\/wp-json\/wp\/v2\/posts\/86324\/revisions\/86327"}],"wp:featuredmedia":[{"embeddable":true,"href":"https:\/\/www.manquepierda.com\/historiarealbetis\/wp-json\/wp\/v2\/media\/86325"}],"wp:attachment":[{"href":"https:\/\/www.manquepierda.com\/historiarealbetis\/wp-json\/wp\/v2\/media?parent=86324"}],"wp:term":[{"taxonomy":"category","embeddable":true,"href":"https:\/\/www.manquepierda.com\/historiarealbetis\/wp-json\/wp\/v2\/categories?post=86324"},{"taxonomy":"post_tag","embeddable":true,"href":"https:\/\/www.manquepierda.com\/historiarealbetis\/wp-json\/wp\/v2\/tags?post=86324"}],"curies":[{"name":"wp","href":"https:\/\/api.w.org\/{rel}","templated":true}]}}