{"id":86341,"date":"2022-10-15T12:00:00","date_gmt":"2022-10-15T10:00:00","guid":{"rendered":"https:\/\/www.manquepierda.com\/historiarealbetis\/?p=86341"},"modified":"2024-09-08T23:01:18","modified_gmt":"2024-09-08T21:01:18","slug":"hoy-hace-25-anos-betis-3-zaragoza-3","status":"publish","type":"post","link":"https:\/\/www.manquepierda.com\/historiarealbetis\/hoy-hace-25-anos-betis-3-zaragoza-3\/","title":{"rendered":"Hoy hace 25 a\u00f1os. Betis 3 Zaragoza 3"},"content":{"rendered":"<div class=\"wp-block-image\">\n<figure class=\"aligncenter size-large\"><img data-recalc-dims=\"1\" loading=\"lazy\" decoding=\"async\" width=\"467\" height=\"700\" src=\"https:\/\/i0.wp.com\/www.manquepierda.com\/historiarealbetis\/files\/2022\/10\/15-1997-Betis-3-Zaragoza-3.jpg?resize=467%2C700&#038;ssl=1\" alt=\"\" class=\"wp-image-86342\" srcset=\"https:\/\/i0.wp.com\/www.manquepierda.com\/historiarealbetis\/files\/2022\/10\/15-1997-Betis-3-Zaragoza-3.jpg?resize=467%2C700&amp;ssl=1 467w, https:\/\/i0.wp.com\/www.manquepierda.com\/historiarealbetis\/files\/2022\/10\/15-1997-Betis-3-Zaragoza-3.jpg?resize=400%2C600&amp;ssl=1 400w, https:\/\/i0.wp.com\/www.manquepierda.com\/historiarealbetis\/files\/2022\/10\/15-1997-Betis-3-Zaragoza-3.jpg?resize=147%2C220&amp;ssl=1 147w, https:\/\/i0.wp.com\/www.manquepierda.com\/historiarealbetis\/files\/2022\/10\/15-1997-Betis-3-Zaragoza-3.jpg?resize=768%2C1152&amp;ssl=1 768w, https:\/\/i0.wp.com\/www.manquepierda.com\/historiarealbetis\/files\/2022\/10\/15-1997-Betis-3-Zaragoza-3.jpg?w=1365&amp;ssl=1 1365w\" sizes=\"auto, (max-width: 467px) 100vw, 467px\" \/><\/figure>\n<\/div>\n\n<p><span style=\"color: #008000\">El 15 de octubre de 1997 en el Villamar\u00edn Betis y Zaragoza empatan a 3 en partido de la jornada 6 del Campeonato de Liga de Primera Divisi\u00f3n.<\/span><\/p>\n<p><span style=\"color: #008000\">Fue Acu\u00f1a quien adelant\u00f3 al equipo aragon\u00e9s en el minuto 18 con un golpe franco. El Betis empat\u00f3 en el 28 con un remate de Oli a centro de Jarni, y remont\u00f3 el partido en el 29 de nuevo Oli a pase de Alfonso. Ya en la segunda parte en el 55 Fernando hizo el tercero tras un centro de Jarni, pero a falta de 15 minutos el Zaragoza empat\u00f3 el partido con un remate de Aguado en el 75 tras un saque de esquina y un remate de Garitano en el 76.<\/span><\/p>\n<p><span style=\"color: #008000\">El Betis, dirigido por Luis Aragon\u00e9s, aline\u00f3 a Prats; Otero (60, Nadj), Soloz\u00e1bal, Ol\u00edas, Merino; Finidi, Alexis (83, Ca\u00f1as), Fernando, Jarni; Oli y Alfonso.<\/span><\/p>\n<p><span style=\"color: #008000\">El Zaragoza, entrenado por Luis Costa, jug\u00f3 con Konrad; Solana, Aguado, Gilmar, Sundgren; Jos\u00e9 Ignacio, Garitano, Acu\u00f1a, Kily Gonzalez; Yordi y Radimov. &nbsp;&nbsp;&nbsp;&nbsp;<\/span><\/p>","protected":false},"excerpt":{"rendered":"<p>El 15 de octubre de 1997 en el Villamar\u00edn Betis y Zaragoza empatan a 3 en partido de la jornada 6 del Campeonato de Liga de Primera Divisi\u00f3n. Fue Acu\u00f1a quien adelant\u00f3 al equipo aragon\u00e9s en el minuto 18 con un golpe franco. El Betis empat\u00f3 en el 28 con un remate de Oli a&#8230;<\/p>\n","protected":false},"author":5,"featured_media":86342,"comment_status":"open","ping_status":"open","sticky":false,"template":"","format":"standard","meta":{"_kad_post_transparent":"","_kad_post_title":"","_kad_post_layout":"","_kad_post_sidebar_id":"","_kad_post_content_style":"","_kad_post_vertical_padding":"","_kad_post_feature":"","_kad_post_feature_position":"","_kad_post_header":false,"_kad_post_footer":false,"_kad_post_classname":"","_jetpack_memberships_contains_paid_content":false,"footnotes":"","jetpack_publicize_message":"","jetpack_publicize_feature_enabled":true,"jetpack_social_post_already_shared":true,"jetpack_social_options":{"image_generator_settings":{"template":"highway","default_image_id":0,"font":"","enabled":false},"version":2}},"categories":[905,14583,1],"tags":[1068,17811,719],"class_list":["post-86341","post","type-post","status-publish","format-standard","has-post-thumbnail","hentry","category-1990-1999","category-efemerides","category-portada","tag-1068","tag-liga-primera-1997-98","tag-real-zaragoza"],"jetpack_publicize_connections":[],"jetpack_featured_media_url":"https:\/\/i0.wp.com\/www.manquepierda.com\/historiarealbetis\/files\/2022\/10\/15-1997-Betis-3-Zaragoza-3.jpg?fit=1365%2C2048&ssl=1","jetpack_sharing_enabled":true,"jetpack_shortlink":"https:\/\/wp.me\/p1ij08-msB","jetpack-related-posts":[],"_links":{"self":[{"href":"https:\/\/www.manquepierda.com\/historiarealbetis\/wp-json\/wp\/v2\/posts\/86341","targetHints":{"allow":["GET"]}}],"collection":[{"href":"https:\/\/www.manquepierda.com\/historiarealbetis\/wp-json\/wp\/v2\/posts"}],"about":[{"href":"https:\/\/www.manquepierda.com\/historiarealbetis\/wp-json\/wp\/v2\/types\/post"}],"author":[{"embeddable":true,"href":"https:\/\/www.manquepierda.com\/historiarealbetis\/wp-json\/wp\/v2\/users\/5"}],"replies":[{"embeddable":true,"href":"https:\/\/www.manquepierda.com\/historiarealbetis\/wp-json\/wp\/v2\/comments?post=86341"}],"version-history":[{"count":2,"href":"https:\/\/www.manquepierda.com\/historiarealbetis\/wp-json\/wp\/v2\/posts\/86341\/revisions"}],"predecessor-version":[{"id":86344,"href":"https:\/\/www.manquepierda.com\/historiarealbetis\/wp-json\/wp\/v2\/posts\/86341\/revisions\/86344"}],"wp:featuredmedia":[{"embeddable":true,"href":"https:\/\/www.manquepierda.com\/historiarealbetis\/wp-json\/wp\/v2\/media\/86342"}],"wp:attachment":[{"href":"https:\/\/www.manquepierda.com\/historiarealbetis\/wp-json\/wp\/v2\/media?parent=86341"}],"wp:term":[{"taxonomy":"category","embeddable":true,"href":"https:\/\/www.manquepierda.com\/historiarealbetis\/wp-json\/wp\/v2\/categories?post=86341"},{"taxonomy":"post_tag","embeddable":true,"href":"https:\/\/www.manquepierda.com\/historiarealbetis\/wp-json\/wp\/v2\/tags?post=86341"}],"curies":[{"name":"wp","href":"https:\/\/api.w.org\/{rel}","templated":true}]}}