{"id":86566,"date":"2022-11-08T12:00:00","date_gmt":"2022-11-08T11:00:00","guid":{"rendered":"https:\/\/www.manquepierda.com\/historiarealbetis\/?p=86566"},"modified":"2022-11-08T13:16:34","modified_gmt":"2022-11-08T12:16:34","slug":"hoy-hace-55-anos-pepe-valera-suple-a-cesar-rodriguez-en-el-banquillo-betico","status":"publish","type":"post","link":"https:\/\/www.manquepierda.com\/historiarealbetis\/hoy-hace-55-anos-pepe-valera-suple-a-cesar-rodriguez-en-el-banquillo-betico\/","title":{"rendered":"Hoy hace 55 a\u00f1os. Pepe Valera suple a C\u00e9sar Rodr\u00edguez en el banquillo b\u00e9tico."},"content":{"rendered":"<div class=\"wp-block-image\">\n<figure class=\"aligncenter size-full\"><img data-recalc-dims=\"1\" loading=\"lazy\" decoding=\"async\" width=\"545\" height=\"354\" src=\"https:\/\/i0.wp.com\/www.manquepierda.com\/historiarealbetis\/files\/2022\/10\/8-Relevo-en-el-Betis.jpg?resize=545%2C354&#038;ssl=1\" alt=\"\" class=\"wp-image-86567\" srcset=\"https:\/\/i0.wp.com\/www.manquepierda.com\/historiarealbetis\/files\/2022\/10\/8-Relevo-en-el-Betis.jpg?w=545&amp;ssl=1 545w, https:\/\/i0.wp.com\/www.manquepierda.com\/historiarealbetis\/files\/2022\/10\/8-Relevo-en-el-Betis.jpg?resize=220%2C143&amp;ssl=1 220w\" sizes=\"auto, (max-width: 545px) 100vw, 545px\" \/><\/figure>\n<\/div>\n\n<p class=\"western\"><span style=\"color: #008000\"><span style=\"font-family: inherit, serif\"><span style=\"font-size: medium\"><span style=\"font-family: Verdana, sans-serif\">El 8 de noviembre de 1967 dimite C\u00e9sar Rodriguez como t\u00e9cnico de la primera plantilla del Real Betis Balompi\u00e9, siendo sustituido en el cargo por Pepe Valera.<\/span>\u00a0<\/span><\/span><\/span><\/p>\n<p><span style=\"color: #008000\">La nota emitida por la directiva b\u00e9tica dec\u00eda lo siguiente:<\/span><\/p>\n<p><span style=\"color: #008000\"><em>En la noche de ayer la Junta Directiva del Real Betis Balompi\u00e9 sostuvo una entrevista, como ha venido siendo habitual, con el t\u00e9cnico don C\u00e9sar Rodr\u00edguez sobre la marcha del equipo y circunstancias que rodean su actual clasificaci\u00f3n. Dicho t\u00e9cnico, con la delicadeza que siempre le ha caracterizado, perfilada a\u00fan m\u00e1s por la ilusi\u00f3n que ha puesto en este caso en la direcci\u00f3n de la plantilla profesional de nuestro Club, para llevarla al \u00e9xito, ha estimado despu\u00e9s del natural cambio de impresiones con los directivos, concluir sus relaciones deportivas con el Real Betis Balompi\u00e9, sin perjuicio de que esas relaciones continuar\u00e1n siempre en el plano de la amistad m\u00e1s entra\u00f1able, a lo que se presta el esp\u00edritu cordial, comprensivo y de gran caballerosidad demostrada por don C\u00e9sar Rodr\u00edguez, mientras ha estado con nosotros y de una manera muy particular en la reuni\u00f3n en que se ha llegado al acuerdo antes referido.<\/em><\/span><\/p>\n<p><span style=\"color: #008000\"><em>Don Jos\u00e9 Valera se har\u00e1 cargo de la responsabilidad de dirigir los entrenamientos y el planteamiento de los partidos, mientras no se tome otra determinaci\u00f3n al respecto.\u00a0\u00a0<\/em><\/span><\/p>","protected":false},"excerpt":{"rendered":"<p>El 8 de noviembre de 1967 dimite C\u00e9sar Rodriguez como t\u00e9cnico de la primera plantilla del Real Betis Balompi\u00e9, siendo sustituido en el cargo por Pepe Valera.\u00a0 La nota emitida por la directiva b\u00e9tica dec\u00eda lo siguiente: En la noche de ayer la Junta Directiva del Real Betis Balompi\u00e9 sostuvo una entrevista, como ha venido&#8230;<\/p>\n","protected":false},"author":5,"featured_media":86567,"comment_status":"open","ping_status":"open","sticky":false,"template":"","format":"standard","meta":{"_kad_post_transparent":"","_kad_post_title":"","_kad_post_layout":"","_kad_post_sidebar_id":"","_kad_post_content_style":"","_kad_post_vertical_padding":"","_kad_post_feature":"","_kad_post_feature_position":"","_kad_post_header":false,"_kad_post_footer":false,"_kad_post_classname":"","_jetpack_memberships_contains_paid_content":false,"footnotes":"","jetpack_publicize_message":"","jetpack_publicize_feature_enabled":true,"jetpack_social_post_already_shared":true,"jetpack_social_options":{"image_generator_settings":{"template":"highway","default_image_id":0,"font":"","enabled":false},"version":2}},"categories":[902,14583,1],"tags":[1247,1390,2020],"class_list":["post-86566","post","type-post","status-publish","format-standard","has-post-thumbnail","hentry","category-1960-1969","category-efemerides","category-portada","tag-1247","tag-cesar-rodriguez","tag-pepe-valera"],"jetpack_publicize_connections":[],"jetpack_featured_media_url":"https:\/\/i0.wp.com\/www.manquepierda.com\/historiarealbetis\/files\/2022\/10\/8-Relevo-en-el-Betis.jpg?fit=545%2C354&ssl=1","jetpack_sharing_enabled":true,"jetpack_shortlink":"https:\/\/wp.me\/p1ij08-mwe","jetpack-related-posts":[],"_links":{"self":[{"href":"https:\/\/www.manquepierda.com\/historiarealbetis\/wp-json\/wp\/v2\/posts\/86566","targetHints":{"allow":["GET"]}}],"collection":[{"href":"https:\/\/www.manquepierda.com\/historiarealbetis\/wp-json\/wp\/v2\/posts"}],"about":[{"href":"https:\/\/www.manquepierda.com\/historiarealbetis\/wp-json\/wp\/v2\/types\/post"}],"author":[{"embeddable":true,"href":"https:\/\/www.manquepierda.com\/historiarealbetis\/wp-json\/wp\/v2\/users\/5"}],"replies":[{"embeddable":true,"href":"https:\/\/www.manquepierda.com\/historiarealbetis\/wp-json\/wp\/v2\/comments?post=86566"}],"version-history":[{"count":3,"href":"https:\/\/www.manquepierda.com\/historiarealbetis\/wp-json\/wp\/v2\/posts\/86566\/revisions"}],"predecessor-version":[{"id":86650,"href":"https:\/\/www.manquepierda.com\/historiarealbetis\/wp-json\/wp\/v2\/posts\/86566\/revisions\/86650"}],"wp:featuredmedia":[{"embeddable":true,"href":"https:\/\/www.manquepierda.com\/historiarealbetis\/wp-json\/wp\/v2\/media\/86567"}],"wp:attachment":[{"href":"https:\/\/www.manquepierda.com\/historiarealbetis\/wp-json\/wp\/v2\/media?parent=86566"}],"wp:term":[{"taxonomy":"category","embeddable":true,"href":"https:\/\/www.manquepierda.com\/historiarealbetis\/wp-json\/wp\/v2\/categories?post=86566"},{"taxonomy":"post_tag","embeddable":true,"href":"https:\/\/www.manquepierda.com\/historiarealbetis\/wp-json\/wp\/v2\/tags?post=86566"}],"curies":[{"name":"wp","href":"https:\/\/api.w.org\/{rel}","templated":true}]}}