{"id":86575,"date":"2022-11-04T09:48:00","date_gmt":"2022-11-04T08:48:00","guid":{"rendered":"https:\/\/www.manquepierda.com\/historiarealbetis\/?p=86575"},"modified":"2024-09-19T00:08:53","modified_gmt":"2024-09-18T22:08:53","slug":"alineacion-betis-sevilla-liga-1983","status":"publish","type":"post","link":"https:\/\/www.manquepierda.com\/historiarealbetis\/alineacion-betis-sevilla-liga-1983\/","title":{"rendered":"Alineaci\u00f3n Betis-Sevilla Liga 1983."},"content":{"rendered":"<div class=\"wp-block-image\">\n<figure class=\"aligncenter size-full\"><img data-recalc-dims=\"1\" loading=\"lazy\" decoding=\"async\" width=\"637\" height=\"406\" src=\"https:\/\/i0.wp.com\/www.manquepierda.com\/historiarealbetis\/files\/2022\/11\/Alineacion-Betis-Sevilla-Liga-1983.jpg?resize=637%2C406&#038;ssl=1\" alt=\"\" class=\"wp-image-86576\" srcset=\"https:\/\/i0.wp.com\/www.manquepierda.com\/historiarealbetis\/files\/2022\/11\/Alineacion-Betis-Sevilla-Liga-1983.jpg?w=637&amp;ssl=1 637w, https:\/\/i0.wp.com\/www.manquepierda.com\/historiarealbetis\/files\/2022\/11\/Alineacion-Betis-Sevilla-Liga-1983.jpg?resize=220%2C140&amp;ssl=1 220w\" sizes=\"auto, (max-width: 637px) 100vw, 637px\" \/><\/figure>\n<\/div>\n\n<p>2 de enero de 1983 en el Villamarin Betis 1 Sevilla 2;&nbsp; jornada 17 del Campeonato de Liga de Primera Divisi\u00f3n.<\/p>\n<p>En la imagen arriba Esnaola, Diego, Canito, Alex, Ortega y Gordillo; abajo Ram\u00f3n, Diarte, Carde\u00f1osa, Rinc\u00f3n y Casado.<\/p>\n<p>Aunque Carde\u00f1osa adelant\u00f3 al Betis en el minuto 6 el Sevilla remonto en la segunda parte con goles de Santi en el 53 y L\u00f3pez en el 60.<\/p>\n<p>Marcel Domingo entrenaba al Betis y Manolo Cardo al Sevilla.&nbsp;&nbsp;<\/p>\n<p><\/p>","protected":false},"excerpt":{"rendered":"<p>2 de enero de 1983 en el Villamarin Betis 1 Sevilla 2;&nbsp; jornada 17 del Campeonato de Liga de Primera Divisi\u00f3n. En la imagen arriba Esnaola, Diego, Canito, Alex, Ortega y Gordillo; abajo Ram\u00f3n, Diarte, Carde\u00f1osa, Rinc\u00f3n y Casado. Aunque Carde\u00f1osa adelant\u00f3 al Betis en el minuto 6 el Sevilla remonto en la segunda parte&#8230;<\/p>\n","protected":false},"author":5,"featured_media":86576,"comment_status":"open","ping_status":"open","sticky":false,"template":"","format":"standard","meta":{"_kad_post_transparent":"","_kad_post_title":"","_kad_post_layout":"","_kad_post_sidebar_id":"","_kad_post_content_style":"","_kad_post_vertical_padding":"","_kad_post_feature":"","_kad_post_feature_position":"","_kad_post_header":false,"_kad_post_footer":false,"_kad_post_classname":"","_jetpack_memberships_contains_paid_content":false,"footnotes":"","jetpack_publicize_message":"","jetpack_publicize_feature_enabled":true,"jetpack_social_post_already_shared":true,"jetpack_social_options":{"image_generator_settings":{"template":"highway","default_image_id":0,"font":"","enabled":false},"version":2}},"categories":[904,1],"tags":[2186,4327,13196,1422,1409,1009,1476,1428,13356,1302,1155,17848,1305,1470,916],"class_list":["post-86575","post","type-post","status-publish","format-standard","has-post-thumbnail","hentry","category-1980-1989","category-portada","tag-1982-83","tag-4327","tag-al-lal-mohand-alex","tag-antolin-ortega","tag-antonio-casado","tag-carlos-diarte","tag-diego-rodriguez","tag-hipolito-rincon","tag-jose-cano-canito","tag-jose-ramon-esnaola","tag-julio-cardenosa","tag-liga-primera-1982-83","tag-rafael-gordillo","tag-ramon-rodriguez","tag-sevilla-fc"],"jetpack_publicize_connections":[],"jetpack_featured_media_url":"https:\/\/i0.wp.com\/www.manquepierda.com\/historiarealbetis\/files\/2022\/11\/Alineacion-Betis-Sevilla-Liga-1983.jpg?fit=637%2C406&ssl=1","jetpack_sharing_enabled":true,"jetpack_shortlink":"https:\/\/wp.me\/p1ij08-mwn","jetpack-related-posts":[],"_links":{"self":[{"href":"https:\/\/www.manquepierda.com\/historiarealbetis\/wp-json\/wp\/v2\/posts\/86575","targetHints":{"allow":["GET"]}}],"collection":[{"href":"https:\/\/www.manquepierda.com\/historiarealbetis\/wp-json\/wp\/v2\/posts"}],"about":[{"href":"https:\/\/www.manquepierda.com\/historiarealbetis\/wp-json\/wp\/v2\/types\/post"}],"author":[{"embeddable":true,"href":"https:\/\/www.manquepierda.com\/historiarealbetis\/wp-json\/wp\/v2\/users\/5"}],"replies":[{"embeddable":true,"href":"https:\/\/www.manquepierda.com\/historiarealbetis\/wp-json\/wp\/v2\/comments?post=86575"}],"version-history":[{"count":2,"href":"https:\/\/www.manquepierda.com\/historiarealbetis\/wp-json\/wp\/v2\/posts\/86575\/revisions"}],"predecessor-version":[{"id":86579,"href":"https:\/\/www.manquepierda.com\/historiarealbetis\/wp-json\/wp\/v2\/posts\/86575\/revisions\/86579"}],"wp:featuredmedia":[{"embeddable":true,"href":"https:\/\/www.manquepierda.com\/historiarealbetis\/wp-json\/wp\/v2\/media\/86576"}],"wp:attachment":[{"href":"https:\/\/www.manquepierda.com\/historiarealbetis\/wp-json\/wp\/v2\/media?parent=86575"}],"wp:term":[{"taxonomy":"category","embeddable":true,"href":"https:\/\/www.manquepierda.com\/historiarealbetis\/wp-json\/wp\/v2\/categories?post=86575"},{"taxonomy":"post_tag","embeddable":true,"href":"https:\/\/www.manquepierda.com\/historiarealbetis\/wp-json\/wp\/v2\/tags?post=86575"}],"curies":[{"name":"wp","href":"https:\/\/api.w.org\/{rel}","templated":true}]}}