{"id":86645,"date":"2022-11-11T09:24:00","date_gmt":"2022-11-11T08:24:00","guid":{"rendered":"https:\/\/www.manquepierda.com\/historiarealbetis\/?p=86645"},"modified":"2022-11-08T07:34:22","modified_gmt":"2022-11-08T06:34:22","slug":"el-bote-betico-en-la-regata-de-1994","status":"publish","type":"post","link":"https:\/\/www.manquepierda.com\/historiarealbetis\/el-bote-betico-en-la-regata-de-1994\/","title":{"rendered":"El bote betico en la regata de 1994"},"content":{"rendered":"<div class=\"wp-block-image\">\n<figure class=\"aligncenter size-large\"><img data-recalc-dims=\"1\" loading=\"lazy\" decoding=\"async\" width=\"918\" height=\"700\" src=\"https:\/\/i0.wp.com\/www.manquepierda.com\/historiarealbetis\/files\/2022\/11\/El-bote-betico-en-la-regata-de-1994-NMP-Diario-16-09-01-1994.jpg?resize=918%2C700&#038;ssl=1\" alt=\"\" class=\"wp-image-86646\" srcset=\"https:\/\/i0.wp.com\/www.manquepierda.com\/historiarealbetis\/files\/2022\/11\/El-bote-betico-en-la-regata-de-1994-NMP-Diario-16-09-01-1994-scaled.jpg?resize=918%2C700&amp;ssl=1 918w, https:\/\/i0.wp.com\/www.manquepierda.com\/historiarealbetis\/files\/2022\/11\/El-bote-betico-en-la-regata-de-1994-NMP-Diario-16-09-01-1994-scaled.jpg?resize=680%2C518&amp;ssl=1 680w, https:\/\/i0.wp.com\/www.manquepierda.com\/historiarealbetis\/files\/2022\/11\/El-bote-betico-en-la-regata-de-1994-NMP-Diario-16-09-01-1994-scaled.jpg?resize=220%2C168&amp;ssl=1 220w, https:\/\/i0.wp.com\/www.manquepierda.com\/historiarealbetis\/files\/2022\/11\/El-bote-betico-en-la-regata-de-1994-NMP-Diario-16-09-01-1994-scaled.jpg?resize=768%2C585&amp;ssl=1 768w\" sizes=\"auto, (max-width: 918px) 100vw, 918px\" \/><\/figure>\n<\/div>\n\n\n\n<p>Imagen de los componentes de la tripulaci\u00f3n del bote b\u00e9tico que particip\u00f3 en la XXVIII edici\u00f3n de la Regata Sevilla-Betis celebrada el 9 de enero de 1994.<\/p>\n<p>La tripulaci\u00f3n estaba formada por \u00c1lvaro Izquierdo (timonel), Jos\u00e9 Manuel Ca\u00f1ete, Roberto Mart\u00ednez, David Cifuentes, Bernardo Chaves, Jos\u00e9 Mar\u00eda Claro, Ra\u00fal Fern\u00e1ndez, Jos\u00e9 Enrique De Vera y Raimundo Piera, siendo Gonzalo Briones el entrenador.<\/p>\n<p>En la imagen les acompa\u00f1an el futbolista y capit\u00e1n del primer equipo del Real Betis Balompi\u00e9 Rafael Gordillo y los consejeros Gregorio Conejo y Juan Luis Aguado.&nbsp;&nbsp;<\/p>","protected":false},"excerpt":{"rendered":"<p>Imagen de los componentes de la tripulaci\u00f3n del bote b\u00e9tico que particip\u00f3 en la XXVIII edici\u00f3n de la Regata Sevilla-Betis celebrada el 9 de enero de 1994. La tripulaci\u00f3n estaba formada por \u00c1lvaro Izquierdo (timonel), Jos\u00e9 Manuel Ca\u00f1ete, Roberto Mart\u00ednez, David Cifuentes, Bernardo Chaves, Jos\u00e9 Mar\u00eda Claro, Ra\u00fal Fern\u00e1ndez, Jos\u00e9 Enrique De Vera y Raimundo&#8230;<\/p>\n","protected":false},"author":5,"featured_media":86646,"comment_status":"open","ping_status":"open","sticky":false,"template":"","format":"standard","meta":{"_kad_post_transparent":"","_kad_post_title":"","_kad_post_layout":"","_kad_post_sidebar_id":"","_kad_post_content_style":"","_kad_post_vertical_padding":"","_kad_post_feature":"","_kad_post_feature_position":"","_kad_post_header":false,"_kad_post_footer":false,"_kad_post_classname":"","_jetpack_memberships_contains_paid_content":false,"footnotes":"","jetpack_publicize_message":"","jetpack_publicize_feature_enabled":true,"jetpack_social_post_already_shared":true,"jetpack_social_options":{"image_generator_settings":{"template":"highway","default_image_id":0,"font":"","enabled":false},"version":2}},"categories":[905,1],"tags":[1540,15991,8703,17388],"class_list":["post-86645","post","type-post","status-publish","format-standard","has-post-thumbnail","hentry","category-1990-1999","category-portada","tag-1540","tag-gregorio-conejo","tag-juan-luis-aguado","tag-regata-sevilla-betis"],"jetpack_publicize_connections":[],"jetpack_featured_media_url":"https:\/\/i0.wp.com\/www.manquepierda.com\/historiarealbetis\/files\/2022\/11\/El-bote-betico-en-la-regata-de-1994-NMP-Diario-16-09-01-1994-scaled.jpg?fit=2560%2C1952&ssl=1","jetpack_sharing_enabled":true,"jetpack_shortlink":"https:\/\/wp.me\/p1ij08-mxv","jetpack-related-posts":[],"_links":{"self":[{"href":"https:\/\/www.manquepierda.com\/historiarealbetis\/wp-json\/wp\/v2\/posts\/86645","targetHints":{"allow":["GET"]}}],"collection":[{"href":"https:\/\/www.manquepierda.com\/historiarealbetis\/wp-json\/wp\/v2\/posts"}],"about":[{"href":"https:\/\/www.manquepierda.com\/historiarealbetis\/wp-json\/wp\/v2\/types\/post"}],"author":[{"embeddable":true,"href":"https:\/\/www.manquepierda.com\/historiarealbetis\/wp-json\/wp\/v2\/users\/5"}],"replies":[{"embeddable":true,"href":"https:\/\/www.manquepierda.com\/historiarealbetis\/wp-json\/wp\/v2\/comments?post=86645"}],"version-history":[{"count":2,"href":"https:\/\/www.manquepierda.com\/historiarealbetis\/wp-json\/wp\/v2\/posts\/86645\/revisions"}],"predecessor-version":[{"id":86649,"href":"https:\/\/www.manquepierda.com\/historiarealbetis\/wp-json\/wp\/v2\/posts\/86645\/revisions\/86649"}],"wp:featuredmedia":[{"embeddable":true,"href":"https:\/\/www.manquepierda.com\/historiarealbetis\/wp-json\/wp\/v2\/media\/86646"}],"wp:attachment":[{"href":"https:\/\/www.manquepierda.com\/historiarealbetis\/wp-json\/wp\/v2\/media?parent=86645"}],"wp:term":[{"taxonomy":"category","embeddable":true,"href":"https:\/\/www.manquepierda.com\/historiarealbetis\/wp-json\/wp\/v2\/categories?post=86645"},{"taxonomy":"post_tag","embeddable":true,"href":"https:\/\/www.manquepierda.com\/historiarealbetis\/wp-json\/wp\/v2\/tags?post=86645"}],"curies":[{"name":"wp","href":"https:\/\/api.w.org\/{rel}","templated":true}]}}