{"id":86667,"date":"2022-11-14T09:10:00","date_gmt":"2022-11-14T08:10:00","guid":{"rendered":"https:\/\/www.manquepierda.com\/historiarealbetis\/?p=86667"},"modified":"2022-11-12T09:26:29","modified_gmt":"2022-11-12T08:26:29","slug":"entrevista-nery-alberto-pumpido-1991","status":"publish","type":"post","link":"https:\/\/www.manquepierda.com\/historiarealbetis\/entrevista-nery-alberto-pumpido-1991\/","title":{"rendered":"Entrevista Nery Alberto Pumpido 1991"},"content":{"rendered":"<div class=\"wp-block-image\">\n<figure class=\"aligncenter size-full\"><img data-recalc-dims=\"1\" loading=\"lazy\" decoding=\"async\" width=\"564\" height=\"408\" src=\"https:\/\/i0.wp.com\/www.manquepierda.com\/historiarealbetis\/files\/2022\/11\/18-Entrevista-Pumpido.jpg?resize=564%2C408&#038;ssl=1\" alt=\"\" class=\"wp-image-86668\" srcset=\"https:\/\/i0.wp.com\/www.manquepierda.com\/historiarealbetis\/files\/2022\/11\/18-Entrevista-Pumpido.jpg?w=564&amp;ssl=1 564w, https:\/\/i0.wp.com\/www.manquepierda.com\/historiarealbetis\/files\/2022\/11\/18-Entrevista-Pumpido.jpg?resize=220%2C159&amp;ssl=1 220w\" sizes=\"auto, (max-width: 564px) 100vw, 564px\" \/><\/figure>\n<\/div>\n\n<p>El guardameta internacional argentino lleg\u00f3 al Betis en 1988 precedido de una enorme y ganada fama. Todo un campe\u00f3n del mundo con Argentina en 1986 que llegaba procedente de River Plate y que durante su estancia en Heli\u00f3polis pas\u00f3 por una etapa m\u00e1s que complicada.<\/p>\n<p>En esta entrevista de mayo de 1991, a cargo del periodista Francisco Jos\u00e9 Ortega en Diario 16 Andaluc\u00eda, en el momento en que dejaba el club tras 3 temporadas, repasa las circunstancias de este trienio, marcado por el descenso de 1989 o la grave lesi\u00f3n, rotura de tibia y peron\u00e9,&nbsp; que sufri\u00f3 en el Mundial de Italia en 1990 que hizo que en su \u00faltima temporada en el Betis no jugase ni un solo minuto. D\u00edas antes de esta entrevista, el Betis homenaje\u00f3 a Pumpido en los proleg\u00f3menos del partido contra el Burgos, cuando recibi\u00f3 una placa de reconocimiento y realiz\u00f3 el saque de honor desde el centro del campo. Tambi\u00e9n se organiz\u00f3 una comida de despedida por parte de toda la plantilla b\u00e9tica .<\/p>\n<p>En la entrevista se alude expresamente a Carlos Pacham\u00e9, el afamado t\u00e9cnico argentino, que ese momento era el elegido para entrenar al Betis en la temporada 1991-92, pero que al final no lo hizo al no cumplir los requisitos exigidos, pues no hab\u00eda dirigido en la Primera Divisi\u00f3n argentina 3 a\u00f1os como entrenador.&nbsp; &nbsp;&nbsp;<\/p>\n<p><span style=\"color: #008000\"><em>La mala suerte de una grave lesi\u00f3n, sufrida en el Mundial de Italia, impidi\u00f3 a Nery Alberto Pumpido, a sus 33 a\u00f1os, cerrar su periplo como jugador del Betis con la brillantez que merec\u00eda su pedigree futbol\u00edstico.<\/em><\/span><\/p>\n<p><em><span style=\"color: #008000\">Ayer, tras tres temporadas en el club, la \u00faltima de ellas sin jugar ning\u00fan partido, el campe\u00f3n del mu<\/span>ndo <span style=\"color: #008000\">argentino abandon\u00f3 Sevilla en busca de nuevas emociones. Antes de marcharse, dej\u00f3 la promesa de volver en el 92, \u201cporque despu\u00e9s de haber sufrido tres a\u00f1os de obras lo merezco\u201d.<\/span><\/em><\/p>\n<p><span style=\"color: #008000\"><em>Nery Alberto Pumpido, despu\u00e9s de varias semanas de ajetreado papeleo y numerosas despedidas, regres\u00f3 ayer a Argentina. Justo despu\u00e9s de despedirse de sus compa\u00f1eros en el Betis, ofrec\u00eda su \u00faltima nota en el estadio Benito Villamar\u00edn.<\/em><\/span><\/p>\n<ul>\n<li><span style=\"color: #008000\"><em>A escasas horas de su regreso a Argentina, \u00bfcu\u00e1les son las principales reflexiones de su periplo espa\u00f1ol?<\/em><\/span><\/li>\n<li><span style=\"color: #008000\"><em>El paso por ac\u00e1 ha sido muy positivo si unimos todas las cosas. Tal vez, en lo deportivo los resultados no han sido lo que se esperaba, pero debemos poner todo en la balanza y considero que va a quedar una buena imagen de m\u00ed<\/em><\/span><\/li>\n<li><span style=\"color: #008000\"><em>No haberse podido despedir con un partido y s\u00ed con un saque de honor, \u00bfes una alegr\u00eda o una frustraci\u00f3n?<\/em><\/span><\/li>\n<li><span style=\"color: #008000\"><em>Me hubiese gustado terminar jugando, pero, bueno, mi despedida tuvo una gran importancia y muy pocos se habr\u00e1n marchado de la forma en que yo lo he hecho. Fue muy lindo.<\/em><\/span><\/li>\n<li><span style=\"color: #008000\"><em>\u00bfC\u00f3mo llega a identificarse tanto con unos colores s\u00f3lo en dos temporadas y media?<\/em><\/span><\/li>\n<li><span style=\"color: #008000\"><em>Porque en todos los sitios donde he ido me he brindado por entero a esos equipos. Siempre me he ido con un reconocimiento general y creo que lo voy a hacer durante toda mi vida. A m\u00ed el f\u00fatbol me encanta, me enloquece y, a pesar de no haber jugado, se ha visto que estaba con mis compa\u00f1eros. La gente se da cuenta de eso, al margen de resultados, y lo sabe reconocer<\/em><\/span><\/li>\n<li><span style=\"color: #008000\"><em>Durante estos a\u00f1os, \u00bfd\u00f3nde estuvo lo blanco y lo negro?<\/em><\/span><\/li>\n<li><span style=\"color: #008000\"><em>Negro total fue el descenso; blanco, muchas cosas, la amistad, lo bien que lo he pasado estos a\u00f1os, el cari\u00f1o que me ha dispensado toda la gente\u2026<\/em><\/span><\/li>\n<li><span style=\"color: #008000\"><em>\u00bfPor qu\u00e9 contest\u00f3 con un no rotundo a la propuesta de Carlos Pacham\u00e9 para seguir en el Betis?<\/em><\/span><\/li>\n<li><span style=\"color: #008000\"><em>Fui muy claro al respecto. Pacham\u00e9 sabe bien cu\u00e1les son mis pensamientos y lo entendi\u00f3 perfectamente. Si hubiera venido otro t\u00e9cnico o la comisi\u00f3n deportiva me hubiera ofrecido la continuidad un mes antes, me habr\u00eda quedado. En este caso no, porque yo conozco lo que es el ambiente del f\u00fatbol y se podr\u00eda haber dicho que me qued\u00e9 porque traje a Pacham\u00e9<\/em><\/span><\/li>\n<li><span style=\"color: #008000\"><em>Para su principal valedor, \u00bfPacham\u00e9 puede ser la soluci\u00f3n a todos los males recientes del Betis en el plano deportivo?<\/em><\/span><\/li>\n<li><span style=\"color: #008000\"><em>Estoy completamente seguro de ello. Por eso me da bastante pena que algunos medios le est\u00e1n atacando sin conocerlo. Primero ve\u00e1nlo trabajar, comparen y despu\u00e9s hablen. Quiere triunfar a toda costa y lo va a demostrar con creces<\/em><\/span><\/li>\n<li><span style=\"color: #008000\"><em>\u00bfEs necesario pasar algo de hambre para llegar a ser figura del f\u00fatbol? \u00bfEl aburguesamiento del futbolista espa\u00f1ol es la causa de todos sus males?<\/em><\/span><\/li>\n<li><span style=\"color: #008000\"><em> Ese es el gran problema en Espa\u00f1a, porque el jugador no ha sufrido para llegar y se siente muy c\u00f3modo en Primera Divisi\u00f3n. El futbolista se acomoda muy r\u00e1pido, no disfruta mucho con el triunfo y no sufre con las derrotas. Eso es muy grave y est\u00e1 pasando ac\u00e1. Si desde chico los futbolistas no se acostumbran a sufrir, despu\u00e9s es imposible cambiarlo. El \u201cchiquito\u201d espa\u00f1ol tiene un excelente campo de f\u00fatbol, buena ropa, est\u00e1 atendido perfectamente y no sufre nunca. Hay demasiada comodidad.<\/em><\/span><\/li>\n<li><span style=\"color: #008000\"><em>Cuando un compatriota suyo con calidad, pongamos que le hablo de Puma Rodr\u00edguez, no triunfa en Espa\u00f1a, \u00bfsiente ganas de tirarle de las orejas?<\/em><\/span><\/li>\n<li><span style=\"color: #008000\"><em>S\u00ed, pero habr\u00eda que matizar algunas cosas. No s\u00e9 si el Betis estar\u00eda en la misma situaci\u00f3n que en la actualidad si hubiera estado el Puma. Independientemente de su comportamiento, en el sentido futbol\u00edstico perdi\u00f3 mucho el Betis<\/em><\/span><\/li>\n<li><span style=\"color: #008000\"><em>Despu\u00e9s de tres a\u00f1os, con qu\u00e9 f\u00fatbol se queda, con el espa\u00f1ol o con el argentino<\/em><\/span><\/li>\n<li><em><span style=\"color: #008000\">Hay muchas cosas importantes en ambos pa\u00edses y ser\u00eda muy largo de analizar. All\u00e1 llega el jugador mucho m\u00e1s joven a Primera Divisi\u00f3n y ac\u00e1 la carrera es demasiado corta, porque a los 30 te dicen que eres viejo. El gran problema del Betis, por citar alg\u00fan equipo, es que no ha tenido gente de experiencia para respaldar a los j\u00f3venes. En Argentina se mezclan las dos cosas. Lo m\u00e1s positivo en Espa\u00f1a es, indudablemente, la parte econ\u00f3mica, puesto que all\u00ed se tiene que esmerar uno m\u00e1s todos los domingos para poder arreglar el contrato al a\u00f1o siguiente. En la parte futbol\u00edstica, el argentino es mucho m\u00e1s dotado t\u00e9cnicamente, entre otras cosas porque aqu\u00ed gusta m\u00e1s que el futbolista corra<\/span> <span style=\"color: #008000\">antes de que juegue<\/span><\/em><\/li>\n<li><span style=\"color: #008000\"><em>\u00bfSe trabaja poco en Espa\u00f1a en el aspecto t\u00e1ctico?<\/em><\/span><\/li>\n<li><span style=\"color: #008000\"><em>Todo se limita a la globalidad del conjunto. No se corrige ning\u00fan defecto de los futbolistas individualmente, Los t\u00e9cnicos de ac\u00e1 nunca hablan con los jugadores uno por uno para motivarlos dentro del campo, ense\u00f1arles cuando se equivoca. En Argentina hab\u00eda veces que entrenaban dos o tres jugadores en solitario y en Espa\u00f1a es imposible. Cantatore, por ejemplo, s\u00ed es un gran motivador<\/em><\/span><\/li>\n<li><span style=\"color: #008000\"><em>\u00bfSe considera capacitado para triunfar ya como entrenador?<\/em><\/span><\/li>\n<li><span style=\"color: #008000\"><em>Puedo mejorar en muchos aspectos cuando tenga un t\u00edtulo, pero nadie me podr\u00e1 ense\u00f1ar la experiencia que tengo dentro de un vestuario para tratar a los jugadores y sacarles el m\u00e1ximo rendimiento. Soy muy observador, me doy cuenta de las cosas r\u00e1pidamente y esto me va a ayudar mucho<\/em><\/span><\/li>\n<li><span style=\"color: #008000\"><em>En varias ocasiones ha comentado que una de las primeras cosas que har\u00e1 al llegar a Argentina ser\u00e1 intentar ayudar a su amigo Diego Armando Maradona. \u00bfC\u00f3mo se explica que su compa\u00f1ero consuma drogas y rodo el montaje en torno a su persona?<\/em><\/span><\/li>\n<li><span style=\"color: #008000\"><em>Es el n\u00famero uno y cualquier cosita relacionada con \u00e9l se agranda mucho m\u00e1s. Todo fue una sorpresa, pero ahora hay que ayudarlo, porque es un hombre y, como tal, puede equivocarse. Diego no ha tenido una vida tranquila y quien conoce c\u00f3mo ha sido su paso desde la nada al todo sabe que tiene que apoyarlo al m\u00e1ximo<\/em><\/span><\/li>\n<li><span style=\"color: #008000\"><em>\u00bfQu\u00e9 parte de culpa tiene el propio Maradona?<\/em><\/span><\/li>\n<li><span style=\"color: #008000\"><em>\u00c9l tiene la m\u00ednima. Es muy dif\u00edcil mantener el equilibrio psicol\u00f3gico cuando se pasa de no ser nadie a convertirse en millonario &nbsp;&nbsp;&nbsp;&nbsp;<\/em><\/span><\/li>\n<\/ul>","protected":false},"excerpt":{"rendered":"<p>El guardameta internacional argentino lleg\u00f3 al Betis en 1988 precedido de una enorme y ganada fama. Todo un campe\u00f3n del mundo con Argentina en 1986 que llegaba procedente de River Plate y que durante su estancia en Heli\u00f3polis pas\u00f3 por una etapa m\u00e1s que complicada. En esta entrevista de mayo de 1991, a cargo del&#8230;<\/p>\n","protected":false},"author":5,"featured_media":86668,"comment_status":"open","ping_status":"open","sticky":false,"template":"","format":"standard","meta":{"_kad_post_transparent":"","_kad_post_title":"","_kad_post_layout":"","_kad_post_sidebar_id":"","_kad_post_content_style":"","_kad_post_vertical_padding":"","_kad_post_feature":"","_kad_post_feature_position":"","_kad_post_header":false,"_kad_post_footer":false,"_kad_post_classname":"","_jetpack_memberships_contains_paid_content":false,"footnotes":"","jetpack_publicize_message":"","jetpack_publicize_feature_enabled":true,"jetpack_social_post_already_shared":true,"jetpack_social_options":{"image_generator_settings":{"template":"highway","default_image_id":0,"font":"","enabled":false},"version":2}},"categories":[905,893,1],"tags":[4570,4649,17250,4128],"class_list":["post-86667","post","type-post","status-publish","format-standard","has-post-thumbnail","hentry","category-1990-1999","category-jugadores-temas","category-portada","tag-1990-91","tag-4649","tag-francisco-jose-ortega","tag-nery-alberto-pumpido"],"jetpack_publicize_connections":[],"jetpack_featured_media_url":"https:\/\/i0.wp.com\/www.manquepierda.com\/historiarealbetis\/files\/2022\/11\/18-Entrevista-Pumpido.jpg?fit=564%2C408&ssl=1","jetpack_sharing_enabled":true,"jetpack_shortlink":"https:\/\/wp.me\/p1ij08-mxR","jetpack-related-posts":[],"_links":{"self":[{"href":"https:\/\/www.manquepierda.com\/historiarealbetis\/wp-json\/wp\/v2\/posts\/86667","targetHints":{"allow":["GET"]}}],"collection":[{"href":"https:\/\/www.manquepierda.com\/historiarealbetis\/wp-json\/wp\/v2\/posts"}],"about":[{"href":"https:\/\/www.manquepierda.com\/historiarealbetis\/wp-json\/wp\/v2\/types\/post"}],"author":[{"embeddable":true,"href":"https:\/\/www.manquepierda.com\/historiarealbetis\/wp-json\/wp\/v2\/users\/5"}],"replies":[{"embeddable":true,"href":"https:\/\/www.manquepierda.com\/historiarealbetis\/wp-json\/wp\/v2\/comments?post=86667"}],"version-history":[{"count":4,"href":"https:\/\/www.manquepierda.com\/historiarealbetis\/wp-json\/wp\/v2\/posts\/86667\/revisions"}],"predecessor-version":[{"id":86673,"href":"https:\/\/www.manquepierda.com\/historiarealbetis\/wp-json\/wp\/v2\/posts\/86667\/revisions\/86673"}],"wp:featuredmedia":[{"embeddable":true,"href":"https:\/\/www.manquepierda.com\/historiarealbetis\/wp-json\/wp\/v2\/media\/86668"}],"wp:attachment":[{"href":"https:\/\/www.manquepierda.com\/historiarealbetis\/wp-json\/wp\/v2\/media?parent=86667"}],"wp:term":[{"taxonomy":"category","embeddable":true,"href":"https:\/\/www.manquepierda.com\/historiarealbetis\/wp-json\/wp\/v2\/categories?post=86667"},{"taxonomy":"post_tag","embeddable":true,"href":"https:\/\/www.manquepierda.com\/historiarealbetis\/wp-json\/wp\/v2\/tags?post=86667"}],"curies":[{"name":"wp","href":"https:\/\/api.w.org\/{rel}","templated":true}]}}