{"id":8669,"date":"2012-07-18T09:35:31","date_gmt":"2012-07-18T08:35:31","guid":{"rendered":"http:\/\/www.manquepierda.com\/historiarealbetis\/?p=8669"},"modified":"2024-09-28T23:42:07","modified_gmt":"2024-09-28T21:42:07","slug":"plantilla-betis-1979","status":"publish","type":"post","link":"https:\/\/www.manquepierda.com\/historiarealbetis\/plantilla-betis-1979\/","title":{"rendered":"Plantilla Betis 1979"},"content":{"rendered":"<figure id=\"attachment_8670\" aria-describedby=\"caption-attachment-8670\" style=\"width: 570px\" class=\"wp-caption aligncenter\"><a class=\"lightbox\" title=\"1979-6-30 Foto Plantilla\" href=\"https:\/\/i0.wp.com\/www.manquepierda.com\/historiarealbetis\/files\/2011\/01\/1979-6-30-Foto-Plantilla.jpg?ssl=1\"><img data-recalc-dims=\"1\" loading=\"lazy\" decoding=\"async\" class=\" wp-image-8670 \" src=\"https:\/\/i0.wp.com\/www.manquepierda.com\/historiarealbetis\/files\/2011\/01\/1979-6-30-Foto-Plantilla.jpg?resize=570%2C801&#038;ssl=1\" alt=\"Fuente: As Color 30 de Junio de 1979\" width=\"570\" height=\"801\" srcset=\"https:\/\/i0.wp.com\/www.manquepierda.com\/historiarealbetis\/files\/2011\/01\/1979-6-30-Foto-Plantilla.jpg?w=1357&amp;ssl=1 1357w, https:\/\/i0.wp.com\/www.manquepierda.com\/historiarealbetis\/files\/2011\/01\/1979-6-30-Foto-Plantilla.jpg?resize=213%2C300&amp;ssl=1 213w, https:\/\/i0.wp.com\/www.manquepierda.com\/historiarealbetis\/files\/2011\/01\/1979-6-30-Foto-Plantilla.jpg?resize=728%2C1024&amp;ssl=1 728w\" sizes=\"auto, (max-width: 570px) 100vw, 570px\" \/><\/a><figcaption id=\"caption-attachment-8670\" class=\"wp-caption-text\">Fuente: As Color 30 de Junio de 1979<\/figcaption><\/figure>\n<p>La plantilla b\u00e9tica posa para As Color una vez conseguido el ascenso a Primera Divisi\u00f3n.<\/p>\n<p>Arriba: el entrenador Le\u00f3n Lasa, Francisco Bizcocho, Jaime Sabat\u00e9, Juan Pozo, Sebasti\u00e1n Alabanda, Hugo Cabezas, Jos\u00e9 Ram\u00f3n Esnaola, Francisco Arana, Alfredo Megido, Gerrie Murhen, Carlos Peruena, Salvados Navarro \u00abSalva\u00bb y Felipe del Valle.<\/p>\n<p>Abajo: Antonio Biosca, Juan Antonio Garc\u00eda Soriano, Antol\u00edn Ortega, Julio Carde\u00f1osa, Manuel Villaba, Antonio Oca\u00f1a, Manuel Campos, Jos\u00e9 Antonio Corrales, Francisco Mar\u00edn, Mario Killer, Antonio Ben\u00edtez, Eduardo Anzarda y Juan Manuel Cobo.<\/p>\n<p>A algunos jugadores en esta imagen no se les aprecia bien por el \u00e1ngulo en que est\u00e1 tomada la fotograf\u00eda, por lo que no les he podido identificar.\u00a0\u00a0 En la plantilla de esa a\u00f1o tambi\u00e9n estaban Javier L\u00f3pez, Rafael Gordillo, Rafael Del Pozo y Jos\u00e9 Antonio Eulate.<\/p>\n","protected":false},"excerpt":{"rendered":"<p>La plantilla b\u00e9tica posa para As Color una vez conseguido el ascenso a Primera Divisi\u00f3n. Arriba: el entrenador Le\u00f3n Lasa, Francisco Bizcocho, Jaime Sabat\u00e9, Juan Pozo, Sebasti\u00e1n Alabanda, Hugo Cabezas, Jos\u00e9 Ram\u00f3n Esnaola, Francisco Arana, Alfredo Megido, Gerrie Murhen, Carlos Peruena, Salvados Navarro \u00abSalva\u00bb y Felipe del Valle. Abajo: Antonio Biosca, Juan Antonio Garc\u00eda Soriano,&#8230;<\/p>\n","protected":false},"author":5,"featured_media":8670,"comment_status":"open","ping_status":"open","sticky":false,"template":"","format":"standard","meta":{"_kad_post_transparent":"","_kad_post_title":"","_kad_post_layout":"","_kad_post_sidebar_id":"","_kad_post_content_style":"","_kad_post_vertical_padding":"","_kad_post_feature":"","_kad_post_feature_position":"","_kad_post_header":false,"_kad_post_footer":false,"_kad_post_classname":"","_jetpack_memberships_contains_paid_content":false,"footnotes":"","jetpack_publicize_message":"","jetpack_publicize_feature_enabled":true,"jetpack_social_post_already_shared":false,"jetpack_social_options":{"image_generator_settings":{"template":"highway","default_image_id":0,"font":"","enabled":false},"version":2}},"categories":[903,1],"tags":[2227,1033,1465,1422,1120,1157,1506,1469,1179,10280,1508,1245,3121,10130,940,1304,1631,1302,1505,1181,1504,1155,1319,1303,4123,1325,1485,1164],"class_list":["post-8669","post","type-post","status-publish","format-standard","has-post-thumbnail","hentry","category-1970-1979","category-portada","tag-1978-79","tag-1033","tag-alfredo-megido","tag-antolin-ortega","tag-antonio-benitez","tag-antonio-biosca","tag-antonio-ocana","tag-carlos-peruena","tag-eduardo-anzarda","tag-felipe-del-valle","tag-francisco-arana","tag-francisco-bizcocho","tag-francisco-marin","tag-gerrie-muhren","tag-hugo-cabezas","tag-jaume-sabate","tag-jose-antonio-corrales","tag-jose-ramon-esnaola","tag-juan-antonio-garcia-soriano","tag-juan-manuel-cobo","tag-juan-pozo","tag-julio-cardenosa","tag-leon-lasa","tag-manuel-campos","tag-manuel-villalba","tag-mario-killer","tag-salvador-navarro-salva","tag-sebastian-alabanda"],"jetpack_publicize_connections":[],"jetpack_featured_media_url":"https:\/\/i0.wp.com\/www.manquepierda.com\/historiarealbetis\/files\/2011\/01\/1979-6-30-Foto-Plantilla.jpg?fit=1357%2C1907&ssl=1","jetpack_sharing_enabled":true,"jetpack_shortlink":"https:\/\/wp.me\/p1ij08-2fP","jetpack-related-posts":[],"_links":{"self":[{"href":"https:\/\/www.manquepierda.com\/historiarealbetis\/wp-json\/wp\/v2\/posts\/8669","targetHints":{"allow":["GET"]}}],"collection":[{"href":"https:\/\/www.manquepierda.com\/historiarealbetis\/wp-json\/wp\/v2\/posts"}],"about":[{"href":"https:\/\/www.manquepierda.com\/historiarealbetis\/wp-json\/wp\/v2\/types\/post"}],"author":[{"embeddable":true,"href":"https:\/\/www.manquepierda.com\/historiarealbetis\/wp-json\/wp\/v2\/users\/5"}],"replies":[{"embeddable":true,"href":"https:\/\/www.manquepierda.com\/historiarealbetis\/wp-json\/wp\/v2\/comments?post=8669"}],"version-history":[{"count":5,"href":"https:\/\/www.manquepierda.com\/historiarealbetis\/wp-json\/wp\/v2\/posts\/8669\/revisions"}],"predecessor-version":[{"id":99819,"href":"https:\/\/www.manquepierda.com\/historiarealbetis\/wp-json\/wp\/v2\/posts\/8669\/revisions\/99819"}],"wp:featuredmedia":[{"embeddable":true,"href":"https:\/\/www.manquepierda.com\/historiarealbetis\/wp-json\/wp\/v2\/media\/8670"}],"wp:attachment":[{"href":"https:\/\/www.manquepierda.com\/historiarealbetis\/wp-json\/wp\/v2\/media?parent=8669"}],"wp:term":[{"taxonomy":"category","embeddable":true,"href":"https:\/\/www.manquepierda.com\/historiarealbetis\/wp-json\/wp\/v2\/categories?post=8669"},{"taxonomy":"post_tag","embeddable":true,"href":"https:\/\/www.manquepierda.com\/historiarealbetis\/wp-json\/wp\/v2\/tags?post=8669"}],"curies":[{"name":"wp","href":"https:\/\/api.w.org\/{rel}","templated":true}]}}