{"id":86838,"date":"2022-11-20T10:34:00","date_gmt":"2022-11-20T09:34:00","guid":{"rendered":"https:\/\/www.manquepierda.com\/historiarealbetis\/?p=86838"},"modified":"2024-08-26T07:36:14","modified_gmt":"2024-08-26T05:36:14","slug":"diezma-bajo-un-ciclope-de-cuarenta-mil-ojos-de-francisco-correal","status":"publish","type":"post","link":"https:\/\/www.manquepierda.com\/historiarealbetis\/diezma-bajo-un-ciclope-de-cuarenta-mil-ojos-de-francisco-correal\/","title":{"rendered":"Diezma, bajo un c\u00edclope de cuarenta mil ojos, de Francisco Correal"},"content":{"rendered":"<div class=\"wp-block-image\">\n<figure class=\"aligncenter size-large\"><img data-recalc-dims=\"1\" loading=\"lazy\" decoding=\"async\" width=\"604\" height=\"700\" src=\"https:\/\/i0.wp.com\/www.manquepierda.com\/historiarealbetis\/files\/2022\/11\/10-Diezma-bajo-un-ciclope-de-cuarenta-mil-ojos-1-de-FC-NMP.jpg?resize=604%2C700&#038;ssl=1\" alt=\"\" class=\"wp-image-86839\" srcset=\"https:\/\/i0.wp.com\/www.manquepierda.com\/historiarealbetis\/files\/2022\/11\/10-Diezma-bajo-un-ciclope-de-cuarenta-mil-ojos-1-de-FC-NMP-scaled.jpg?resize=604%2C700&amp;ssl=1 604w, https:\/\/i0.wp.com\/www.manquepierda.com\/historiarealbetis\/files\/2022\/11\/10-Diezma-bajo-un-ciclope-de-cuarenta-mil-ojos-1-de-FC-NMP-scaled.jpg?resize=517%2C600&amp;ssl=1 517w, https:\/\/i0.wp.com\/www.manquepierda.com\/historiarealbetis\/files\/2022\/11\/10-Diezma-bajo-un-ciclope-de-cuarenta-mil-ojos-1-de-FC-NMP-scaled.jpg?resize=190%2C220&amp;ssl=1 190w, https:\/\/i0.wp.com\/www.manquepierda.com\/historiarealbetis\/files\/2022\/11\/10-Diezma-bajo-un-ciclope-de-cuarenta-mil-ojos-1-de-FC-NMP-scaled.jpg?resize=768%2C890&amp;ssl=1 768w\" sizes=\"auto, (max-width: 604px) 100vw, 604px\" \/><\/figure>\n<\/div>\n\n<p>A finales de diciembre de 1993 el Betis obtuvo la cesi\u00f3n de Javier Yubero, un guardameta procedente de la Real Sociedad. Los porteros con los que el Betis inici\u00f3 esa temporada 1993-94 eran Jos\u00e9 Luis Diezma, quien jugaba su segunda temporada en el Betis tras llegar desde el Extremadura, y Salvador Requena, tambi\u00e9n en su segunda temporada y que hab\u00eda venido desde la Balomp\u00e9dica Linense. Diezma era el claro titular, mientras que Requena era el suplente.<\/p>\n<p>La llegada de Javier Yubero, una joven promesa de 20 a\u00f1os, parec\u00eda que iba a cambiar todo este planteamiento. Este es el sentido del art\u00edculo publicado en Diario 16 Andaluc\u00eda por el periodista Francisco Correal, en su secci\u00f3n Marcaje al hombre, tras el partido disputado en el Villamar\u00edn el 9 de enero de 1994 contra el Burgos.&nbsp;<\/p>\n<p>Finalmente en esta temporada Yubero no desbanc\u00f3 a Diezma, y s\u00f3lo jug\u00f3 1 partido de Liga y 2 de Copa, mientras que Diezma jug\u00f3 todos los dem\u00e1s. Y Salvador Requena abandon\u00f3 el club muy poco tiempo despu\u00e9s, el 16 de enero.&nbsp;&nbsp;<\/p>\n<p><span style=\"color: #008000\"><em>El miedo del portero al penalti, que Peter Handkle convirti\u00f3 en carne de novela y Win Wenders llev\u00f3 al cine, es asunto balad\u00ed si se compara con el miedo del portero a la suplencia. De todos los actores que intervienen en el tito dominical de un partido, ninguna posici\u00f3n tan frustrante como la del portero suplente.<\/em><\/span><\/p>\n<p><span style=\"color: #008000\"><em>El portero suplente termina confundi\u00e9ndose con el paisaje y en no pocas ocasiones se convierte en una suerte de gur\u00fa para el entrenador, en un fijo del banquillo, redenci\u00f3n que conoce casos como el de Monchi con Bilardo o del inefable Mel\u00e9ndez con Javier Clemente. El portero suplente est\u00e1 exento de los relevos t\u00e1cticos, de las claves estrat\u00e9gicas. Su suerte va directamente unida a la desgracia del portero titular. Nadie quiere ser portero suplente, y menos que nadie los porteros suplentes.<\/em><\/span><\/p>\n<p><span style=\"color: #008000\"><em>La llegada de Yubero al Betis ha producido un doble movimiento en la n\u00f3mina de porteros verdiblancos: Jos\u00e9 Luis Diezma sigue de titular con una responsabilidad a\u00f1adida, y Requena empieza a ver los partidos desde la grada en compa\u00f1\u00eda de su esposa. Suplente del suplente, el no va m\u00e1s de la desdicha.<\/em><\/span><\/p>\n<p><span style=\"color: #008000\"><em>Lo parad\u00f3jico es que Diezma, procedente del Extremadura de Almendralejo, s\u00f3lo encaj\u00f3 un gol copero en los \u00faltimos siete partidos. Lo que no han conseguido los delanteros rivales lo han hecho los directivos verdiblancos.<\/em><\/span><\/p>\n<p><span style=\"color: #008000\"><em>La porter\u00eda del Betis, desde que la defendiera el m\u00edtico Esnaola, acaparador de glorias hechas estad\u00edstica, ha transmitido una sensaci\u00f3n de orfandad. En esta responsabilidad en cascada que Fraga convirti\u00f3 en t\u00e9rmino jur\u00eddico cuando se sac\u00f3 de la manga posfranquista la ley de Prensa e Imprenta, el portero es el \u00faltimo responsable, o sea, el primero. El encargado de sacar el bal\u00f3n de la red, el cuerpo del delito.<\/em><\/span><\/p>\n<p><span style=\"color: #008000\"><em>Hac\u00eda bastantes a\u00f1os que no llegaba al Betis un portero con pinta de portero. Premisa que no ten\u00edan experimentos apellidados Barandica, Trujillo o Fern\u00e1ndez. El mismo Pumpido transgred\u00eda esa est\u00e9tica convencional en sus pat\u00e9ticas estiradas.<\/em><\/span><\/p>\n<p><span style=\"color: #008000\"><em>Jos\u00e9 Luis Diezma, licenciado en Ciencias de la Informaci\u00f3n, conoce el latiguillo period\u00edstico que los reporteros utilizan para valorar la actuaci\u00f3n de un portero que apenas ha intervenido en el partido: sin calificar por falta de trabajo. Como si en la Espa\u00f1a de Felipe hubiera ahora tres millones de guardametas haciendo cola en las puertas del INEM.<\/em><\/span><\/p>\n<p><span style=\"color: #008000\"><em>Frente al Burgos, Diezma tuvo poco trabajo, mas no tan poco como para eximirlo de toda calificaci\u00f3n \u201cpor falta de trabajo\u201d. Mucho trabajo psicol\u00f3gico, los noventa minutos m\u00e1s el descuento, con una gigantesca lupa dividida en cuarenta mil ojos escudri\u00f1adores, atentos a la pifia.<\/em><\/span><\/p>\n<p><span style=\"color: #008000\"><em>El primer disparo burgal\u00e9s a puerta no lleg\u00f3 hasta el minuto 19. Ven\u00eda firmado por Cholo, el n\u00f3mada delantero que m\u00e1s veces puso en aprieto a este titular que para muchos ya huele a suplente.<\/em><\/span><\/p>\n<p><span style=\"color: #008000\"><em>Cholo repiti\u00f3 fortuna con ambos pies y estrell\u00f3 un cabezazo en la base del poste derecho, aunque el m\u00e9rito habr\u00eda que repartirlo entre la fortuita madera y las oportunas manos de Diezma. <\/em><\/span><\/p>\n<p><span style=\"color: #008000\"><em>Detuvo un comprometido derechazo de Emilio y no volvi\u00f3 a intervenir hasta que en la segunda parte el fornido Antonio super\u00f3 a los defensas b\u00e9ticos enviando un cabezazo junto al \u00e1ngulo superior izquierda de la porter\u00eda que Diezma desvi\u00f3 a c\u00f3rner.<\/em><\/span><\/p>\n<p><span style=\"color: #008000\"><em>Cuenta a su favor con los resultados, con su particular gol average. A Diezma probablemente le gustar\u00eda saber qu\u00e9 ha visto el Betis en Yubero, si un buen suplente o un discreto titular. <\/em><\/span><\/p>\n<p><span style=\"color: #008000\"><em>Fue recibido con v\u00edtores por los incondicionales del Gol Sur. E injustamente silbado por el resto del grader\u00edo cuando en la segunda parte se deshizo como pudo de una envenenada cesi\u00f3n de Ol\u00edas cuando los paisanos del Cid acariciaban el empate.<\/em><\/span><\/p>\n<p><span style=\"color: #008000\"><em>En esta ciudad se vivi\u00f3 una situaci\u00f3n similar, salvando las distancias y los rublos, cuando el Sevilla contrat\u00f3 tras rocambolescas gestiones a Rinat Dassaev. Coincidi\u00f3 con el mejor momento de forma del entonces portero titular, Fernando Peralta. El compromiso de Javier Azkargorta, el Bigot\u00f3n que ha devuelto las ilusiones al soldadito boliviano, de mantener al malague\u00f1o mientras siguiera rindiendo dur\u00f3 una semana. Yubero no es Dassaev. Bigot\u00edn Kresic tambi\u00e9n conf\u00eda en Diezma. Por ahora. Pero el portero que vino de Almendralejo se tomar\u00e1 cada partido como si enfrente, camuflados entre los delanteros rivales, tuviera a un severo tribunal de oposiciones provisto de prism\u00e1ticos. &nbsp;<\/em><\/span><\/p>","protected":false},"excerpt":{"rendered":"<p>A finales de diciembre de 1993 el Betis obtuvo la cesi\u00f3n de Javier Yubero, un guardameta procedente de la Real Sociedad. Los porteros con los que el Betis inici\u00f3 esa temporada 1993-94 eran Jos\u00e9 Luis Diezma, quien jugaba su segunda temporada en el Betis tras llegar desde el Extremadura, y Salvador Requena, tambi\u00e9n en su&#8230;<\/p>\n","protected":false},"author":5,"featured_media":86839,"comment_status":"open","ping_status":"open","sticky":false,"template":"","format":"standard","meta":{"_kad_post_transparent":"","_kad_post_title":"","_kad_post_layout":"","_kad_post_sidebar_id":"","_kad_post_content_style":"","_kad_post_vertical_padding":"","_kad_post_feature":"","_kad_post_feature_position":"","_kad_post_header":false,"_kad_post_footer":false,"_kad_post_classname":"","_jetpack_memberships_contains_paid_content":false,"footnotes":"","jetpack_publicize_message":"","jetpack_publicize_feature_enabled":true,"jetpack_social_post_already_shared":true,"jetpack_social_options":{"image_generator_settings":{"template":"highway","default_image_id":0,"font":"","enabled":false},"version":2}},"categories":[1,1176],"tags":[5848,1074,17827],"class_list":["post-86838","post","type-post","status-publish","format-standard","has-post-thumbnail","hentry","category-portada","category-relatos-de-futbol","tag-francisco-correal","tag-jose-luis-diezma","tag-liga-segunda-1993-94"],"jetpack_publicize_connections":[],"jetpack_featured_media_url":"https:\/\/i0.wp.com\/www.manquepierda.com\/historiarealbetis\/files\/2022\/11\/10-Diezma-bajo-un-ciclope-de-cuarenta-mil-ojos-1-de-FC-NMP-scaled.jpg?fit=2208%2C2560&ssl=1","jetpack_sharing_enabled":true,"jetpack_shortlink":"https:\/\/wp.me\/p1ij08-mAC","jetpack-related-posts":[],"_links":{"self":[{"href":"https:\/\/www.manquepierda.com\/historiarealbetis\/wp-json\/wp\/v2\/posts\/86838","targetHints":{"allow":["GET"]}}],"collection":[{"href":"https:\/\/www.manquepierda.com\/historiarealbetis\/wp-json\/wp\/v2\/posts"}],"about":[{"href":"https:\/\/www.manquepierda.com\/historiarealbetis\/wp-json\/wp\/v2\/types\/post"}],"author":[{"embeddable":true,"href":"https:\/\/www.manquepierda.com\/historiarealbetis\/wp-json\/wp\/v2\/users\/5"}],"replies":[{"embeddable":true,"href":"https:\/\/www.manquepierda.com\/historiarealbetis\/wp-json\/wp\/v2\/comments?post=86838"}],"version-history":[{"count":4,"href":"https:\/\/www.manquepierda.com\/historiarealbetis\/wp-json\/wp\/v2\/posts\/86838\/revisions"}],"predecessor-version":[{"id":86845,"href":"https:\/\/www.manquepierda.com\/historiarealbetis\/wp-json\/wp\/v2\/posts\/86838\/revisions\/86845"}],"wp:featuredmedia":[{"embeddable":true,"href":"https:\/\/www.manquepierda.com\/historiarealbetis\/wp-json\/wp\/v2\/media\/86839"}],"wp:attachment":[{"href":"https:\/\/www.manquepierda.com\/historiarealbetis\/wp-json\/wp\/v2\/media?parent=86838"}],"wp:term":[{"taxonomy":"category","embeddable":true,"href":"https:\/\/www.manquepierda.com\/historiarealbetis\/wp-json\/wp\/v2\/categories?post=86838"},{"taxonomy":"post_tag","embeddable":true,"href":"https:\/\/www.manquepierda.com\/historiarealbetis\/wp-json\/wp\/v2\/tags?post=86838"}],"curies":[{"name":"wp","href":"https:\/\/api.w.org\/{rel}","templated":true}]}}