{"id":86946,"date":"2022-12-07T12:00:00","date_gmt":"2022-12-07T11:00:00","guid":{"rendered":"https:\/\/www.manquepierda.com\/historiarealbetis\/?p=86946"},"modified":"2024-08-25T17:30:49","modified_gmt":"2024-08-25T15:30:49","slug":"hoy-hace-75-anos-salamanca-2-betis-1","status":"publish","type":"post","link":"https:\/\/www.manquepierda.com\/historiarealbetis\/hoy-hace-75-anos-salamanca-2-betis-1\/","title":{"rendered":"Hoy hace 75 a\u00f1os. Salamanca 2 Betis 1."},"content":{"rendered":"<div class=\"wp-block-image\">\n<figure class=\"aligncenter size-full is-resized\"><img data-recalc-dims=\"1\" loading=\"lazy\" decoding=\"async\" src=\"https:\/\/i0.wp.com\/www.manquepierda.com\/historiarealbetis\/files\/2022\/11\/7-1947-Salamanca-2-Betis-1.jpg?resize=422%2C680&#038;ssl=1\" alt=\"\" class=\"wp-image-86947\" width=\"422\" height=\"680\" srcset=\"https:\/\/i0.wp.com\/www.manquepierda.com\/historiarealbetis\/files\/2022\/11\/7-1947-Salamanca-2-Betis-1.jpg?w=299&amp;ssl=1 299w, https:\/\/i0.wp.com\/www.manquepierda.com\/historiarealbetis\/files\/2022\/11\/7-1947-Salamanca-2-Betis-1.jpg?resize=136%2C220&amp;ssl=1 136w\" sizes=\"auto, (max-width: 422px) 100vw, 422px\" \/><\/figure>\n<\/div>\n\n<p><span style=\"color: #008000\">El 7 de diciembre de 1947 en El Calvario el Salamanca derrota 2-1 al Betis en partido de la jornada 11 del Campeonato de Liga de Tercera Divisi\u00f3n.<\/span><\/p>\n<p><span style=\"color: #008000\">D\u00e1maso en el 8 adelant\u00f3 a los locales, y este mismo jugador hizo el segundo tanto unionista de penalti. En el 30 fue Gelo el autor del gol verdiblanco.<\/span><\/p>\n<p><span style=\"color: #008000\">La UD Salamanca, entrenada por Santiago Losada, form\u00f3 con Manol\u00e9; P\u00e1rraga, Mieza; Foces, Escudero, Guti\u00e9rrez; Nano, Joselito, Acedo, D\u00e1maso y Urr\u00e9.<\/span><\/p>\n<p><span style=\"color: #008000\">El Betis, dirigido por Jos\u00e9 Su\u00e1rez \u201cPeral\u201d, jug\u00f3 con Caller; Cala, Pulido; M\u00e1ximo, Mar\u00edn, Gen\u00e9; Gelo, Pe\u00f1a, Castillo, Cabrera y Saro. &nbsp;<\/span><\/p>","protected":false},"excerpt":{"rendered":"<p>El 7 de diciembre de 1947 en El Calvario el Salamanca derrota 2-1 al Betis en partido de la jornada 11 del Campeonato de Liga de Tercera Divisi\u00f3n. D\u00e1maso en el 8 adelant\u00f3 a los locales, y este mismo jugador hizo el segundo tanto unionista de penalti. En el 30 fue Gelo el autor del&#8230;<\/p>\n","protected":false},"author":5,"featured_media":86947,"comment_status":"open","ping_status":"open","sticky":false,"template":"","format":"standard","meta":{"_kad_post_transparent":"","_kad_post_title":"","_kad_post_layout":"","_kad_post_sidebar_id":"","_kad_post_content_style":"","_kad_post_vertical_padding":"","_kad_post_feature":"","_kad_post_feature_position":"","_kad_post_header":false,"_kad_post_footer":false,"_kad_post_classname":"","_jetpack_memberships_contains_paid_content":false,"footnotes":"","jetpack_publicize_message":"","jetpack_publicize_feature_enabled":true,"jetpack_social_post_already_shared":true,"jetpack_social_options":{"image_generator_settings":{"template":"highway","default_image_id":0,"font":"","enabled":false},"version":2}},"categories":[900,14583,1],"tags":[52,10150,17781,829],"class_list":["post-86946","post","type-post","status-publish","format-standard","has-post-thumbnail","hentry","category-1940-1949","category-efemerides","category-portada","tag-52","tag-1947-48","tag-liga-tercera-1947-48","tag-ud-salamanca"],"jetpack_publicize_connections":[],"jetpack_featured_media_url":"https:\/\/i0.wp.com\/www.manquepierda.com\/historiarealbetis\/files\/2022\/11\/7-1947-Salamanca-2-Betis-1.jpg?fit=299%2C482&ssl=1","jetpack_sharing_enabled":true,"jetpack_shortlink":"https:\/\/wp.me\/p1ij08-mCm","jetpack-related-posts":[],"_links":{"self":[{"href":"https:\/\/www.manquepierda.com\/historiarealbetis\/wp-json\/wp\/v2\/posts\/86946","targetHints":{"allow":["GET"]}}],"collection":[{"href":"https:\/\/www.manquepierda.com\/historiarealbetis\/wp-json\/wp\/v2\/posts"}],"about":[{"href":"https:\/\/www.manquepierda.com\/historiarealbetis\/wp-json\/wp\/v2\/types\/post"}],"author":[{"embeddable":true,"href":"https:\/\/www.manquepierda.com\/historiarealbetis\/wp-json\/wp\/v2\/users\/5"}],"replies":[{"embeddable":true,"href":"https:\/\/www.manquepierda.com\/historiarealbetis\/wp-json\/wp\/v2\/comments?post=86946"}],"version-history":[{"count":2,"href":"https:\/\/www.manquepierda.com\/historiarealbetis\/wp-json\/wp\/v2\/posts\/86946\/revisions"}],"predecessor-version":[{"id":86949,"href":"https:\/\/www.manquepierda.com\/historiarealbetis\/wp-json\/wp\/v2\/posts\/86946\/revisions\/86949"}],"wp:featuredmedia":[{"embeddable":true,"href":"https:\/\/www.manquepierda.com\/historiarealbetis\/wp-json\/wp\/v2\/media\/86947"}],"wp:attachment":[{"href":"https:\/\/www.manquepierda.com\/historiarealbetis\/wp-json\/wp\/v2\/media?parent=86946"}],"wp:term":[{"taxonomy":"category","embeddable":true,"href":"https:\/\/www.manquepierda.com\/historiarealbetis\/wp-json\/wp\/v2\/categories?post=86946"},{"taxonomy":"post_tag","embeddable":true,"href":"https:\/\/www.manquepierda.com\/historiarealbetis\/wp-json\/wp\/v2\/tags?post=86946"}],"curies":[{"name":"wp","href":"https:\/\/api.w.org\/{rel}","templated":true}]}}