{"id":87004,"date":"2022-12-08T12:00:00","date_gmt":"2022-12-08T11:00:00","guid":{"rendered":"https:\/\/www.manquepierda.com\/historiarealbetis\/?p=87004"},"modified":"2024-08-17T09:41:35","modified_gmt":"2024-08-17T07:41:35","slug":"hoy-hace-20-anos-espanyol-2-betis-4","status":"publish","type":"post","link":"https:\/\/www.manquepierda.com\/historiarealbetis\/hoy-hace-20-anos-espanyol-2-betis-4\/","title":{"rendered":"Hoy hace 20 a\u00f1os. Espanyol 2 Betis 4."},"content":{"rendered":"<div class=\"wp-block-image\">\n<figure class=\"aligncenter size-full\"><img data-recalc-dims=\"1\" loading=\"lazy\" decoding=\"async\" width=\"585\" height=\"424\" src=\"https:\/\/i0.wp.com\/www.manquepierda.com\/historiarealbetis\/files\/2022\/12\/8-2002-Espanol-2-Betis-4.jpg?resize=585%2C424&#038;ssl=1\" alt=\"\" class=\"wp-image-87005\" srcset=\"https:\/\/i0.wp.com\/www.manquepierda.com\/historiarealbetis\/files\/2022\/12\/8-2002-Espanol-2-Betis-4.jpg?w=585&amp;ssl=1 585w, https:\/\/i0.wp.com\/www.manquepierda.com\/historiarealbetis\/files\/2022\/12\/8-2002-Espanol-2-Betis-4.jpg?resize=220%2C159&amp;ssl=1 220w\" sizes=\"auto, (max-width: 585px) 100vw, 585px\" \/><\/figure>\n<\/div>\n\n<p><span style=\"color: #008000\">El 8 de diciembre de 2002 el Betis vence 2-4 al Espanyol en Montjuic en partido de la jornada 13 del Campeonato de Liga de Primera Divisi\u00f3n.<\/span><\/p>\n<p><span style=\"color: #008000\">Capi marc\u00f3 el 0-1 en el minuto 12 a pase de Fernando, y en el 20 Fernando de cabeza hizo el 0-2 tras una falta lanzada por Assun\u00e7ao. Una reacci\u00f3n local en la segunda parte llev\u00f3 al empate, con goles de Roger en el 62 tras un rechace de Prats, y de Milosevic en el 70, tras burlar a Rivas y picar el bal\u00f3n en la salida de Prats.<\/span><\/p>\n<p><span style=\"color: #008000\">El Betis reacci\u00f3no con prontitud y en el 72 Fernando hizo el 2-3 y de nuevo Fernando en el 85 marc\u00f3 el 2-4 definitivo.<\/span><\/p>\n<p><span style=\"color: #008000\">El Espanyol, dirigido por Ram\u00f3n Moya, aline\u00f3 a Argens\u00f3; Bertr\u00e1n, Domoraud, Soldevilla, David Garc\u00eda; Morales, Alex (74, De la Pe\u00f1a), Crusat (31, Roger), Posse; Maxi y Tamudo (52, Milosevic).<\/span><\/p>\n<p><span style=\"color: #008000\">El Betis, entrenado por V\u00edctor Fern\u00e1ndez, jug\u00f3 con Prats; Varela, Juanito (64, Rivas), Filipescu, Luis Fern\u00e1ndez; Assun\u00e7ao, Arzu; Joaqu\u00edn, Fernando, Capi (69, Denilson); y Alfonso (80, Ito).<\/span> \u00a0\u00a0<\/p>","protected":false},"excerpt":{"rendered":"<p>El 8 de diciembre de 2002 el Betis vence 2-4 al Espanyol en Montjuic en partido de la jornada 13 del Campeonato de Liga de Primera Divisi\u00f3n. Capi marc\u00f3 el 0-1 en el minuto 12 a pase de Fernando, y en el 20 Fernando de cabeza hizo el 0-2 tras una falta lanzada por Assun\u00e7ao&#8230;.<\/p>\n","protected":false},"author":5,"featured_media":87005,"comment_status":"open","ping_status":"open","sticky":false,"template":"","format":"standard","meta":{"_kad_post_transparent":"","_kad_post_title":"","_kad_post_layout":"","_kad_post_sidebar_id":"","_kad_post_content_style":"","_kad_post_vertical_padding":"","_kad_post_feature":"","_kad_post_feature_position":"","_kad_post_header":false,"_kad_post_footer":false,"_kad_post_classname":"","_jetpack_memberships_contains_paid_content":false,"footnotes":"","jetpack_publicize_message":"","jetpack_publicize_feature_enabled":true,"jetpack_social_post_already_shared":true,"jetpack_social_options":{"image_generator_settings":{"template":"highway","default_image_id":0,"font":"","enabled":false},"version":2}},"categories":[4823,14583,1],"tags":[4824,17930,711],"class_list":["post-87004","post","type-post","status-publish","format-standard","has-post-thumbnail","hentry","category-2000-2009","category-efemerides","category-portada","tag-4824","tag-liga-primera-2002-03","tag-rcd-espanyol"],"jetpack_publicize_connections":[],"jetpack_featured_media_url":"https:\/\/i0.wp.com\/www.manquepierda.com\/historiarealbetis\/files\/2022\/12\/8-2002-Espanol-2-Betis-4.jpg?fit=585%2C424&ssl=1","jetpack_sharing_enabled":true,"jetpack_shortlink":"https:\/\/wp.me\/p1ij08-mDi","jetpack-related-posts":[],"_links":{"self":[{"href":"https:\/\/www.manquepierda.com\/historiarealbetis\/wp-json\/wp\/v2\/posts\/87004","targetHints":{"allow":["GET"]}}],"collection":[{"href":"https:\/\/www.manquepierda.com\/historiarealbetis\/wp-json\/wp\/v2\/posts"}],"about":[{"href":"https:\/\/www.manquepierda.com\/historiarealbetis\/wp-json\/wp\/v2\/types\/post"}],"author":[{"embeddable":true,"href":"https:\/\/www.manquepierda.com\/historiarealbetis\/wp-json\/wp\/v2\/users\/5"}],"replies":[{"embeddable":true,"href":"https:\/\/www.manquepierda.com\/historiarealbetis\/wp-json\/wp\/v2\/comments?post=87004"}],"version-history":[{"count":3,"href":"https:\/\/www.manquepierda.com\/historiarealbetis\/wp-json\/wp\/v2\/posts\/87004\/revisions"}],"predecessor-version":[{"id":96935,"href":"https:\/\/www.manquepierda.com\/historiarealbetis\/wp-json\/wp\/v2\/posts\/87004\/revisions\/96935"}],"wp:featuredmedia":[{"embeddable":true,"href":"https:\/\/www.manquepierda.com\/historiarealbetis\/wp-json\/wp\/v2\/media\/87005"}],"wp:attachment":[{"href":"https:\/\/www.manquepierda.com\/historiarealbetis\/wp-json\/wp\/v2\/media?parent=87004"}],"wp:term":[{"taxonomy":"category","embeddable":true,"href":"https:\/\/www.manquepierda.com\/historiarealbetis\/wp-json\/wp\/v2\/categories?post=87004"},{"taxonomy":"post_tag","embeddable":true,"href":"https:\/\/www.manquepierda.com\/historiarealbetis\/wp-json\/wp\/v2\/tags?post=87004"}],"curies":[{"name":"wp","href":"https:\/\/api.w.org\/{rel}","templated":true}]}}