{"id":87008,"date":"2022-12-09T12:00:00","date_gmt":"2022-12-09T11:00:00","guid":{"rendered":"https:\/\/www.manquepierda.com\/historiarealbetis\/?p=87008"},"modified":"2024-08-14T16:51:11","modified_gmt":"2024-08-14T14:51:11","slug":"hoy-hace-60-anos-debut-de-ernesto-pons","status":"publish","type":"post","link":"https:\/\/www.manquepierda.com\/historiarealbetis\/hoy-hace-60-anos-debut-de-ernesto-pons\/","title":{"rendered":"Hoy hace 60 a\u00f1os. Debut de Ernesto Pons."},"content":{"rendered":"<div class=\"wp-block-image\">\n<figure class=\"aligncenter size-full\"><img data-recalc-dims=\"1\" loading=\"lazy\" decoding=\"async\" width=\"497\" height=\"680\" src=\"https:\/\/i0.wp.com\/www.manquepierda.com\/historiarealbetis\/files\/2022\/12\/9-1962-Debut-de-Ernesto-Pons.jpg?resize=497%2C680&#038;ssl=1\" alt=\"\" class=\"wp-image-87009\" srcset=\"https:\/\/i0.wp.com\/www.manquepierda.com\/historiarealbetis\/files\/2022\/12\/9-1962-Debut-de-Ernesto-Pons.jpg?w=497&amp;ssl=1 497w, https:\/\/i0.wp.com\/www.manquepierda.com\/historiarealbetis\/files\/2022\/12\/9-1962-Debut-de-Ernesto-Pons.jpg?resize=439%2C600&amp;ssl=1 439w, https:\/\/i0.wp.com\/www.manquepierda.com\/historiarealbetis\/files\/2022\/12\/9-1962-Debut-de-Ernesto-Pons.jpg?resize=161%2C220&amp;ssl=1 161w\" sizes=\"auto, (max-width: 497px) 100vw, 497px\" \/><\/figure>\n<\/div>\n\n<p><span style=\"color: #008000\">El 9 de diciembre de 1962 debuta en el banquillo del Real Betis Balompi\u00e9 Ernesto Pons Forn, en sustituci\u00f3n de Fernando Daucik.<\/span><\/p>\n<p><span style=\"color: #008000\">Ernesto Pons, con 42 a\u00f1os, hab\u00eda sido t\u00e9cnico ya del Deportivo, Orense, Espanyol y Sabadell, y lleg\u00f3 en sustituci\u00f3n de Daucik, al cual el club oficialmente concedi\u00f3 vacaciones.<\/span><\/p>\n<p><span style=\"color: #008000\">Pons cogi\u00f3 al equipo en la posici\u00f3n 12 de la tabla liguera, y tras 20 partidos, con 9 victorias, 3 empates y 8 derrotas, lo clasific\u00f3 en la posici\u00f3n n\u00famero 9. En la Copa alcanz\u00f3 los cuartos de final, eliminando a Las Palmas y Sevilla, cayendo ante el Real Madrid en un partido de desempate.<\/span><\/p>\n<p><span style=\"color: #008000\">Esta fue la primera ocasi\u00f3n de las 3 en las que Pons dirigi\u00f3 al primer equipo verdiblanco.<\/span><\/p>","protected":false},"excerpt":{"rendered":"<p>El 9 de diciembre de 1962 debuta en el banquillo del Real Betis Balompi\u00e9 Ernesto Pons Forn, en sustituci\u00f3n de Fernando Daucik. Ernesto Pons, con 42 a\u00f1os, hab\u00eda sido t\u00e9cnico ya del Deportivo, Orense, Espanyol y Sabadell, y lleg\u00f3 en sustituci\u00f3n de Daucik, al cual el club oficialmente concedi\u00f3 vacaciones. Pons cogi\u00f3 al equipo en&#8230;<\/p>\n","protected":false},"author":5,"featured_media":87009,"comment_status":"open","ping_status":"open","sticky":false,"template":"","format":"standard","meta":{"_kad_post_transparent":"","_kad_post_title":"","_kad_post_layout":"","_kad_post_sidebar_id":"","_kad_post_content_style":"","_kad_post_vertical_padding":"","_kad_post_feature":"","_kad_post_feature_position":"","_kad_post_header":false,"_kad_post_footer":false,"_kad_post_classname":"","_jetpack_memberships_contains_paid_content":false,"footnotes":"","jetpack_publicize_message":"","jetpack_publicize_feature_enabled":true,"jetpack_social_post_already_shared":true,"jetpack_social_options":{"image_generator_settings":{"template":"highway","default_image_id":0,"font":"","enabled":false},"version":2}},"categories":[902,14583,1],"tags":[5369,8185,17839],"class_list":["post-87008","post","type-post","status-publish","format-standard","has-post-thumbnail","hentry","category-1960-1969","category-efemerides","category-portada","tag-5369","tag-ernesto-pons","tag-liga-primera-1962-63"],"jetpack_publicize_connections":[],"jetpack_featured_media_url":"https:\/\/i0.wp.com\/www.manquepierda.com\/historiarealbetis\/files\/2022\/12\/9-1962-Debut-de-Ernesto-Pons.jpg?fit=497%2C680&ssl=1","jetpack_sharing_enabled":true,"jetpack_shortlink":"https:\/\/wp.me\/p1ij08-mDm","jetpack-related-posts":[],"_links":{"self":[{"href":"https:\/\/www.manquepierda.com\/historiarealbetis\/wp-json\/wp\/v2\/posts\/87008","targetHints":{"allow":["GET"]}}],"collection":[{"href":"https:\/\/www.manquepierda.com\/historiarealbetis\/wp-json\/wp\/v2\/posts"}],"about":[{"href":"https:\/\/www.manquepierda.com\/historiarealbetis\/wp-json\/wp\/v2\/types\/post"}],"author":[{"embeddable":true,"href":"https:\/\/www.manquepierda.com\/historiarealbetis\/wp-json\/wp\/v2\/users\/5"}],"replies":[{"embeddable":true,"href":"https:\/\/www.manquepierda.com\/historiarealbetis\/wp-json\/wp\/v2\/comments?post=87008"}],"version-history":[{"count":1,"href":"https:\/\/www.manquepierda.com\/historiarealbetis\/wp-json\/wp\/v2\/posts\/87008\/revisions"}],"predecessor-version":[{"id":87010,"href":"https:\/\/www.manquepierda.com\/historiarealbetis\/wp-json\/wp\/v2\/posts\/87008\/revisions\/87010"}],"wp:featuredmedia":[{"embeddable":true,"href":"https:\/\/www.manquepierda.com\/historiarealbetis\/wp-json\/wp\/v2\/media\/87009"}],"wp:attachment":[{"href":"https:\/\/www.manquepierda.com\/historiarealbetis\/wp-json\/wp\/v2\/media?parent=87008"}],"wp:term":[{"taxonomy":"category","embeddable":true,"href":"https:\/\/www.manquepierda.com\/historiarealbetis\/wp-json\/wp\/v2\/categories?post=87008"},{"taxonomy":"post_tag","embeddable":true,"href":"https:\/\/www.manquepierda.com\/historiarealbetis\/wp-json\/wp\/v2\/tags?post=87008"}],"curies":[{"name":"wp","href":"https:\/\/api.w.org\/{rel}","templated":true}]}}