{"id":87012,"date":"2022-12-08T09:20:00","date_gmt":"2022-12-08T08:20:00","guid":{"rendered":"https:\/\/www.manquepierda.com\/historiarealbetis\/?p=87012"},"modified":"2022-12-05T17:37:22","modified_gmt":"2022-12-05T16:37:22","slug":"del-ole-al-laboratorio","status":"publish","type":"post","link":"https:\/\/www.manquepierda.com\/historiarealbetis\/del-ole-al-laboratorio\/","title":{"rendered":"Del ol\u00e9 al laboratorio"},"content":{"rendered":"<div class=\"wp-block-image\">\n<figure class=\"aligncenter size-full\"><img data-recalc-dims=\"1\" loading=\"lazy\" decoding=\"async\" width=\"582\" height=\"611\" src=\"https:\/\/i0.wp.com\/www.manquepierda.com\/historiarealbetis\/files\/2022\/12\/Del-ole-al-laboratorio-NMP-MD-30-11-2006.jpg?resize=582%2C611&#038;ssl=1\" alt=\"\" class=\"wp-image-87013\" srcset=\"https:\/\/i0.wp.com\/www.manquepierda.com\/historiarealbetis\/files\/2022\/12\/Del-ole-al-laboratorio-NMP-MD-30-11-2006.jpg?w=582&amp;ssl=1 582w, https:\/\/i0.wp.com\/www.manquepierda.com\/historiarealbetis\/files\/2022\/12\/Del-ole-al-laboratorio-NMP-MD-30-11-2006.jpg?resize=572%2C600&amp;ssl=1 572w, https:\/\/i0.wp.com\/www.manquepierda.com\/historiarealbetis\/files\/2022\/12\/Del-ole-al-laboratorio-NMP-MD-30-11-2006.jpg?resize=210%2C220&amp;ssl=1 210w\" sizes=\"auto, (max-width: 582px) 100vw, 582px\" \/><\/figure>\n<\/div>\n\n<p>La magn\u00edfica generaci\u00f3n de canteranos que llegaron al primer equipo del Real Betis Balompi\u00e9 en los primeros a\u00f1os del siglo XXI llam\u00f3 la atenci\u00f3n entre los medios informativos de otras partes. Como ejemplo de ello traemos este reportaje publicado en la edici\u00f3n vizca\u00edna de Mundo Deportivo a finales de noviembre de 2002, en las v\u00edsperas de una visita del Athletic a Heli\u00f3polis.<\/p>\n<p>El reportaje gira en torno a la persona de Luis Del Sol, entonces secretario t\u00e9cnico verdiblanco desde 1997, pero que hab\u00eda tenido hace poco un importante papel como entrenador de la primera plantilla en la campa\u00f1a 2000-01. Del Sol opina sobre los m\u00e9todos de trabajo de la cantera b\u00e9tica y nos da una perspectiva de las pautas que hab\u00edan convertido entonces al Betis como todo un referente en cuanto al tratamiento de las cantera.<\/p>\n<p><em><span style=\"color: #008000\">\u00bfCu\u00e1l es el secreto del Betis? \u00bfQu\u00e9 p\u00f3cima tiene Luis Del Sol para que ocho chavales de su cantera brillen con las estrellas de Primera? Joaqu\u00edn es el nuevo Figo; Capi ya es un internacional con may\u00fasculas; Juanito y Rivas apuntan a convertirse en el d\u00fao de centrales impenetrables que busca S\u00e1ez; Varela ha marcado desde el lateral derecho el golazo de la Liga y tambi\u00e9n ha sido reclamado por la absoluta; Arzu juega en la sub-21, pega duro y ha metido un par de tantos; su delantero Dani, verdugo del Athletic la temporada anterior y una de las revelaciones del campeonato con cinco golitos en medio a\u00f1o, se recupera de una grave lesi\u00f3n y Melli, campe\u00f3n de Europa sub-16 y sub-19, ya ha debutado con 18 a\u00f1os en el primer equipo.<\/span><\/em><\/p>\n<p><span style=\"color: #008000\"><em>Del Sol, uno de los mejores futbolistas de todos los tiempos, no guarda los secretos en su caj\u00f3n. Est\u00e1 radiante por ver triunfar a los j\u00f3venes de la regi\u00f3n. Trabajaba hace seis temporadas como ojeador de la Juventus, pero le llam\u00f3 el Betis, le toc\u00f3 el coraz\u00f3n y se subi\u00f3 al carro. Fue el art\u00edfice del regreso a Primera hace un par de campa\u00f1as desde el mismo banquillo. Sustituy\u00f3 a Fernando V\u00e1zquez a falta de trece jornadas, gan\u00f3 ocho partidos y s\u00f3lo perdi\u00f3 tres. Sali\u00f3 a hombros del terreno de juego de La Victoria, en Ja\u00e9n, en la \u00faltima jornada, en la que se certific\u00f3 que el Sevilla no subir\u00eda solo a Primera. Manuel Ruiz de Lopera le devolvi\u00f3 a la secretar\u00eda t\u00e9cnica, que comparte con ex jugadores del club de distintas \u00e9pocas como Reyes, Ben\u00edtez, Bizcocho, Momparlet y Casado, y continu\u00f3 con la filosof\u00eda de asentar una base s\u00f3lida de canteranos de nivel con doble objetivo, aumentar el patrimonio del club con sus futbolistas y ahorrar dinero para invertir en estrellas for\u00e1neas o nacionales.<\/em><\/span><\/p>\n<p><span style=\"color: #008000\"><em>Le importa bien poco hablar de situaciones personales, de la esperanza que tiene en un jugador llamado Est\u00e9vez que ya ha intervenido hasta en cinco goles en su cesi\u00f3n al Getafe, de los cercos estrechos a los tambi\u00e9n prestados Vicente (Badajoz) y Ben\u00edtez (Almer\u00eda)\u2026Y entonces abre uno de los puntos claros del \u00e9xito del Betis: su pol\u00edtica de cesiones. Juanito (Recreativo), Capi (Granada), Varela (Extremadura), Arzu (C\u00f3rdoba) y Melli (Polideportivo Ejido) se tuvieron que ganar su regreso al abrigo del club verdiblanco fuera de las comodidades de \u201cestar en casa\u201d.<\/em><\/span><\/p>\n<p><span style=\"color: #008000\"><em>\u201cCuando un jugador en el que tenemos esperanzas lleva un par de a\u00f1os en el filial y vemos que no rompe, debe salir fuera para encontrarse con las dificultades de la vida real. Con la familia, los padres y los amigos encima, llega un momento en que se hacen c\u00f3modos, que lo creen tener todo hecho. Les viene bien ver el f\u00fatbol de otra manera. Eso s\u00ed, siempre haci\u00e9ndoles un sentimiento fuerte\u201d.<\/em><\/span><\/p>\n<p><span style=\"color: #008000\"><em>Es la forma de entender el f\u00fatbol del Betis, que l\u00f3gicamente no ha utilizado esa t\u00e1ctica con jugadores que piden paso inmediato desde el filial, como han sido Rivas, Joaqu\u00edn y Dani. Sin embargo, reconoce que \u201clas lesiones de la primera plantilla o las expulsiones tambi\u00e9n pueden ayudan a darles un empujoncito\u201d, en algunos casos cuando el propio club no consideraba al jugador formado del todo para la alta competici\u00f3n.<\/em><\/span><\/p>\n<p><span style=\"color: #008000\"><em>Otro de los puntos que le sugiere Mundo Deportivo a este sabio del f\u00fatbol es la fractura en dos de este grupo de canteranos. Cinco son sevillanos (tres curiosamente de Dos Hermanas) y el resto de la provincia de C\u00e1diz. \u00bfQu\u00e9 tienen la tierra de Juanito, Joaqu\u00edn, Melli y hasta el veterano Ca\u00f1as? \u00bfQui\u00e9n trabaja de verdiblanco para obtener tanto rendimiento en suelo gaditano? Hay un nombre y un apellido: Pedro Pajuelo. Pero no son sus ojos los \u00fanicos que ayudan al Betis en la distancia. Del Sol sorprende: \u201cSon nuestros simpatizantes los que nos avisan, los que nos dicen: \u201cHay aqu\u00ed un chaval que se sale, ficharle\u201d. Y nosotros vamos y le vemos\u201d.<\/em><\/span><\/p>\n<p><span style=\"color: #008000\"><em>Mundo Deportivo le pregunta: \u00bfLleg\u00f3 as\u00ed Joaqu\u00edn? El secretario t\u00e9cnico verdiblanco prefiere callarse la respuesta. Lo cierto es que el Sevilla no pesca en ese r\u00edo. Y el Betis se f\u00eda tanto en el resultado que le ofrece la fidelidad a sus colores de sus muchos seguidores que ni siquiera cuenta con ojeadores en todas las provincias andaluzas.<\/em><\/span><\/p>\n<p><span style=\"color: #008000\"><em>Luis Del Sol no quiere olvidarse de sus t\u00e9cnicos: \u201cHay que dar mucho m\u00e9rito a los entrenadores de los escalafones inferiores\u2014tienen un filial, tres juveniles, dos cadetes, dos infantiles, un alev\u00edn y varios equipos de F\u00fatbol-7\u2014que han trabajado bajo nuestra supervisi\u00f3n otros aspectos olvidados en el futbolista sevillano. El nivel t\u00e9cnico individual ya era bastante alto y ahora, aprovechando los medios que no hab\u00eda antes, sobre todo en cuanto a instalaciones, se inculcan otras cosas. Pero fundamentalmente se ha mejorado en el esp\u00edritu colectivo, antes eran simples jugadores de barrio\u201d, argumenta, antes de ver a su Betis code\u00e1ndose en la UEFA con el Auxerre. Desde luego, tanta producci\u00f3n no parece fruto de la casualidad.<\/em><\/span><\/p>\n<p><span style=\"color: #008000\"><em>Luis Del Sol no anda con pa\u00f1os calientes, dice lo que piensa y punto. Se muestra cr\u00edtico con la p\u00e9rdida de identidad del futbolista vasco, cuyo estilo de jugador admiraba desde su \u00e9poca de jugador activo: \u201cNo se deben perder las ra\u00edces y creo que los futbolistas del Pa\u00eds Vasco, de la Real, del Athletic, han cambiado de caracter\u00edsticas. Antes t\u00fa ibas a San Mam\u00e9s y no te dejaban respirar. Era todo boom, boom, boom. Los que jug\u00e1bamos nos mir\u00e1bamos alucinados y dec\u00edamos: Aqu\u00ed no hay quien gane. Pon\u00edan todo el sabor del f\u00fatbol ingl\u00e9s sin despreciar la t\u00e9cnica. Ahora te dejan jugar, hay espacios, distancias en los marcajes\u201d, explica con una sensaci\u00f3n de incredulidad por la transformaci\u00f3n experimentada.<\/em><\/span><\/p>\n<p><span style=\"color: #008000\"><em>\u201cPara m\u00ed se han confundido, porque t\u00fa puedes trabajar otras cosas, pero nunca dejar que tus jugadores pierdan el esp\u00edritu, la entrega. El f\u00fatbol no est\u00e1 re\u00f1ido con ella. Han cambiado de filosof\u00eda en el juego, aunque quiz\u00e1 tambi\u00e9n por c\u00f3mo es la juventud, que ahora los chavales se creen \u00eddolos en seguida\u201d, insiste el secretario t\u00e9cnico verdiblanco, quien seguro que en m\u00e1s de una ocasi\u00f3n habr\u00e1 intercambiado esta opini\u00f3n con Eusebio R\u00edos. Algo pasa. \u00bfPor qu\u00e9 Rivas y Juanito parecen los centrales del Athletic de toda la vida? Del Sol no lo entiende. &nbsp;&nbsp;&nbsp;&nbsp;<\/em><\/span>&nbsp;&nbsp;&nbsp;&nbsp;<\/p>\n<p><\/p>","protected":false},"excerpt":{"rendered":"<p>La magn\u00edfica generaci\u00f3n de canteranos que llegaron al primer equipo del Real Betis Balompi\u00e9 en los primeros a\u00f1os del siglo XXI llam\u00f3 la atenci\u00f3n entre los medios informativos de otras partes. Como ejemplo de ello traemos este reportaje publicado en la edici\u00f3n vizca\u00edna de Mundo Deportivo a finales de noviembre de 2002, en las v\u00edsperas&#8230;<\/p>\n","protected":false},"author":5,"featured_media":87013,"comment_status":"open","ping_status":"open","sticky":false,"template":"","format":"standard","meta":{"_kad_post_transparent":"","_kad_post_title":"","_kad_post_layout":"","_kad_post_sidebar_id":"","_kad_post_content_style":"","_kad_post_vertical_padding":"","_kad_post_feature":"","_kad_post_feature_position":"","_kad_post_header":false,"_kad_post_footer":false,"_kad_post_classname":"","_jetpack_memberships_contains_paid_content":false,"footnotes":"","jetpack_publicize_message":"","jetpack_publicize_feature_enabled":true,"jetpack_social_post_already_shared":true,"jetpack_social_options":{"image_generator_settings":{"template":"highway","default_image_id":0,"font":"","enabled":false},"version":2}},"categories":[4823,17191,1],"tags":[4824,4825,541],"class_list":["post-87012","post","type-post","status-publish","format-standard","has-post-thumbnail","hentry","category-2000-2009","category-cantera","category-portada","tag-4824","tag-2002-03","tag-luis-del-sol"],"jetpack_publicize_connections":[],"jetpack_featured_media_url":"https:\/\/i0.wp.com\/www.manquepierda.com\/historiarealbetis\/files\/2022\/12\/Del-ole-al-laboratorio-NMP-MD-30-11-2006.jpg?fit=582%2C611&ssl=1","jetpack_sharing_enabled":true,"jetpack_shortlink":"https:\/\/wp.me\/p1ij08-mDq","jetpack-related-posts":[],"_links":{"self":[{"href":"https:\/\/www.manquepierda.com\/historiarealbetis\/wp-json\/wp\/v2\/posts\/87012","targetHints":{"allow":["GET"]}}],"collection":[{"href":"https:\/\/www.manquepierda.com\/historiarealbetis\/wp-json\/wp\/v2\/posts"}],"about":[{"href":"https:\/\/www.manquepierda.com\/historiarealbetis\/wp-json\/wp\/v2\/types\/post"}],"author":[{"embeddable":true,"href":"https:\/\/www.manquepierda.com\/historiarealbetis\/wp-json\/wp\/v2\/users\/5"}],"replies":[{"embeddable":true,"href":"https:\/\/www.manquepierda.com\/historiarealbetis\/wp-json\/wp\/v2\/comments?post=87012"}],"version-history":[{"count":3,"href":"https:\/\/www.manquepierda.com\/historiarealbetis\/wp-json\/wp\/v2\/posts\/87012\/revisions"}],"predecessor-version":[{"id":87016,"href":"https:\/\/www.manquepierda.com\/historiarealbetis\/wp-json\/wp\/v2\/posts\/87012\/revisions\/87016"}],"wp:featuredmedia":[{"embeddable":true,"href":"https:\/\/www.manquepierda.com\/historiarealbetis\/wp-json\/wp\/v2\/media\/87013"}],"wp:attachment":[{"href":"https:\/\/www.manquepierda.com\/historiarealbetis\/wp-json\/wp\/v2\/media?parent=87012"}],"wp:term":[{"taxonomy":"category","embeddable":true,"href":"https:\/\/www.manquepierda.com\/historiarealbetis\/wp-json\/wp\/v2\/categories?post=87012"},{"taxonomy":"post_tag","embeddable":true,"href":"https:\/\/www.manquepierda.com\/historiarealbetis\/wp-json\/wp\/v2\/tags?post=87012"}],"curies":[{"name":"wp","href":"https:\/\/api.w.org\/{rel}","templated":true}]}}