{"id":8706,"date":"2011-02-01T06:11:38","date_gmt":"2011-02-01T06:11:38","guid":{"rendered":"http:\/\/www.manquepierda.com\/historiarealbetis\/?p=8706"},"modified":"2024-08-14T12:57:00","modified_gmt":"2024-08-14T10:57:00","slug":"madrid-betis-liga-1934","status":"publish","type":"post","link":"https:\/\/www.manquepierda.com\/historiarealbetis\/madrid-betis-liga-1934\/","title":{"rendered":"Madrid-Betis Balompi\u00e9 Liga 1934"},"content":{"rendered":"<figure id=\"attachment_8707\" aria-describedby=\"caption-attachment-8707\" style=\"width: 856px\" class=\"wp-caption aligncenter\"><a class=\"lightbox\" title=\"Real Madrid-Betis ABC 4-12-1934\" href=\"https:\/\/i0.wp.com\/www.manquepierda.com\/historiarealbetis\/files\/2011\/01\/Real-Madrid-Betis-ABC-4-12-1934.jpg?ssl=1\"><img data-recalc-dims=\"1\" loading=\"lazy\" decoding=\"async\" class=\"size-full wp-image-8707\" src=\"https:\/\/i0.wp.com\/www.manquepierda.com\/historiarealbetis\/files\/2011\/01\/Real-Madrid-Betis-ABC-4-12-1934.jpg?resize=856%2C840&#038;ssl=1\" alt=\"Fuente: ABC 4 de Diciembre de 1934\" width=\"856\" height=\"840\" srcset=\"https:\/\/i0.wp.com\/www.manquepierda.com\/historiarealbetis\/files\/2011\/01\/Real-Madrid-Betis-ABC-4-12-1934.jpg?w=856&amp;ssl=1 856w, https:\/\/i0.wp.com\/www.manquepierda.com\/historiarealbetis\/files\/2011\/01\/Real-Madrid-Betis-ABC-4-12-1934.jpg?resize=300%2C294&amp;ssl=1 300w\" sizes=\"auto, (max-width: 856px) 100vw, 856px\" \/><\/a><figcaption id=\"caption-attachment-8707\" class=\"wp-caption-text\">Fuente: ABC 4 de Diciembre de 1934<\/figcaption><\/figure>\n<p>2 de Diciembre de 1934 en Chamart\u00edn\u00a0 Madrid 0\u00a0 Betis 1;\u00a0 jornada 1 del campeonato de Liga de Primera Divisi\u00f3n.<\/p>\n<p>Con este partido se inicia la temporada m\u00e1s gloriosa del Betis en su historia, la que conducir\u00e1 al Campeonato de Liga 1934-35.\u00a0 El Betis, despu\u00e9s de unos inicios de temporada muy dubitativos, con malos resultados en el Campeonato Mancomunado Levante-Andaluc\u00eda jugado entre Septiembre y Noviembre, y donde finaliza el 5\u00ba en un grupo de 6, comienza dando la campanada en Chamart\u00edn, donde vence con un gol del canario Jos\u00e9 Rancel.<\/p>\n<p>Urquiaga; Areso, Aedo; Peral, G\u00f3mez, Larrinoa; Timimi, Rancel, Unamuno, Caballero y Saro es el hist\u00f3rico equipo que inicia la Liga en Chamart\u00edn.<\/p>\n<p>En la imagen el portero b\u00e9tico Joaqu\u00edn Urquiaga salta por un bal\u00f3n con el delantero madridista Ildefonso Sa\u00f1udo.<\/p>\n","protected":false},"excerpt":{"rendered":"<p>2 de Diciembre de 1934 en Chamart\u00edn\u00a0 Madrid 0\u00a0 Betis 1;\u00a0 jornada 1 del campeonato de Liga de Primera Divisi\u00f3n. Con este partido se inicia la temporada m\u00e1s gloriosa del Betis en su historia, la que conducir\u00e1 al Campeonato de Liga 1934-35.\u00a0 El Betis, despu\u00e9s de unos inicios de temporada muy dubitativos, con malos resultados&#8230;<\/p>\n","protected":false},"author":5,"featured_media":8707,"comment_status":"open","ping_status":"open","sticky":false,"template":"","format":"standard","meta":{"_kad_post_transparent":"","_kad_post_title":"","_kad_post_layout":"","_kad_post_sidebar_id":"","_kad_post_content_style":"","_kad_post_vertical_padding":"","_kad_post_feature":"","_kad_post_feature_position":"","_kad_post_header":false,"_kad_post_footer":false,"_kad_post_classname":"","_jetpack_memberships_contains_paid_content":false,"footnotes":"","jetpack_publicize_message":"","jetpack_publicize_feature_enabled":true,"jetpack_social_post_already_shared":false,"jetpack_social_options":{"image_generator_settings":{"template":"highway","default_image_id":0,"font":"","enabled":false},"version":2}},"categories":[899,1],"tags":[1536,2267,1454,17928,13362],"class_list":["post-8706","post","type-post","status-publish","format-standard","has-post-thumbnail","hentry","category-1930-1939","category-portada","tag-1536","tag-1934-35","tag-joaquin-urquiaga","tag-liga-primera-1934-35","tag-real-madrid-cf"],"jetpack_publicize_connections":[],"jetpack_featured_media_url":"https:\/\/i0.wp.com\/www.manquepierda.com\/historiarealbetis\/files\/2011\/01\/Real-Madrid-Betis-ABC-4-12-1934.jpg?fit=856%2C840&ssl=1","jetpack_sharing_enabled":true,"jetpack_shortlink":"https:\/\/wp.me\/p1ij08-2gq","jetpack-related-posts":[],"_links":{"self":[{"href":"https:\/\/www.manquepierda.com\/historiarealbetis\/wp-json\/wp\/v2\/posts\/8706","targetHints":{"allow":["GET"]}}],"collection":[{"href":"https:\/\/www.manquepierda.com\/historiarealbetis\/wp-json\/wp\/v2\/posts"}],"about":[{"href":"https:\/\/www.manquepierda.com\/historiarealbetis\/wp-json\/wp\/v2\/types\/post"}],"author":[{"embeddable":true,"href":"https:\/\/www.manquepierda.com\/historiarealbetis\/wp-json\/wp\/v2\/users\/5"}],"replies":[{"embeddable":true,"href":"https:\/\/www.manquepierda.com\/historiarealbetis\/wp-json\/wp\/v2\/comments?post=8706"}],"version-history":[{"count":1,"href":"https:\/\/www.manquepierda.com\/historiarealbetis\/wp-json\/wp\/v2\/posts\/8706\/revisions"}],"predecessor-version":[{"id":96704,"href":"https:\/\/www.manquepierda.com\/historiarealbetis\/wp-json\/wp\/v2\/posts\/8706\/revisions\/96704"}],"wp:featuredmedia":[{"embeddable":true,"href":"https:\/\/www.manquepierda.com\/historiarealbetis\/wp-json\/wp\/v2\/media\/8707"}],"wp:attachment":[{"href":"https:\/\/www.manquepierda.com\/historiarealbetis\/wp-json\/wp\/v2\/media?parent=8706"}],"wp:term":[{"taxonomy":"category","embeddable":true,"href":"https:\/\/www.manquepierda.com\/historiarealbetis\/wp-json\/wp\/v2\/categories?post=8706"},{"taxonomy":"post_tag","embeddable":true,"href":"https:\/\/www.manquepierda.com\/historiarealbetis\/wp-json\/wp\/v2\/tags?post=8706"}],"curies":[{"name":"wp","href":"https:\/\/api.w.org\/{rel}","templated":true}]}}