{"id":87140,"date":"2022-12-25T12:00:00","date_gmt":"2022-12-25T11:00:00","guid":{"rendered":"https:\/\/www.manquepierda.com\/historiarealbetis\/?p=87140"},"modified":"2022-12-14T16:45:26","modified_gmt":"2022-12-14T15:45:26","slug":"hoy-hace-60-anos-nace-cristobal-mejias","status":"publish","type":"post","link":"https:\/\/www.manquepierda.com\/historiarealbetis\/hoy-hace-60-anos-nace-cristobal-mejias\/","title":{"rendered":"Hoy hace 60 a\u00f1os. Nace Crist\u00f3bal Mej\u00edas."},"content":{"rendered":"<div class=\"wp-block-image\">\n<figure class=\"aligncenter size-full is-resized\"><img data-recalc-dims=\"1\" loading=\"lazy\" decoding=\"async\" src=\"https:\/\/i0.wp.com\/www.manquepierda.com\/historiarealbetis\/files\/2022\/12\/25-1962-Nace-Cristobal-Mejias.jpg?resize=607%2C911&#038;ssl=1\" alt=\"\" class=\"wp-image-87141\" width=\"607\" height=\"911\" \/><\/figure>\n<\/div>\n\n<p><span style=\"color: #008000\">El 25 de diciembre de 1962 nace en La L\u00ednea (C\u00e1diz) Crist\u00f3bal Mej\u00edas S\u00e1nchez, quien fuera jugador del Real Betis Balompi\u00e9 entre los a\u00f1os 1984 y 1988.<\/span><\/p>\n<p><span style=\"color: #008000\">Centrocampista procedente de la cantera que disput\u00f3 34 partidos oficiales con la camiseta verdiblanca.<\/span><\/p>","protected":false},"excerpt":{"rendered":"<p>El 25 de diciembre de 1962 nace en La L\u00ednea (C\u00e1diz) Crist\u00f3bal Mej\u00edas S\u00e1nchez, quien fuera jugador del Real Betis Balompi\u00e9 entre los a\u00f1os 1984 y 1988. Centrocampista procedente de la cantera que disput\u00f3 34 partidos oficiales con la camiseta verdiblanca.<\/p>\n","protected":false},"author":5,"featured_media":87141,"comment_status":"open","ping_status":"open","sticky":false,"template":"","format":"standard","meta":{"_kad_post_transparent":"","_kad_post_title":"","_kad_post_layout":"","_kad_post_sidebar_id":"","_kad_post_content_style":"","_kad_post_vertical_padding":"","_kad_post_feature":"","_kad_post_feature_position":"","_kad_post_header":false,"_kad_post_footer":false,"_kad_post_classname":"","_jetpack_memberships_contains_paid_content":false,"footnotes":"","jetpack_publicize_message":"","jetpack_publicize_feature_enabled":true,"jetpack_social_post_already_shared":true,"jetpack_social_options":{"image_generator_settings":{"template":"highway","default_image_id":0,"font":"","enabled":false},"version":2}},"categories":[902,14583,1],"tags":[1007],"class_list":["post-87140","post","type-post","status-publish","format-standard","has-post-thumbnail","hentry","category-1960-1969","category-efemerides","category-portada","tag-cristobal-mejias"],"jetpack_publicize_connections":[],"jetpack_featured_media_url":"https:\/\/i0.wp.com\/www.manquepierda.com\/historiarealbetis\/files\/2022\/12\/25-1962-Nace-Cristobal-Mejias.jpg?fit=110%2C165&ssl=1","jetpack_sharing_enabled":true,"jetpack_shortlink":"https:\/\/wp.me\/p1ij08-mFu","jetpack-related-posts":[],"_links":{"self":[{"href":"https:\/\/www.manquepierda.com\/historiarealbetis\/wp-json\/wp\/v2\/posts\/87140","targetHints":{"allow":["GET"]}}],"collection":[{"href":"https:\/\/www.manquepierda.com\/historiarealbetis\/wp-json\/wp\/v2\/posts"}],"about":[{"href":"https:\/\/www.manquepierda.com\/historiarealbetis\/wp-json\/wp\/v2\/types\/post"}],"author":[{"embeddable":true,"href":"https:\/\/www.manquepierda.com\/historiarealbetis\/wp-json\/wp\/v2\/users\/5"}],"replies":[{"embeddable":true,"href":"https:\/\/www.manquepierda.com\/historiarealbetis\/wp-json\/wp\/v2\/comments?post=87140"}],"version-history":[{"count":1,"href":"https:\/\/www.manquepierda.com\/historiarealbetis\/wp-json\/wp\/v2\/posts\/87140\/revisions"}],"predecessor-version":[{"id":87142,"href":"https:\/\/www.manquepierda.com\/historiarealbetis\/wp-json\/wp\/v2\/posts\/87140\/revisions\/87142"}],"wp:featuredmedia":[{"embeddable":true,"href":"https:\/\/www.manquepierda.com\/historiarealbetis\/wp-json\/wp\/v2\/media\/87141"}],"wp:attachment":[{"href":"https:\/\/www.manquepierda.com\/historiarealbetis\/wp-json\/wp\/v2\/media?parent=87140"}],"wp:term":[{"taxonomy":"category","embeddable":true,"href":"https:\/\/www.manquepierda.com\/historiarealbetis\/wp-json\/wp\/v2\/categories?post=87140"},{"taxonomy":"post_tag","embeddable":true,"href":"https:\/\/www.manquepierda.com\/historiarealbetis\/wp-json\/wp\/v2\/tags?post=87140"}],"curies":[{"name":"wp","href":"https:\/\/api.w.org\/{rel}","templated":true}]}}