{"id":87198,"date":"2022-12-21T09:42:00","date_gmt":"2022-12-21T08:42:00","guid":{"rendered":"https:\/\/www.manquepierda.com\/historiarealbetis\/?p=87198"},"modified":"2022-12-19T08:02:27","modified_gmt":"2022-12-19T07:02:27","slug":"alineacion-riotinto-betis-deportivo-1979","status":"publish","type":"post","link":"https:\/\/www.manquepierda.com\/historiarealbetis\/alineacion-riotinto-betis-deportivo-1979\/","title":{"rendered":"Alineaci\u00f3n Riotinto-Betis Deportivo 1979."},"content":{"rendered":"<div class=\"wp-block-image\">\n<figure class=\"aligncenter size-full\"><img data-recalc-dims=\"1\" loading=\"lazy\" decoding=\"async\" width=\"620\" height=\"445\" src=\"https:\/\/i0.wp.com\/www.manquepierda.com\/historiarealbetis\/files\/2022\/12\/16-15-8-1979-Riotinto-3-Betis-Dpvo.-1.jpg?resize=620%2C445&#038;ssl=1\" alt=\"\" class=\"wp-image-87199\" srcset=\"https:\/\/i0.wp.com\/www.manquepierda.com\/historiarealbetis\/files\/2022\/12\/16-15-8-1979-Riotinto-3-Betis-Dpvo.-1.jpg?w=620&amp;ssl=1 620w, https:\/\/i0.wp.com\/www.manquepierda.com\/historiarealbetis\/files\/2022\/12\/16-15-8-1979-Riotinto-3-Betis-Dpvo.-1.jpg?resize=220%2C158&amp;ssl=1 220w\" sizes=\"auto, (max-width: 620px) 100vw, 620px\" \/><\/figure>\n<\/div>\n\n\n\n<p>15 de agosto de 1979 en El Valle Riotinto Balompi\u00e9 3 Betis Deportivo 1; final del II Trofeo Minero.<\/p>\n<p>En la imagen arriba Rafael Navarro, Francisco Navarro, Casado, Ram\u00f3n, Baz\u00e1n y Pedro; abajo Sardina, Guerrero, Petit, Corrales y Rosado.<\/p>\n<p>El equipo dirigido por Esteban Areta accedi\u00f3 a la final del Trofeo de Riotinto tras derrotar 1-0 al CD Alcal\u00e1 en la semifinal, pero cay\u00f3 en final ante el conjunto local.<\/p>\n<p>Fue un amistoso m\u00e1s de la pretemporada, antes de iniciar la campa\u00f1a el\u00a0 2 de septiembre en el \u00c1lvarez Claros frente al Industrial de Melilla en el grupo s\u00e9ptimo de la Tercera Divisi\u00f3n.\u00a0<\/p>","protected":false},"excerpt":{"rendered":"<p>15 de agosto de 1979 en El Valle Riotinto Balompi\u00e9 3 Betis Deportivo 1; final del II Trofeo Minero. En la imagen arriba Rafael Navarro, Francisco Navarro, Casado, Ram\u00f3n, Baz\u00e1n y Pedro; abajo Sardina, Guerrero, Petit, Corrales y Rosado. El equipo dirigido por Esteban Areta accedi\u00f3 a la final del Trofeo de Riotinto tras derrotar&#8230;<\/p>\n","protected":false},"author":5,"featured_media":87199,"comment_status":"open","ping_status":"open","sticky":false,"template":"","format":"standard","meta":{"_kad_post_transparent":"","_kad_post_title":"","_kad_post_layout":"","_kad_post_sidebar_id":"","_kad_post_content_style":"","_kad_post_vertical_padding":"","_kad_post_feature":"","_kad_post_feature_position":"","_kad_post_header":false,"_kad_post_footer":false,"_kad_post_classname":"","_jetpack_memberships_contains_paid_content":false,"footnotes":"","jetpack_publicize_message":"","jetpack_publicize_feature_enabled":true,"jetpack_social_post_already_shared":true,"jetpack_social_options":{"image_generator_settings":{"template":"highway","default_image_id":0,"font":"","enabled":false},"version":2}},"categories":[903,17191,1],"tags":[1033,2641,17406,1409,17408,3355,14035,17407,14036,1631,11242,1634,16496,17409,17405],"class_list":["post-87198","post","type-post","status-publish","format-standard","has-post-thumbnail","hentry","category-1970-1979","category-cantera","category-portada","tag-1033","tag-1979-80","tag-angel-guerrero","tag-antonio-casado","tag-bazan","tag-betis-deportivo-balompie","tag-enrique-rosado","tag-francisco-navarro","tag-joaquin-petit","tag-jose-antonio-corrales","tag-manuel-garcia-sardina","tag-pedro-clavijo","tag-rafael-navarro","tag-ramon","tag-riotinto-balompie"],"jetpack_publicize_connections":[],"jetpack_featured_media_url":"https:\/\/i0.wp.com\/www.manquepierda.com\/historiarealbetis\/files\/2022\/12\/16-15-8-1979-Riotinto-3-Betis-Dpvo.-1.jpg?fit=620%2C445&ssl=1","jetpack_sharing_enabled":true,"jetpack_shortlink":"https:\/\/wp.me\/p1ij08-mGq","jetpack-related-posts":[],"_links":{"self":[{"href":"https:\/\/www.manquepierda.com\/historiarealbetis\/wp-json\/wp\/v2\/posts\/87198","targetHints":{"allow":["GET"]}}],"collection":[{"href":"https:\/\/www.manquepierda.com\/historiarealbetis\/wp-json\/wp\/v2\/posts"}],"about":[{"href":"https:\/\/www.manquepierda.com\/historiarealbetis\/wp-json\/wp\/v2\/types\/post"}],"author":[{"embeddable":true,"href":"https:\/\/www.manquepierda.com\/historiarealbetis\/wp-json\/wp\/v2\/users\/5"}],"replies":[{"embeddable":true,"href":"https:\/\/www.manquepierda.com\/historiarealbetis\/wp-json\/wp\/v2\/comments?post=87198"}],"version-history":[{"count":3,"href":"https:\/\/www.manquepierda.com\/historiarealbetis\/wp-json\/wp\/v2\/posts\/87198\/revisions"}],"predecessor-version":[{"id":87203,"href":"https:\/\/www.manquepierda.com\/historiarealbetis\/wp-json\/wp\/v2\/posts\/87198\/revisions\/87203"}],"wp:featuredmedia":[{"embeddable":true,"href":"https:\/\/www.manquepierda.com\/historiarealbetis\/wp-json\/wp\/v2\/media\/87199"}],"wp:attachment":[{"href":"https:\/\/www.manquepierda.com\/historiarealbetis\/wp-json\/wp\/v2\/media?parent=87198"}],"wp:term":[{"taxonomy":"category","embeddable":true,"href":"https:\/\/www.manquepierda.com\/historiarealbetis\/wp-json\/wp\/v2\/categories?post=87198"},{"taxonomy":"post_tag","embeddable":true,"href":"https:\/\/www.manquepierda.com\/historiarealbetis\/wp-json\/wp\/v2\/tags?post=87198"}],"curies":[{"name":"wp","href":"https:\/\/api.w.org\/{rel}","templated":true}]}}