{"id":87311,"date":"2023-01-05T12:00:00","date_gmt":"2023-01-05T11:00:00","guid":{"rendered":"https:\/\/www.manquepierda.com\/historiarealbetis\/?p=87311"},"modified":"2022-12-25T21:17:59","modified_gmt":"2022-12-25T20:17:59","slug":"hoy-hace-95-anos-nace-sebastian-perez","status":"publish","type":"post","link":"https:\/\/www.manquepierda.com\/historiarealbetis\/hoy-hace-95-anos-nace-sebastian-perez\/","title":{"rendered":"Hoy hace 95 a\u00f1os. Nace Sebasti\u00e1n P\u00e9rez."},"content":{"rendered":"<div class=\"wp-block-image\">\n<figure class=\"aligncenter size-full is-resized\"><img data-recalc-dims=\"1\" loading=\"lazy\" decoding=\"async\" src=\"https:\/\/i0.wp.com\/www.manquepierda.com\/historiarealbetis\/files\/2022\/12\/5-1928-Nace-Sebastian-Perez.jpg?resize=313%2C437&#038;ssl=1\" alt=\"\" class=\"wp-image-87312\" width=\"313\" height=\"437\" \/><\/figure>\n<\/div>\n\n<p><span style=\"color: #008000\">El 5 de enero de 1928 nace en Sevilla Sebasti\u00e1n P\u00e9rez Gonz\u00e1lez, quien fuera jugador del Real Betis Balompi\u00e9 entre los a\u00f1os 1951 y 1953.<\/span><\/p>\n<p><span style=\"color: #008000\">Delantero que lleg\u00f3 al primer equipo desde el Juventud Balompi\u00e9, el filial b\u00e9tico de la \u00e9poca, y que jug\u00f3 50 partidos oficiales con el camisol\u00edn verdiblanco, marcando 15 goles.<\/span><\/p>","protected":false},"excerpt":{"rendered":"<p>El 5 de enero de 1928 nace en Sevilla Sebasti\u00e1n P\u00e9rez Gonz\u00e1lez, quien fuera jugador del Real Betis Balompi\u00e9 entre los a\u00f1os 1951 y 1953. Delantero que lleg\u00f3 al primer equipo desde el Juventud Balompi\u00e9, el filial b\u00e9tico de la \u00e9poca, y que jug\u00f3 50 partidos oficiales con el camisol\u00edn verdiblanco, marcando 15 goles.<\/p>\n","protected":false},"author":5,"featured_media":87312,"comment_status":"open","ping_status":"open","sticky":false,"template":"","format":"standard","meta":{"_kad_post_transparent":"","_kad_post_title":"","_kad_post_layout":"","_kad_post_sidebar_id":"","_kad_post_content_style":"","_kad_post_vertical_padding":"","_kad_post_feature":"","_kad_post_feature_position":"","_kad_post_header":false,"_kad_post_footer":false,"_kad_post_classname":"","_jetpack_memberships_contains_paid_content":false,"footnotes":"","jetpack_publicize_message":"","jetpack_publicize_feature_enabled":true,"jetpack_social_post_already_shared":true,"jetpack_social_options":{"image_generator_settings":{"template":"highway","default_image_id":0,"font":"","enabled":false},"version":2}},"categories":[898,14583,1],"tags":[4658],"class_list":["post-87311","post","type-post","status-publish","format-standard","has-post-thumbnail","hentry","category-1920-1929","category-efemerides","category-portada","tag-sebastian-perez"],"jetpack_publicize_connections":[],"jetpack_featured_media_url":"https:\/\/i0.wp.com\/www.manquepierda.com\/historiarealbetis\/files\/2022\/12\/5-1928-Nace-Sebastian-Perez.jpg?fit=116%2C162&ssl=1","jetpack_sharing_enabled":true,"jetpack_shortlink":"https:\/\/wp.me\/p1ij08-mIf","jetpack-related-posts":[],"_links":{"self":[{"href":"https:\/\/www.manquepierda.com\/historiarealbetis\/wp-json\/wp\/v2\/posts\/87311","targetHints":{"allow":["GET"]}}],"collection":[{"href":"https:\/\/www.manquepierda.com\/historiarealbetis\/wp-json\/wp\/v2\/posts"}],"about":[{"href":"https:\/\/www.manquepierda.com\/historiarealbetis\/wp-json\/wp\/v2\/types\/post"}],"author":[{"embeddable":true,"href":"https:\/\/www.manquepierda.com\/historiarealbetis\/wp-json\/wp\/v2\/users\/5"}],"replies":[{"embeddable":true,"href":"https:\/\/www.manquepierda.com\/historiarealbetis\/wp-json\/wp\/v2\/comments?post=87311"}],"version-history":[{"count":3,"href":"https:\/\/www.manquepierda.com\/historiarealbetis\/wp-json\/wp\/v2\/posts\/87311\/revisions"}],"predecessor-version":[{"id":87315,"href":"https:\/\/www.manquepierda.com\/historiarealbetis\/wp-json\/wp\/v2\/posts\/87311\/revisions\/87315"}],"wp:featuredmedia":[{"embeddable":true,"href":"https:\/\/www.manquepierda.com\/historiarealbetis\/wp-json\/wp\/v2\/media\/87312"}],"wp:attachment":[{"href":"https:\/\/www.manquepierda.com\/historiarealbetis\/wp-json\/wp\/v2\/media?parent=87311"}],"wp:term":[{"taxonomy":"category","embeddable":true,"href":"https:\/\/www.manquepierda.com\/historiarealbetis\/wp-json\/wp\/v2\/categories?post=87311"},{"taxonomy":"post_tag","embeddable":true,"href":"https:\/\/www.manquepierda.com\/historiarealbetis\/wp-json\/wp\/v2\/tags?post=87311"}],"curies":[{"name":"wp","href":"https:\/\/api.w.org\/{rel}","templated":true}]}}