{"id":87620,"date":"2023-01-23T09:41:00","date_gmt":"2023-01-23T08:41:00","guid":{"rendered":"https:\/\/www.manquepierda.com\/historiarealbetis\/?p=87620"},"modified":"2023-01-21T15:48:15","modified_gmt":"2023-01-21T14:48:15","slug":"entrevista-juan-del-nido-1972","status":"publish","type":"post","link":"https:\/\/www.manquepierda.com\/historiarealbetis\/entrevista-juan-del-nido-1972\/","title":{"rendered":"Entrevista Juan Del Nido 1972."},"content":{"rendered":"<div class=\"wp-block-image\">\n<figure class=\"aligncenter size-full is-resized\"><img data-recalc-dims=\"1\" loading=\"lazy\" decoding=\"async\" src=\"https:\/\/i0.wp.com\/www.manquepierda.com\/historiarealbetis\/files\/2023\/01\/Entrevista-Juan-Del-Nido-1972.jpg?resize=428%2C597&#038;ssl=1\" alt=\"\" class=\"wp-image-87622\" width=\"428\" height=\"597\" srcset=\"https:\/\/i0.wp.com\/www.manquepierda.com\/historiarealbetis\/files\/2023\/01\/Entrevista-Juan-Del-Nido-1972.jpg?w=162&amp;ssl=1 162w, https:\/\/i0.wp.com\/www.manquepierda.com\/historiarealbetis\/files\/2023\/01\/Entrevista-Juan-Del-Nido-1972.jpg?resize=158%2C220&amp;ssl=1 158w\" sizes=\"auto, (max-width: 428px) 100vw, 428px\" \/><\/figure>\n<\/div>\n\n<p>En el verano de 1972 el Betis prosigui\u00f3 la obra comenzada la temporada anterior y procedi\u00f3 a la demolici\u00f3n del Gol Sur, que proven\u00eda de las obras efectuadas en 1958, y al levantamiento de una nueva tribuna, cerrando por primera vez todo el recinto del estadio, que hasta entonces manten\u00eda unos espacios abiertos en las dos esquinas de Gol Sur, heredadas de la configuraci\u00f3n primigenia del Stadium de la Exposici\u00f3n.<\/p>\n<p>Esta nueva tribuna de Gol Sur ser\u00e1 la que llegar\u00e1 hasta el 2016, cuando se procedi\u00f3 a su derribo y posterior construcci\u00f3n de la actual.<\/p>\n<p>El 31 de mayo de 1972 se firm\u00f3 el contrato para las obras con la constructora EYCSA, la misma que hab\u00eda realizado la obra de Gol Norte en 1971, y el 7 de junio comenz\u00f3 la demolici\u00f3n del viejo grader\u00edo.<\/p>\n<p>Su estreno como tal se producir\u00eda en la jornada 4 del Campeonato de Liga de Primera Divisi\u00f3n, el 24 de septiembre de 1972 frente al FC Barcelona.<\/p>\n<p>En esta entrevista, publicada en la Hoja del Lunes en el mes de junio, el directivo verdiblanco Juan Del Nido, vicepresidente en la directiva que dirig\u00eda Jos\u00e9 N\u00fa\u00f1ez Naranjo,\u00a0 daba cuenta de las obras que se efectuaban en el recinto b\u00e9tico, y que llevar\u00edan el aforo del Villamar\u00edn a los 42 mil espectadores.\u00a0<\/p>\n<p><span style=\"color: #008000\"><em>El estadio Benito Villamar\u00edn va a convertirse en un recinto totalmente cerrado, espl\u00e9ndido y con un aforo total del orden de las 42.000 localidades. Cuando hablamos con don Juan del Nido, directivo verdiblanco, para que nos facilitara datos sobre las obras, nos atendi\u00f3 con su gentileza caracter\u00edstica.<\/em><\/span><\/p>\n<ul>\n<li><span style=\"color: #008000\"><em>\u00bfEn cuantas localidades se ampliar\u00e1 el gol sur con las obras en curso?<\/em><\/span><\/li>\n<li><span style=\"color: #008000\"><em>En seis mil<\/em><\/span><\/li>\n<li><span style=\"color: #008000\"><em>Pero en el gol norte fueron 8.000 m\u00e1s, \u00bfno es as\u00ed?<\/em><\/span><\/li>\n<li><span style=\"color: #008000\"><em>S\u00ed, pero es que el gol sur era mayor, y por tanto la ampliaci\u00f3n es menor porque ya ten\u00eda m\u00e1s aforo que el gol norte<\/em><\/span><\/li>\n<li><span style=\"color: #008000\"><em>\u00bfAlguna novedad en las obras?<\/em><\/span><\/li>\n<li><span style=\"color: #008000\"><em>Uno de los vomitorios permitir\u00e1 que salgan camiones al campo, por ejemplo, para llevar semilla de c\u00e9sped. Antes todo estaba cerrado<\/em><\/span><\/li>\n<li><span style=\"color: #008000\"><em>\u00bfSe har\u00e1 en una o dos fases?<\/em><\/span><\/li>\n<li><span style=\"color: #008000\"><em>El prop\u00f3sito es hacerlo en una sola fase, para que el grader\u00edo est\u00e9 totalmente terminado en el primer encuentro de Liga, despu\u00e9s de las correspondientes pruebas de peso. Si bien el contrato con la empresa tiene prevista para esta fecha la terminaci\u00f3n del 75% de las obras, que es el compromiso contra\u00eddo en firme, lo mismo la empresa que nosotros estamos convencidos de que para el primer partido de Liga se hallar\u00e1 todo terminado<\/em><\/span><\/li>\n<li><span style=\"color: #008000\"><em>\u00bfHan existido dificultades para las obras?<\/em><\/span><\/li>\n<li><span style=\"color: #008000\"><em>\u00danicamente ha sido necesario cegar un pozo de riego y abrirlo en otro lugar para la colocaci\u00f3n de los pilotes y zapatas<\/em><\/span><\/li>\n<li><span style=\"color: #008000\"><em>\u00bfAlg\u00fan dato interesante?<\/em><\/span><\/li>\n<li><span style=\"color: #008000\"><em>Las zapatas laterales de la tribuna van a ser debidamente reforzadas por si en su d\u00eda hubiera que hacer un voladizo<\/em><\/span><\/li>\n<li><span style=\"color: #008000\"><em>\u00bfVestuarios nuevos?<\/em><\/span><\/li>\n<li><span style=\"color: #008000\"><em>S\u00ed, los vestuarios ser\u00e1n nuevos, con sauna, piscina\u2026<\/em><\/span><\/li>\n<li><span style=\"color: #008000\"><em>\u00bfContin\u00faa el \u201ct\u00fanel de tiro\u201d?<\/em><\/span><\/li>\n<li><span style=\"color: #008000\"><em>El \u201ct\u00fanel de tiro\u201d ha sido necesario derribarlo para la ampliaci\u00f3n del gol sur. Ser\u00e1 colocado en el exterior de la zona conocida por \u201cMaracan\u00e1\u201d, que ser\u00e1 cerrada y sembrada como campo de entrenamiento. As\u00ed mismo, el estadio ser\u00e1 dotado de nuevo c\u00e9sped<\/em><\/span><\/li>\n<li><span style=\"color: #008000\"><em>Ha salido a concurso el alumbrado nuevo del campo. \u00bfQu\u00e9 planes hay sobre este aspecto?<\/em><\/span><\/li>\n<li><span style=\"color: #008000\"><em>El alumbrado, una vez que se haga la tribuna, ser\u00e1 modernizado , aprovechando las cuatro torretas actuales. Pero la iluminaci\u00f3n ser\u00e1, seg\u00fan nuevo m\u00e9todo de circunvalaci\u00f3n del terreno, como la que tiene el Nou Camp. Esto estar\u00e1 preparado por si los t\u00e9cnicos o nosotros consideramos posible hacerlo sin que haya que hacer una obra nueva. As\u00ed es que se mantiene el alumbrado de las cuatro torres sin descartar ese sistema de que le ha hablado<\/em><\/span><\/li>\n<li><span style=\"color: #008000\"><em>\u00bfFecha a largo plazo?<\/em><\/span><\/li>\n<li><span style=\"color: #008000\"><em> Tambi\u00e9n queremos que est\u00e9 terminado para principio de temporada<\/em><\/span><\/li>\n<li><span style=\"color: #008000\"><em>\u00bfTienen algo especial previsto?<\/em><\/span><\/li>\n<li><span style=\"color: #008000\"><em>Queremos inaugurar la temporada con un partido nocturno de categor\u00eda<\/em><\/span><\/li>\n<li><span style=\"color: #008000\"><em>\u00bfMe puede adelantar nombre o nacionalidad del equipo?<\/em><\/span><\/li>\n<li><span style=\"color: #008000\"><em>Por el momento no; pero s\u00ed insistir en que ser\u00e1 un encuentro de verdadera calidad para estar a tono con las obras que ser\u00e1n inauguradas<\/em><\/span><\/li>\n<li><span style=\"color: #008000\"><em>Muchas gracias, don Juan\u2026<\/em><\/span><\/li>\n<li><span style=\"color: #008000\"><em>Gracias a usted por prestar atenci\u00f3n a las obras que el Real Betis Balompi\u00e9 tiene en marcha \u00a0<\/em><\/span><\/li>\n<\/ul>","protected":false},"excerpt":{"rendered":"<p>En el verano de 1972 el Betis prosigui\u00f3 la obra comenzada la temporada anterior y procedi\u00f3 a la demolici\u00f3n del Gol Sur, que proven\u00eda de las obras efectuadas en 1958, y al levantamiento de una nueva tribuna, cerrando por primera vez todo el recinto del estadio, que hasta entonces manten\u00eda unos espacios abiertos en las&#8230;<\/p>\n","protected":false},"author":5,"featured_media":87622,"comment_status":"open","ping_status":"open","sticky":false,"template":"","format":"standard","meta":{"_kad_post_transparent":"","_kad_post_title":"","_kad_post_layout":"","_kad_post_sidebar_id":"","_kad_post_content_style":"","_kad_post_vertical_padding":"","_kad_post_feature":"","_kad_post_feature_position":"","_kad_post_header":false,"_kad_post_footer":false,"_kad_post_classname":"","_jetpack_memberships_contains_paid_content":false,"footnotes":"","jetpack_publicize_message":"","jetpack_publicize_feature_enabled":true,"jetpack_social_post_already_shared":true,"jetpack_social_options":{"image_generator_settings":{"template":"highway","default_image_id":0,"font":"","enabled":false},"version":2}},"categories":[903,891,1],"tags":[1091,4581],"class_list":["post-87620","post","type-post","status-publish","format-standard","has-post-thumbnail","hentry","category-1970-1979","category-directivos-temas","category-portada","tag-1091","tag-juan-del-nido-borrego"],"jetpack_publicize_connections":[],"jetpack_featured_media_url":"https:\/\/i0.wp.com\/www.manquepierda.com\/historiarealbetis\/files\/2023\/01\/Entrevista-Juan-Del-Nido-1972.jpg?fit=162%2C226&ssl=1","jetpack_sharing_enabled":true,"jetpack_shortlink":"https:\/\/wp.me\/p1ij08-mNe","jetpack-related-posts":[],"_links":{"self":[{"href":"https:\/\/www.manquepierda.com\/historiarealbetis\/wp-json\/wp\/v2\/posts\/87620","targetHints":{"allow":["GET"]}}],"collection":[{"href":"https:\/\/www.manquepierda.com\/historiarealbetis\/wp-json\/wp\/v2\/posts"}],"about":[{"href":"https:\/\/www.manquepierda.com\/historiarealbetis\/wp-json\/wp\/v2\/types\/post"}],"author":[{"embeddable":true,"href":"https:\/\/www.manquepierda.com\/historiarealbetis\/wp-json\/wp\/v2\/users\/5"}],"replies":[{"embeddable":true,"href":"https:\/\/www.manquepierda.com\/historiarealbetis\/wp-json\/wp\/v2\/comments?post=87620"}],"version-history":[{"count":6,"href":"https:\/\/www.manquepierda.com\/historiarealbetis\/wp-json\/wp\/v2\/posts\/87620\/revisions"}],"predecessor-version":[{"id":87629,"href":"https:\/\/www.manquepierda.com\/historiarealbetis\/wp-json\/wp\/v2\/posts\/87620\/revisions\/87629"}],"wp:featuredmedia":[{"embeddable":true,"href":"https:\/\/www.manquepierda.com\/historiarealbetis\/wp-json\/wp\/v2\/media\/87622"}],"wp:attachment":[{"href":"https:\/\/www.manquepierda.com\/historiarealbetis\/wp-json\/wp\/v2\/media?parent=87620"}],"wp:term":[{"taxonomy":"category","embeddable":true,"href":"https:\/\/www.manquepierda.com\/historiarealbetis\/wp-json\/wp\/v2\/categories?post=87620"},{"taxonomy":"post_tag","embeddable":true,"href":"https:\/\/www.manquepierda.com\/historiarealbetis\/wp-json\/wp\/v2\/tags?post=87620"}],"curies":[{"name":"wp","href":"https:\/\/api.w.org\/{rel}","templated":true}]}}