{"id":87648,"date":"2023-01-31T12:00:00","date_gmt":"2023-01-31T11:00:00","guid":{"rendered":"https:\/\/www.manquepierda.com\/historiarealbetis\/?p=87648"},"modified":"2025-07-20T15:19:27","modified_gmt":"2025-07-20T13:19:27","slug":"hoy-hace-10-anos-fichaje-de-dorlan-pabon","status":"publish","type":"post","link":"https:\/\/www.manquepierda.com\/historiarealbetis\/hoy-hace-10-anos-fichaje-de-dorlan-pabon\/","title":{"rendered":"Hoy hace 10 a\u00f1os. Fichaje de Dorlan Pab\u00f3n."},"content":{"rendered":"<div class=\"wp-block-image\">\n<figure class=\"aligncenter size-full\"><img data-recalc-dims=\"1\" loading=\"lazy\" decoding=\"async\" width=\"683\" height=\"398\" src=\"https:\/\/i0.wp.com\/www.manquepierda.com\/historiarealbetis\/files\/2023\/01\/31-2013-Presentacion-de-Dorlan-Pabon.jpg?resize=683%2C398&#038;ssl=1\" alt=\"\" class=\"wp-image-87649\" srcset=\"https:\/\/i0.wp.com\/www.manquepierda.com\/historiarealbetis\/files\/2023\/01\/31-2013-Presentacion-de-Dorlan-Pabon.jpg?w=683&amp;ssl=1 683w, https:\/\/i0.wp.com\/www.manquepierda.com\/historiarealbetis\/files\/2023\/01\/31-2013-Presentacion-de-Dorlan-Pabon.jpg?resize=680%2C396&amp;ssl=1 680w, https:\/\/i0.wp.com\/www.manquepierda.com\/historiarealbetis\/files\/2023\/01\/31-2013-Presentacion-de-Dorlan-Pabon.jpg?resize=220%2C128&amp;ssl=1 220w\" sizes=\"auto, (max-width: 683px) 100vw, 683px\" \/><\/figure>\n<\/div>\n\n<p><span style=\"color: #008000\">El 31 de enero de 2013, \u00faltimo d\u00eda del mercado de fichajes de invierno, el Betis concretaba la cesi\u00f3n del extremo colombiano Dorlan Pab\u00f3n, quien llegaba desde el Parma italiano.<\/span><\/p>\n<p><span style=\"color: #008000\">A sus 25 a\u00f1os Pab\u00f3n recal\u00f3 en el Betis donde fue un gran refuerzo para la segunda mitad del campeonato, interviniendo en 17 partidos oficiales y marcando 8 tantos.<\/span>&nbsp;<\/p>\n<p><\/p>","protected":false},"excerpt":{"rendered":"<p>El 31 de enero de 2013, \u00faltimo d\u00eda del mercado de fichajes de invierno, el Betis concretaba la cesi\u00f3n del extremo colombiano Dorlan Pab\u00f3n, quien llegaba desde el Parma italiano. A sus 25 a\u00f1os Pab\u00f3n recal\u00f3 en el Betis donde fue un gran refuerzo para la segunda mitad del campeonato, interviniendo en 17 partidos oficiales&#8230;<\/p>\n","protected":false},"author":5,"featured_media":87649,"comment_status":"open","ping_status":"open","sticky":false,"template":"","format":"standard","meta":{"_kad_post_transparent":"","_kad_post_title":"","_kad_post_layout":"","_kad_post_sidebar_id":"","_kad_post_content_style":"","_kad_post_vertical_padding":"","_kad_post_feature":"","_kad_post_feature_position":"","_kad_post_header":false,"_kad_post_footer":false,"_kad_post_classname":"","_jetpack_memberships_contains_paid_content":false,"footnotes":"","jetpack_publicize_message":"","jetpack_publicize_feature_enabled":true,"jetpack_social_post_already_shared":true,"jetpack_social_options":{"image_generator_settings":{"template":"highway","default_image_id":0,"font":"","enabled":false},"version":2}},"categories":[15447,14583,1],"tags":[16967,18690,9437],"class_list":["post-87648","post","type-post","status-publish","format-standard","has-post-thumbnail","hentry","category-2010-2019","category-efemerides","category-portada","tag-16967","tag-ac-parma","tag-dorlan-pabon"],"jetpack_publicize_connections":[],"jetpack_featured_media_url":"https:\/\/i0.wp.com\/www.manquepierda.com\/historiarealbetis\/files\/2023\/01\/31-2013-Presentacion-de-Dorlan-Pabon.jpg?fit=683%2C398&ssl=1","jetpack_sharing_enabled":true,"jetpack_shortlink":"https:\/\/wp.me\/p1ij08-mNG","jetpack-related-posts":[],"_links":{"self":[{"href":"https:\/\/www.manquepierda.com\/historiarealbetis\/wp-json\/wp\/v2\/posts\/87648","targetHints":{"allow":["GET"]}}],"collection":[{"href":"https:\/\/www.manquepierda.com\/historiarealbetis\/wp-json\/wp\/v2\/posts"}],"about":[{"href":"https:\/\/www.manquepierda.com\/historiarealbetis\/wp-json\/wp\/v2\/types\/post"}],"author":[{"embeddable":true,"href":"https:\/\/www.manquepierda.com\/historiarealbetis\/wp-json\/wp\/v2\/users\/5"}],"replies":[{"embeddable":true,"href":"https:\/\/www.manquepierda.com\/historiarealbetis\/wp-json\/wp\/v2\/comments?post=87648"}],"version-history":[{"count":4,"href":"https:\/\/www.manquepierda.com\/historiarealbetis\/wp-json\/wp\/v2\/posts\/87648\/revisions"}],"predecessor-version":[{"id":87653,"href":"https:\/\/www.manquepierda.com\/historiarealbetis\/wp-json\/wp\/v2\/posts\/87648\/revisions\/87653"}],"wp:featuredmedia":[{"embeddable":true,"href":"https:\/\/www.manquepierda.com\/historiarealbetis\/wp-json\/wp\/v2\/media\/87649"}],"wp:attachment":[{"href":"https:\/\/www.manquepierda.com\/historiarealbetis\/wp-json\/wp\/v2\/media?parent=87648"}],"wp:term":[{"taxonomy":"category","embeddable":true,"href":"https:\/\/www.manquepierda.com\/historiarealbetis\/wp-json\/wp\/v2\/categories?post=87648"},{"taxonomy":"post_tag","embeddable":true,"href":"https:\/\/www.manquepierda.com\/historiarealbetis\/wp-json\/wp\/v2\/tags?post=87648"}],"curies":[{"name":"wp","href":"https:\/\/api.w.org\/{rel}","templated":true}]}}