{"id":87696,"date":"2023-01-31T09:38:00","date_gmt":"2023-01-31T08:38:00","guid":{"rendered":"https:\/\/www.manquepierda.com\/historiarealbetis\/?p=87696"},"modified":"2024-08-09T17:40:06","modified_gmt":"2024-08-09T15:40:06","slug":"alineacion-betis-barcelona-liga-1984","status":"publish","type":"post","link":"https:\/\/www.manquepierda.com\/historiarealbetis\/alineacion-betis-barcelona-liga-1984\/","title":{"rendered":"Alineaci\u00f3n Betis-Barcelona Liga 1984"},"content":{"rendered":"<div class=\"wp-block-image\">\n<figure class=\"aligncenter size-full\"><img data-recalc-dims=\"1\" loading=\"lazy\" decoding=\"async\" width=\"822\" height=\"616\" src=\"https:\/\/i0.wp.com\/www.manquepierda.com\/historiarealbetis\/files\/2023\/01\/Alineacion-Betis-Barcelona-Liga-1984.jpg?resize=822%2C616&#038;ssl=1\" alt=\"\" class=\"wp-image-87697\" srcset=\"https:\/\/i0.wp.com\/www.manquepierda.com\/historiarealbetis\/files\/2023\/01\/Alineacion-Betis-Barcelona-Liga-1984.jpg?w=822&amp;ssl=1 822w, https:\/\/i0.wp.com\/www.manquepierda.com\/historiarealbetis\/files\/2023\/01\/Alineacion-Betis-Barcelona-Liga-1984.jpg?resize=680%2C510&amp;ssl=1 680w, https:\/\/i0.wp.com\/www.manquepierda.com\/historiarealbetis\/files\/2023\/01\/Alineacion-Betis-Barcelona-Liga-1984.jpg?resize=220%2C165&amp;ssl=1 220w, https:\/\/i0.wp.com\/www.manquepierda.com\/historiarealbetis\/files\/2023\/01\/Alineacion-Betis-Barcelona-Liga-1984.jpg?resize=768%2C576&amp;ssl=1 768w\" sizes=\"auto, (max-width: 822px) 100vw, 822px\" \/><\/figure>\n<\/div>\n\n<p>29 de septiembre de 1984 en el Villamar\u00edn Betis 1 Barcelona 2; jornada 5 del Campeonato de Liga de Primera Divisi\u00f3n.<\/p>\n<p>En la imagen arriba Esnaola, Diego, Mantilla, Alex, Ortega y Gordillo; abajo\u00a0 Su\u00e1rez, Parra, Carde\u00f1osa, Rinc\u00f3n y Paco.<\/p>\n<p>Los jugadores b\u00e9ticos lucen brazaletes negros por la muerte del torero Francico Rivera \u00abPaquirri\u00bb, 3 d\u00edas antes, tras una cornada en la plaza de Pozoblanco, y que estaba muy unido a la entidad verdiblanca.<\/p>\n<p>Parra adelant\u00f3 en el minuto 2 al Betis, pero un Barcelona arrollador le dio la vuelta al partido con goles de Schuster en el 14 y Rojo en el 36.<\/p>\n<p>Pepe Alzate entrenaba al Betis y Terry Venables al Barcelona.\u00a0<\/p>","protected":false},"excerpt":{"rendered":"<p>29 de septiembre de 1984 en el Villamar\u00edn Betis 1 Barcelona 2; jornada 5 del Campeonato de Liga de Primera Divisi\u00f3n. En la imagen arriba Esnaola, Diego, Mantilla, Alex, Ortega y Gordillo; abajo\u00a0 Su\u00e1rez, Parra, Carde\u00f1osa, Rinc\u00f3n y Paco. Los jugadores b\u00e9ticos lucen brazaletes negros por la muerte del torero Francico Rivera \u00abPaquirri\u00bb, 3 d\u00edas&#8230;<\/p>\n","protected":false},"author":5,"featured_media":87697,"comment_status":"open","ping_status":"open","sticky":false,"template":"","format":"standard","meta":{"_kad_post_transparent":"","_kad_post_title":"","_kad_post_layout":"","_kad_post_sidebar_id":"","_kad_post_content_style":"","_kad_post_vertical_padding":"","_kad_post_feature":"","_kad_post_feature_position":"","_kad_post_header":false,"_kad_post_footer":false,"_kad_post_classname":"","_jetpack_memberships_contains_paid_content":false,"footnotes":"","jetpack_publicize_message":"","jetpack_publicize_feature_enabled":true,"jetpack_social_post_already_shared":true,"jetpack_social_options":{"image_generator_settings":{"template":"highway","default_image_id":0,"font":"","enabled":false},"version":2}},"categories":[904,1],"tags":[3115,2251,13196,1422,1476,1154,1385,1428,3281,1588,1085,1302,1155,17862,1305],"class_list":["post-87696","post","type-post","status-publish","format-standard","has-post-thumbnail","hentry","category-1980-1989","category-portada","tag-3115","tag-1984-85","tag-al-lal-mohand-alex","tag-antolin-ortega","tag-diego-rodriguez","tag-fc-barcelona","tag-francisco-machin-paco","tag-hipolito-rincon","tag-javier-mantilla","tag-joaquin-parra","tag-jose-carlos-suarez","tag-jose-ramon-esnaola","tag-julio-cardenosa","tag-liga-primera-1984-85","tag-rafael-gordillo"],"jetpack_publicize_connections":[],"jetpack_featured_media_url":"https:\/\/i0.wp.com\/www.manquepierda.com\/historiarealbetis\/files\/2023\/01\/Alineacion-Betis-Barcelona-Liga-1984.jpg?fit=822%2C616&ssl=1","jetpack_sharing_enabled":true,"jetpack_shortlink":"https:\/\/wp.me\/p1ij08-mOs","jetpack-related-posts":[],"_links":{"self":[{"href":"https:\/\/www.manquepierda.com\/historiarealbetis\/wp-json\/wp\/v2\/posts\/87696","targetHints":{"allow":["GET"]}}],"collection":[{"href":"https:\/\/www.manquepierda.com\/historiarealbetis\/wp-json\/wp\/v2\/posts"}],"about":[{"href":"https:\/\/www.manquepierda.com\/historiarealbetis\/wp-json\/wp\/v2\/types\/post"}],"author":[{"embeddable":true,"href":"https:\/\/www.manquepierda.com\/historiarealbetis\/wp-json\/wp\/v2\/users\/5"}],"replies":[{"embeddable":true,"href":"https:\/\/www.manquepierda.com\/historiarealbetis\/wp-json\/wp\/v2\/comments?post=87696"}],"version-history":[{"count":4,"href":"https:\/\/www.manquepierda.com\/historiarealbetis\/wp-json\/wp\/v2\/posts\/87696\/revisions"}],"predecessor-version":[{"id":87770,"href":"https:\/\/www.manquepierda.com\/historiarealbetis\/wp-json\/wp\/v2\/posts\/87696\/revisions\/87770"}],"wp:featuredmedia":[{"embeddable":true,"href":"https:\/\/www.manquepierda.com\/historiarealbetis\/wp-json\/wp\/v2\/media\/87697"}],"wp:attachment":[{"href":"https:\/\/www.manquepierda.com\/historiarealbetis\/wp-json\/wp\/v2\/media?parent=87696"}],"wp:term":[{"taxonomy":"category","embeddable":true,"href":"https:\/\/www.manquepierda.com\/historiarealbetis\/wp-json\/wp\/v2\/categories?post=87696"},{"taxonomy":"post_tag","embeddable":true,"href":"https:\/\/www.manquepierda.com\/historiarealbetis\/wp-json\/wp\/v2\/tags?post=87696"}],"curies":[{"name":"wp","href":"https:\/\/api.w.org\/{rel}","templated":true}]}}