{"id":87787,"date":"2023-02-08T12:00:00","date_gmt":"2023-02-08T11:00:00","guid":{"rendered":"https:\/\/www.manquepierda.com\/historiarealbetis\/?p=87787"},"modified":"2023-02-08T12:34:19","modified_gmt":"2023-02-08T11:34:19","slug":"hoy-hace-50-anos-sant-andreu-1-betis-0-en-copa","status":"publish","type":"post","link":"https:\/\/www.manquepierda.com\/historiarealbetis\/hoy-hace-50-anos-sant-andreu-1-betis-0-en-copa\/","title":{"rendered":"Hoy hace 50 a\u00f1os. Sant Andreu 1 Betis 0 en Copa."},"content":{"rendered":"<div class=\"wp-block-image\">\n<figure class=\"aligncenter size-full is-resized\"><img data-recalc-dims=\"1\" loading=\"lazy\" decoding=\"async\" src=\"https:\/\/i0.wp.com\/www.manquepierda.com\/historiarealbetis\/files\/2023\/01\/8-1973-Sant-Andreu-1-Betis-0-Copa.jpg?resize=478%2C523&#038;ssl=1\" alt=\"\" class=\"wp-image-87788\" width=\"478\" height=\"523\" srcset=\"https:\/\/i0.wp.com\/www.manquepierda.com\/historiarealbetis\/files\/2023\/01\/8-1973-Sant-Andreu-1-Betis-0-Copa.jpg?w=386&amp;ssl=1 386w, https:\/\/i0.wp.com\/www.manquepierda.com\/historiarealbetis\/files\/2023\/01\/8-1973-Sant-Andreu-1-Betis-0-Copa.jpg?resize=201%2C220&amp;ssl=1 201w\" sizes=\"auto, (max-width: 478px) 100vw, 478px\" \/><\/figure>\n<\/div>\n\n<p><span style=\"color: #008000\">El 8 de febrero de 1973 en Santa Coloma el Sant Andreu derrota 1-0 al Betis en el partido de ida de los dieciseisavos de final de la Copa.<\/span><\/p>\n<p><span style=\"color: #008000\">Silvestre en el minuto 74 fue el autor del \u00fanico gol del partido, al rematar de cabeza una falta lanzada por Serena.<\/span><\/p>\n<p><span style=\"color: #008000\">El Sant Andreu, entrenado por Gustavo Biosca, aline\u00f3 a Comas; Mur, Leguizam\u00f3n, Puig, Albert; Vidal I (46, Silvetre), Borr\u00e1s, Vidal II (46, Corral); Serena, Mart\u00edn y Feliu.<\/span><\/p>\n<p><span style=\"color: #008000\">El Betis, dirigido por Ferenc Szusza, jug\u00f3 con Campos; Bizcocho, Telech\u00eda, Frigols, Cobo; Gonz\u00e1lez, Jenaro, Rogelio (65, Ben\u00edtez); Del Pozo, Orife y Nebot. \u00a0<\/span><\/p>","protected":false},"excerpt":{"rendered":"<p>El 8 de febrero de 1973 en Santa Coloma el Sant Andreu derrota 1-0 al Betis en el partido de ida de los dieciseisavos de final de la Copa. Silvestre en el minuto 74 fue el autor del \u00fanico gol del partido, al rematar de cabeza una falta lanzada por Serena. El Sant Andreu, entrenado&#8230;<\/p>\n","protected":false},"author":5,"featured_media":87788,"comment_status":"open","ping_status":"open","sticky":false,"template":"","format":"standard","meta":{"_kad_post_transparent":"","_kad_post_title":"","_kad_post_layout":"","_kad_post_sidebar_id":"","_kad_post_content_style":"","_kad_post_vertical_padding":"","_kad_post_feature":"","_kad_post_feature_position":"","_kad_post_header":false,"_kad_post_footer":false,"_kad_post_classname":"","_jetpack_memberships_contains_paid_content":false,"footnotes":"","jetpack_publicize_message":"","jetpack_publicize_feature_enabled":true,"jetpack_social_post_already_shared":true,"jetpack_social_options":{"image_generator_settings":{"template":"highway","default_image_id":0,"font":"","enabled":false},"version":2}},"categories":[903,14583,1],"tags":[56,17120],"class_list":["post-87787","post","type-post","status-publish","format-standard","has-post-thumbnail","hentry","category-1970-1979","category-efemerides","category-portada","tag-56","tag-ue-sant-andreu"],"jetpack_publicize_connections":[],"jetpack_featured_media_url":"https:\/\/i0.wp.com\/www.manquepierda.com\/historiarealbetis\/files\/2023\/01\/8-1973-Sant-Andreu-1-Betis-0-Copa.jpg?fit=386%2C422&ssl=1","jetpack_sharing_enabled":true,"jetpack_shortlink":"https:\/\/wp.me\/p1ij08-mPV","jetpack-related-posts":[],"_links":{"self":[{"href":"https:\/\/www.manquepierda.com\/historiarealbetis\/wp-json\/wp\/v2\/posts\/87787","targetHints":{"allow":["GET"]}}],"collection":[{"href":"https:\/\/www.manquepierda.com\/historiarealbetis\/wp-json\/wp\/v2\/posts"}],"about":[{"href":"https:\/\/www.manquepierda.com\/historiarealbetis\/wp-json\/wp\/v2\/types\/post"}],"author":[{"embeddable":true,"href":"https:\/\/www.manquepierda.com\/historiarealbetis\/wp-json\/wp\/v2\/users\/5"}],"replies":[{"embeddable":true,"href":"https:\/\/www.manquepierda.com\/historiarealbetis\/wp-json\/wp\/v2\/comments?post=87787"}],"version-history":[{"count":4,"href":"https:\/\/www.manquepierda.com\/historiarealbetis\/wp-json\/wp\/v2\/posts\/87787\/revisions"}],"predecessor-version":[{"id":87871,"href":"https:\/\/www.manquepierda.com\/historiarealbetis\/wp-json\/wp\/v2\/posts\/87787\/revisions\/87871"}],"wp:featuredmedia":[{"embeddable":true,"href":"https:\/\/www.manquepierda.com\/historiarealbetis\/wp-json\/wp\/v2\/media\/87788"}],"wp:attachment":[{"href":"https:\/\/www.manquepierda.com\/historiarealbetis\/wp-json\/wp\/v2\/media?parent=87787"}],"wp:term":[{"taxonomy":"category","embeddable":true,"href":"https:\/\/www.manquepierda.com\/historiarealbetis\/wp-json\/wp\/v2\/categories?post=87787"},{"taxonomy":"post_tag","embeddable":true,"href":"https:\/\/www.manquepierda.com\/historiarealbetis\/wp-json\/wp\/v2\/tags?post=87787"}],"curies":[{"name":"wp","href":"https:\/\/api.w.org\/{rel}","templated":true}]}}