{"id":87846,"date":"2023-02-10T09:44:00","date_gmt":"2023-02-10T08:44:00","guid":{"rendered":"https:\/\/www.manquepierda.com\/historiarealbetis\/?p=87846"},"modified":"2024-08-09T15:55:27","modified_gmt":"2024-08-09T13:55:27","slug":"almeria-betis-liga-2008","status":"publish","type":"post","link":"https:\/\/www.manquepierda.com\/historiarealbetis\/almeria-betis-liga-2008\/","title":{"rendered":"Almer\u00eda-Betis Liga 2008"},"content":{"rendered":"<div class=\"wp-block-image\">\n<figure class=\"aligncenter size-large\"><img data-recalc-dims=\"1\" loading=\"lazy\" decoding=\"async\" width=\"864\" height=\"700\" src=\"https:\/\/i0.wp.com\/www.manquepierda.com\/historiarealbetis\/files\/2023\/02\/Almeria-Betis-Liga-2008-Arzu.jpg?resize=864%2C700&#038;ssl=1\" alt=\"\" class=\"wp-image-87847\" srcset=\"https:\/\/i0.wp.com\/www.manquepierda.com\/historiarealbetis\/files\/2023\/02\/Almeria-Betis-Liga-2008-Arzu.jpg?resize=864%2C700&amp;ssl=1 864w, https:\/\/i0.wp.com\/www.manquepierda.com\/historiarealbetis\/files\/2023\/02\/Almeria-Betis-Liga-2008-Arzu.jpg?resize=680%2C551&amp;ssl=1 680w, https:\/\/i0.wp.com\/www.manquepierda.com\/historiarealbetis\/files\/2023\/02\/Almeria-Betis-Liga-2008-Arzu.jpg?resize=220%2C178&amp;ssl=1 220w, https:\/\/i0.wp.com\/www.manquepierda.com\/historiarealbetis\/files\/2023\/02\/Almeria-Betis-Liga-2008-Arzu.jpg?resize=768%2C622&amp;ssl=1 768w, https:\/\/i0.wp.com\/www.manquepierda.com\/historiarealbetis\/files\/2023\/02\/Almeria-Betis-Liga-2008-Arzu.jpg?w=1600&amp;ssl=1 1600w\" sizes=\"auto, (max-width: 864px) 100vw, 864px\" \/><\/figure>\n<\/div>\n\n<p>4 de mayo de 2008 en el Juegos del Mediterr\u00e1neo Almer\u00eda 1 Betis 1; jornada 35 del Campeonato de Liga de Primera Divisi\u00f3n.<\/p>\n<p>En la imagen el centrocampista b\u00e9tico Arzu&nbsp; pelea un bal\u00f3n con el almeriense Melo.<\/p>\n<p>Odonkor adelant\u00f3 al Betis en el 43, empatando Pulido en el 47 para los locales.<\/p>\n<p>Unai Emery entrenaba al Almer\u00eda y Francisco Chaparro al Betis.&nbsp;<\/p>","protected":false},"excerpt":{"rendered":"<p>4 de mayo de 2008 en el Juegos del Mediterr\u00e1neo Almer\u00eda 1 Betis 1; jornada 35 del Campeonato de Liga de Primera Divisi\u00f3n. En la imagen el centrocampista b\u00e9tico Arzu&nbsp; pelea un bal\u00f3n con el almeriense Melo. Odonkor adelant\u00f3 al Betis en el 43, empatando Pulido en el 47 para los locales. Unai Emery entrenaba&#8230;<\/p>\n","protected":false},"author":5,"featured_media":87847,"comment_status":"open","ping_status":"open","sticky":false,"template":"","format":"standard","meta":{"_kad_post_transparent":"","_kad_post_title":"","_kad_post_layout":"","_kad_post_sidebar_id":"","_kad_post_content_style":"","_kad_post_vertical_padding":"","_kad_post_feature":"","_kad_post_feature_position":"","_kad_post_header":false,"_kad_post_footer":false,"_kad_post_classname":"","_jetpack_memberships_contains_paid_content":false,"footnotes":"","jetpack_publicize_message":"","jetpack_publicize_feature_enabled":true,"jetpack_social_post_already_shared":true,"jetpack_social_options":{"image_generator_settings":{"template":"highway","default_image_id":0,"font":"","enabled":false},"version":2}},"categories":[4823,1],"tags":[6620,6619,1341,17817,8557],"class_list":["post-87846","post","type-post","status-publish","format-standard","has-post-thumbnail","hentry","category-2000-2009","category-portada","tag-2007-08","tag-6619","tag-arturo-garcia-arzu","tag-liga-primera-2007-08","tag-ud-almeria"],"jetpack_publicize_connections":[],"jetpack_featured_media_url":"https:\/\/i0.wp.com\/www.manquepierda.com\/historiarealbetis\/files\/2023\/02\/Almeria-Betis-Liga-2008-Arzu.jpg?fit=1600%2C1296&ssl=1","jetpack_sharing_enabled":true,"jetpack_shortlink":"https:\/\/wp.me\/p1ij08-mQS","jetpack-related-posts":[],"_links":{"self":[{"href":"https:\/\/www.manquepierda.com\/historiarealbetis\/wp-json\/wp\/v2\/posts\/87846","targetHints":{"allow":["GET"]}}],"collection":[{"href":"https:\/\/www.manquepierda.com\/historiarealbetis\/wp-json\/wp\/v2\/posts"}],"about":[{"href":"https:\/\/www.manquepierda.com\/historiarealbetis\/wp-json\/wp\/v2\/types\/post"}],"author":[{"embeddable":true,"href":"https:\/\/www.manquepierda.com\/historiarealbetis\/wp-json\/wp\/v2\/users\/5"}],"replies":[{"embeddable":true,"href":"https:\/\/www.manquepierda.com\/historiarealbetis\/wp-json\/wp\/v2\/comments?post=87846"}],"version-history":[{"count":3,"href":"https:\/\/www.manquepierda.com\/historiarealbetis\/wp-json\/wp\/v2\/posts\/87846\/revisions"}],"predecessor-version":[{"id":87850,"href":"https:\/\/www.manquepierda.com\/historiarealbetis\/wp-json\/wp\/v2\/posts\/87846\/revisions\/87850"}],"wp:featuredmedia":[{"embeddable":true,"href":"https:\/\/www.manquepierda.com\/historiarealbetis\/wp-json\/wp\/v2\/media\/87847"}],"wp:attachment":[{"href":"https:\/\/www.manquepierda.com\/historiarealbetis\/wp-json\/wp\/v2\/media?parent=87846"}],"wp:term":[{"taxonomy":"category","embeddable":true,"href":"https:\/\/www.manquepierda.com\/historiarealbetis\/wp-json\/wp\/v2\/categories?post=87846"},{"taxonomy":"post_tag","embeddable":true,"href":"https:\/\/www.manquepierda.com\/historiarealbetis\/wp-json\/wp\/v2\/tags?post=87846"}],"curies":[{"name":"wp","href":"https:\/\/api.w.org\/{rel}","templated":true}]}}