{"id":87884,"date":"2023-02-16T12:00:00","date_gmt":"2023-02-16T11:00:00","guid":{"rendered":"https:\/\/www.manquepierda.com\/historiarealbetis\/?p=87884"},"modified":"2024-08-10T19:38:20","modified_gmt":"2024-08-10T17:38:20","slug":"hoy-hace-20-anos-betis-3-real-sociedad-2","status":"publish","type":"post","link":"https:\/\/www.manquepierda.com\/historiarealbetis\/hoy-hace-20-anos-betis-3-real-sociedad-2\/","title":{"rendered":"Hoy hace 20 a\u00f1os. Betis 3 Real Sociedad 2."},"content":{"rendered":"<div class=\"wp-block-image\">\n<figure class=\"aligncenter size-full\"><img data-recalc-dims=\"1\" loading=\"lazy\" decoding=\"async\" width=\"578\" height=\"422\" src=\"https:\/\/i0.wp.com\/www.manquepierda.com\/historiarealbetis\/files\/2023\/02\/16-2002-Betis-3-Real-Sociedad-2-.jpg?resize=578%2C422&#038;ssl=1\" alt=\"\" class=\"wp-image-87885\" srcset=\"https:\/\/i0.wp.com\/www.manquepierda.com\/historiarealbetis\/files\/2023\/02\/16-2002-Betis-3-Real-Sociedad-2-.jpg?w=578&amp;ssl=1 578w, https:\/\/i0.wp.com\/www.manquepierda.com\/historiarealbetis\/files\/2023\/02\/16-2002-Betis-3-Real-Sociedad-2-.jpg?resize=220%2C161&amp;ssl=1 220w\" sizes=\"auto, (max-width: 578px) 100vw, 578px\" \/><\/figure>\n<\/div>\n\n<p><span style=\"color: #008000\">El 16 de febrero de 2003 en el Ruiz de Lopera el Betis se impone 3-2 a la Real Sociedad en partido de la jornada 22 del Campeonato de Liga de Primera Divisi\u00f3n.<\/span><\/p>\n<p><span style=\"color: #008000\">Un partido disputad\u00edsimo en el que el conjunto b\u00e9tico se impuso a una Real Sociedad l\u00edder de la clasificaci\u00f3n, con un penalti muy discutido en el minuto 92.<\/span><\/p>\n<p><span style=\"color: #008000\">En el 11 se adelant\u00f3 el Betis con un gran cabezazo de Fernando a centro de Varela. La Real Sociedad le dio la vuelta al marcador, con una falta lanzada por Nihat en el 73 y un remate de este mismo jugador en el 77 tras una gran jugada de Kovacevic. En el 86 Filipescu empat\u00f3 de chilena, y en el 93 Fernando transform\u00f3 un penalti se\u00f1alado a J\u00e1uregui tras una pugna en el \u00e1rea con Dani, quien reaparec\u00eda tras diez meses lesionado.<\/span><\/p>\n<p><span style=\"color: #008000\">El Betis, dirigido por V\u00edctor Fern\u00e1ndez, aline\u00f3 a Prats; Varela, Arzu, Melli, Filipescu; Ito, Assun\u00e7ao (87, Ca\u00f1as); Joaqu\u00edn, Capi, Denilson (69, Dani) y Fernando.<\/span><\/p>\n<p><span style=\"color: #008000\">La Real Sociedad, entrenada por Raynald Denoueix, form\u00f3 con Westerveld; L\u00f3pez Rekarte, J\u00e1uregui, Schurrer, Aranz\u00e1bal; Karpin, Boris, Mikel Alonso (64, Tayfun), Barkero (89, Gabilondo); Nihat y Kovacevic. \u00a0\u00a0<\/span>\u00a0<\/p>","protected":false},"excerpt":{"rendered":"<p>El 16 de febrero de 2003 en el Ruiz de Lopera el Betis se impone 3-2 a la Real Sociedad en partido de la jornada 22 del Campeonato de Liga de Primera Divisi\u00f3n. Un partido disputad\u00edsimo en el que el conjunto b\u00e9tico se impuso a una Real Sociedad l\u00edder de la clasificaci\u00f3n, con un penalti&#8230;<\/p>\n","protected":false},"author":5,"featured_media":87885,"comment_status":"open","ping_status":"open","sticky":false,"template":"","format":"standard","meta":{"_kad_post_transparent":"","_kad_post_title":"","_kad_post_layout":"","_kad_post_sidebar_id":"","_kad_post_content_style":"","_kad_post_vertical_padding":"","_kad_post_feature":"","_kad_post_feature_position":"","_kad_post_header":false,"_kad_post_footer":false,"_kad_post_classname":"","_jetpack_memberships_contains_paid_content":false,"footnotes":"","jetpack_publicize_message":"","jetpack_publicize_feature_enabled":true,"jetpack_social_post_already_shared":true,"jetpack_social_options":{"image_generator_settings":{"template":"highway","default_image_id":0,"font":"","enabled":false},"version":2}},"categories":[4823,14583,1],"tags":[6552,17930,15912],"class_list":["post-87884","post","type-post","status-publish","format-standard","has-post-thumbnail","hentry","category-2000-2009","category-efemerides","category-portada","tag-6552","tag-liga-primera-2002-03","tag-real-sociedad-de-futbol"],"jetpack_publicize_connections":[],"jetpack_featured_media_url":"https:\/\/i0.wp.com\/www.manquepierda.com\/historiarealbetis\/files\/2023\/02\/16-2002-Betis-3-Real-Sociedad-2-.jpg?fit=578%2C422&ssl=1","jetpack_sharing_enabled":true,"jetpack_shortlink":"https:\/\/wp.me\/p1ij08-mRu","jetpack-related-posts":[],"_links":{"self":[{"href":"https:\/\/www.manquepierda.com\/historiarealbetis\/wp-json\/wp\/v2\/posts\/87884","targetHints":{"allow":["GET"]}}],"collection":[{"href":"https:\/\/www.manquepierda.com\/historiarealbetis\/wp-json\/wp\/v2\/posts"}],"about":[{"href":"https:\/\/www.manquepierda.com\/historiarealbetis\/wp-json\/wp\/v2\/types\/post"}],"author":[{"embeddable":true,"href":"https:\/\/www.manquepierda.com\/historiarealbetis\/wp-json\/wp\/v2\/users\/5"}],"replies":[{"embeddable":true,"href":"https:\/\/www.manquepierda.com\/historiarealbetis\/wp-json\/wp\/v2\/comments?post=87884"}],"version-history":[{"count":3,"href":"https:\/\/www.manquepierda.com\/historiarealbetis\/wp-json\/wp\/v2\/posts\/87884\/revisions"}],"predecessor-version":[{"id":87888,"href":"https:\/\/www.manquepierda.com\/historiarealbetis\/wp-json\/wp\/v2\/posts\/87884\/revisions\/87888"}],"wp:featuredmedia":[{"embeddable":true,"href":"https:\/\/www.manquepierda.com\/historiarealbetis\/wp-json\/wp\/v2\/media\/87885"}],"wp:attachment":[{"href":"https:\/\/www.manquepierda.com\/historiarealbetis\/wp-json\/wp\/v2\/media?parent=87884"}],"wp:term":[{"taxonomy":"category","embeddable":true,"href":"https:\/\/www.manquepierda.com\/historiarealbetis\/wp-json\/wp\/v2\/categories?post=87884"},{"taxonomy":"post_tag","embeddable":true,"href":"https:\/\/www.manquepierda.com\/historiarealbetis\/wp-json\/wp\/v2\/tags?post=87884"}],"curies":[{"name":"wp","href":"https:\/\/api.w.org\/{rel}","templated":true}]}}