{"id":87889,"date":"2023-02-17T12:00:00","date_gmt":"2023-02-17T11:00:00","guid":{"rendered":"https:\/\/www.manquepierda.com\/historiarealbetis\/?p=87889"},"modified":"2024-08-09T18:08:06","modified_gmt":"2024-08-09T16:08:06","slug":"hoy-hace-60-anos-betis-2-oviedo-1","status":"publish","type":"post","link":"https:\/\/www.manquepierda.com\/historiarealbetis\/hoy-hace-60-anos-betis-2-oviedo-1\/","title":{"rendered":"Hoy hace 60 a\u00f1os. Betis 2 Oviedo 1."},"content":{"rendered":"<div class=\"wp-block-image\">\n<figure class=\"aligncenter size-large\"><img data-recalc-dims=\"1\" loading=\"lazy\" decoding=\"async\" width=\"960\" height=\"664\" src=\"https:\/\/i0.wp.com\/www.manquepierda.com\/historiarealbetis\/files\/2023\/02\/17-1963-Betis-2-Oviedo-1.jpg?resize=960%2C664&#038;ssl=1\" alt=\"\" class=\"wp-image-87890\" srcset=\"https:\/\/i0.wp.com\/www.manquepierda.com\/historiarealbetis\/files\/2023\/02\/17-1963-Betis-2-Oviedo-1.jpg?resize=960%2C664&amp;ssl=1 960w, https:\/\/i0.wp.com\/www.manquepierda.com\/historiarealbetis\/files\/2023\/02\/17-1963-Betis-2-Oviedo-1.jpg?resize=680%2C470&amp;ssl=1 680w, https:\/\/i0.wp.com\/www.manquepierda.com\/historiarealbetis\/files\/2023\/02\/17-1963-Betis-2-Oviedo-1.jpg?resize=220%2C152&amp;ssl=1 220w, https:\/\/i0.wp.com\/www.manquepierda.com\/historiarealbetis\/files\/2023\/02\/17-1963-Betis-2-Oviedo-1.jpg?resize=768%2C531&amp;ssl=1 768w, https:\/\/i0.wp.com\/www.manquepierda.com\/historiarealbetis\/files\/2023\/02\/17-1963-Betis-2-Oviedo-1.jpg?w=969&amp;ssl=1 969w\" sizes=\"auto, (max-width: 960px) 100vw, 960px\" \/><\/figure>\n<\/div>\n\n<p><span style=\"color: #008000\">El 17 de febrero de 1963 en el Villamar\u00edn el Betis vence 2-1 al Oviedo en partido de la jornada 21 del Campeonato de Liga de Primera Divisi\u00f3n.<\/span><\/p>\n<p><span style=\"color: #008000\">En el 17 un disparo de Jos\u00e9 Luis rechazado por el larguero fue aprovechado por Icazuariaga para hacer el gol ovetense. En el minuto 33 un remate de cabeza de Pallar\u00e9s supuso el empate y en el 62 un duro disparo de Luis dio la victoria a los verdiblancos.<\/span><\/p>\n<p><span style=\"color: #008000\">El Betis, dirigido por Ernesto Pons, aline\u00f3 a Corral (46, Pep\u00edn); Grau, R\u00edos, Paquito; Bosch, Lasa; Pallar\u00e9s, Luis, Ansola, Senekowitsch y Rogelio.<\/span><\/p>\n<p><span style=\"color: #008000\">El Oviedo, entrenado por Juan Ochoa, jug\u00f3 con Madriles; Toni, Datzira, Marigil; Iguar\u00e1n, Paquito; Gir\u00f3n, S\u00e1nchez Lage, Jos\u00e9 Luis, Icazuriaga y Jos\u00e9 Mar\u00eda.<\/span><\/p>","protected":false},"excerpt":{"rendered":"<p>El 17 de febrero de 1963 en el Villamar\u00edn el Betis vence 2-1 al Oviedo en partido de la jornada 21 del Campeonato de Liga de Primera Divisi\u00f3n. En el 17 un disparo de Jos\u00e9 Luis rechazado por el larguero fue aprovechado por Icazuariaga para hacer el gol ovetense. En el minuto 33 un remate&#8230;<\/p>\n","protected":false},"author":5,"featured_media":87890,"comment_status":"open","ping_status":"open","sticky":false,"template":"","format":"standard","meta":{"_kad_post_transparent":"","_kad_post_title":"","_kad_post_layout":"","_kad_post_sidebar_id":"","_kad_post_content_style":"","_kad_post_vertical_padding":"","_kad_post_feature":"","_kad_post_feature_position":"","_kad_post_header":false,"_kad_post_footer":false,"_kad_post_classname":"","_jetpack_memberships_contains_paid_content":false,"footnotes":"","jetpack_publicize_message":"","jetpack_publicize_feature_enabled":true,"jetpack_social_post_already_shared":true,"jetpack_social_options":{"image_generator_settings":{"template":"highway","default_image_id":0,"font":"","enabled":false},"version":2}},"categories":[902,14583,1],"tags":[4281,17839,14171],"class_list":["post-87889","post","type-post","status-publish","format-standard","has-post-thumbnail","hentry","category-1960-1969","category-efemerides","category-portada","tag-4281","tag-liga-primera-1962-63","tag-real-oviedo-cf"],"jetpack_publicize_connections":[],"jetpack_featured_media_url":"https:\/\/i0.wp.com\/www.manquepierda.com\/historiarealbetis\/files\/2023\/02\/17-1963-Betis-2-Oviedo-1.jpg?fit=969%2C670&ssl=1","jetpack_sharing_enabled":true,"jetpack_shortlink":"https:\/\/wp.me\/p1ij08-mRz","jetpack-related-posts":[],"_links":{"self":[{"href":"https:\/\/www.manquepierda.com\/historiarealbetis\/wp-json\/wp\/v2\/posts\/87889","targetHints":{"allow":["GET"]}}],"collection":[{"href":"https:\/\/www.manquepierda.com\/historiarealbetis\/wp-json\/wp\/v2\/posts"}],"about":[{"href":"https:\/\/www.manquepierda.com\/historiarealbetis\/wp-json\/wp\/v2\/types\/post"}],"author":[{"embeddable":true,"href":"https:\/\/www.manquepierda.com\/historiarealbetis\/wp-json\/wp\/v2\/users\/5"}],"replies":[{"embeddable":true,"href":"https:\/\/www.manquepierda.com\/historiarealbetis\/wp-json\/wp\/v2\/comments?post=87889"}],"version-history":[{"count":1,"href":"https:\/\/www.manquepierda.com\/historiarealbetis\/wp-json\/wp\/v2\/posts\/87889\/revisions"}],"predecessor-version":[{"id":87891,"href":"https:\/\/www.manquepierda.com\/historiarealbetis\/wp-json\/wp\/v2\/posts\/87889\/revisions\/87891"}],"wp:featuredmedia":[{"embeddable":true,"href":"https:\/\/www.manquepierda.com\/historiarealbetis\/wp-json\/wp\/v2\/media\/87890"}],"wp:attachment":[{"href":"https:\/\/www.manquepierda.com\/historiarealbetis\/wp-json\/wp\/v2\/media?parent=87889"}],"wp:term":[{"taxonomy":"category","embeddable":true,"href":"https:\/\/www.manquepierda.com\/historiarealbetis\/wp-json\/wp\/v2\/categories?post=87889"},{"taxonomy":"post_tag","embeddable":true,"href":"https:\/\/www.manquepierda.com\/historiarealbetis\/wp-json\/wp\/v2\/tags?post=87889"}],"curies":[{"name":"wp","href":"https:\/\/api.w.org\/{rel}","templated":true}]}}