{"id":87969,"date":"2023-02-20T10:02:00","date_gmt":"2023-02-20T09:02:00","guid":{"rendered":"https:\/\/www.manquepierda.com\/historiarealbetis\/?p=87969"},"modified":"2023-02-16T20:30:10","modified_gmt":"2023-02-16T19:30:10","slug":"entrevista-antonio-cruz-1963","status":"publish","type":"post","link":"https:\/\/www.manquepierda.com\/historiarealbetis\/entrevista-antonio-cruz-1963\/","title":{"rendered":"Entrevista Antonio Cruz 1963"},"content":{"rendered":"<div class=\"wp-block-image\">\n<figure class=\"aligncenter size-large\"><img data-recalc-dims=\"1\" loading=\"lazy\" decoding=\"async\" width=\"535\" height=\"700\" src=\"https:\/\/i0.wp.com\/www.manquepierda.com\/historiarealbetis\/files\/2023\/02\/Cruz-1.jpg?resize=535%2C700&#038;ssl=1\" alt=\"\" class=\"wp-image-87970\" srcset=\"https:\/\/i0.wp.com\/www.manquepierda.com\/historiarealbetis\/files\/2023\/02\/Cruz-1.jpg?resize=535%2C700&amp;ssl=1 535w, https:\/\/i0.wp.com\/www.manquepierda.com\/historiarealbetis\/files\/2023\/02\/Cruz-1.jpg?resize=459%2C600&amp;ssl=1 459w, https:\/\/i0.wp.com\/www.manquepierda.com\/historiarealbetis\/files\/2023\/02\/Cruz-1.jpg?resize=168%2C220&amp;ssl=1 168w, https:\/\/i0.wp.com\/www.manquepierda.com\/historiarealbetis\/files\/2023\/02\/Cruz-1.jpg?resize=768%2C1005&amp;ssl=1 768w, https:\/\/i0.wp.com\/www.manquepierda.com\/historiarealbetis\/files\/2023\/02\/Cruz-1.jpg?w=1032&amp;ssl=1 1032w\" sizes=\"auto, (max-width: 535px) 100vw, 535px\" \/><\/figure>\n<\/div>\n\n<p>A los 18 a\u00f1os de edad debut\u00f3 con el primer equipo b\u00e9tico Antonio Cruz, un joven extremo que hab\u00eda llegado al equipo juvenil procedente de los juveniles del Recreativo de Huelva, y que alcanz\u00f3 la internacionalidad en la 62-63.\u00a0<\/p>\n<p>Su debut se produjo el 26 de mayo de 1963 en el Villamar\u00edn contra el Real Madrid, en cuartos de final de la Copa, destacando por su habilidad y rapidez, con lo que Domingo Balmanya lo incorpor\u00f3 a la primera plantilla para la temporada 1963-64.<\/p>\n<p>Desgraciadamente una importante lesi\u00f3n en el S\u00e1nchez Pizju\u00e1n en un derbi en febrero de 1965, al chocar con el meta sevillista Rodri, supuso un par\u00f3n en su carrera deportiva, no volviendo a alcanzar el nivel que hab\u00eda tenido en sus inicios.<\/p>\n<p>Esta entrevista se public\u00f3 en el diario vespertino Sevilla, a cargo del periodista Mart\u00edn Benito, 2 d\u00edas antes del partido de su debut, en la concentraci\u00f3n que el equipo b\u00e9tico ten\u00eda en Sanl\u00facar la Mayor, en Los \u00c1lamos, un cl\u00e1sico lugar de concentraci\u00f3n del Betis en la primera mitad de la d\u00e9cada de los 60.<\/p>\n<p><span style=\"color: #008000\"><em>Ya se ven\u00eda rumoreando la posible inclusi\u00f3n de Cruz en el primer equipo del Betis. La ocasi\u00f3n se ha presentado y, el domingo, el internacional juvenil formar\u00e1 ala con Luis nada menos que contra el Real Madrid. Una alternativa, hablando en t\u00e9rminos taurinos, de toda gala y sin pasar por plazas de segundo orden. <\/em><\/span><\/p>\n<p><span style=\"color: #008000\"><em>Se puede decir que nos tropezamos con la noticia. A la salida de los toros se encontraba reunida la plana mayor del Betis con su presidente, don Benito Villamar\u00edn, al frente, en un bar. Se comentaba la inclusi\u00f3n de Cruz en el equipo. Como la noticia merec\u00eda la pena decidimos ir a Los \u00c1lamos, para hablar con el onubense. Ya era noche cuando llegamos al paradis\u00edaco retiro de Sanl\u00facar la Mayor, y los 17 concentrados daban fin a la cena. A continuaci\u00f3n cada jugador escogi\u00f3 la distracci\u00f3n que m\u00e1s le apetec\u00eda, siendo la mesa de tenis y el televisor los que m\u00e1s atrajeron la atenci\u00f3n.<\/em><\/span><\/p>\n<p><span style=\"color: #008000\"><em>Nosotros hicimos un aparte con Cruz\u2014R\u00edos fue maestro de alternativa en lides de entrevistas\u2014, para que nos diese una impresi\u00f3n de la nueva etapa que empezar\u00e1 el domingo.<\/em><\/span><\/p>\n<p><em>&#8211; <span style=\"color: #008000\">Me enter\u00e9 esta tarde, despu\u00e9s del partido de entrenamiento. En el primer tiempo jugaron los amateurs contra los titulares, con los que se alineaba Rogelio. \u00c9ste sufri\u00f3 un tir\u00f3n y en la segunda parte el entrenador me puso a m\u00ed con el primer equipo. Yo supuse que ser\u00eda para cubrir el hueco moment\u00e1neamente<\/span><\/em><\/p>\n<p><em>&#8211; <span style=\"color: #008000\">\u00bfImpresi\u00f3n que te caus\u00f3?<\/span><\/em><\/p>\n<p><em>&#8211; <span style=\"color: #008000\">Puede usted supon\u00e9rselo. Me parec\u00eda mentira<\/span><\/em><\/p>\n<p><em>&#8211; <span style=\"color: #008000\">\u00bfQu\u00e9 supone esto para ti?<\/span><\/em><\/p>\n<p><em>&#8211; <span style=\"color: #008000\">Algo parecido a como si fuera a salir de internacional. Estoy muy contento porque se me van cumpliendo todos mis deseos<\/span><\/em><\/p>\n<p><em>&#8211; <span style=\"color: #008000\">\u00bfC\u00f3mo han recibido tus nuevos compa\u00f1eros la designaci\u00f3n?<\/span><\/em><\/p>\n<p><span style=\"color: #008000\"><em>&#8211; Magn\u00edficamente. Todos me han animado mucho<\/em><\/span><\/p>\n<p><em>&#8211; <span style=\"color: #008000\">\u00bfConsejos?<\/span><\/em><\/p>\n<p><em>&#8211; <span style=\"color: #008000\">Tambi\u00e9n. Si salgo lo har\u00e9 de extremo derecha, junto a Luis <\/span><\/em><\/p>\n<p><em>&#8211;<span style=\"color: #008000\"> \u00bfHas jugado alguna vez formando ala con \u00e9l?<\/span><\/em><\/p>\n<p><em>&#8211; <span style=\"color: #008000\">Esta tarde y algunas veces m\u00e1s. Siempre en partidos de entrenamiento<\/span><\/em><\/p>\n<p><em>&#8211;<span style=\"color: #008000\"> \u00bfF\u00e1cil jugar a su lado?<\/span><\/em><\/p>\n<p><em>&#8211; <span style=\"color: #008000\">Es un jugador extraordinario y podr\u00e9 aprender mucho. Esta misma tarde me aconsejaba la forma c\u00f3mo deb\u00eda jugar la pelota<\/span><\/em><\/p>\n<p><em>&#8211; <span style=\"color: #008000\">\u00bfMuchos nervios?<\/span><\/em><\/p>\n<p><em>&#8211; <span style=\"color: #008000\">Hasta ahora no se me han desatado. A lo mejor el s\u00e1bado por la noche\u2026<\/span><\/em><\/p>\n<p><span style=\"color: #008000\"><em>R\u00edos apostilla: \u201cSeguro que esta noche sue\u00f1a con el Real Madrid. A todos nos pasa eso\u201d.<\/em><\/span><\/p>\n<p><em>&#8211; <span style=\"color: #008000\">\u00bfCrees que es bueno para ti presentarte ante un equipo de tanta categor\u00eda?<\/span><\/em><\/p>\n<p><em><span style=\"color: #008000\">&#8211; Prefiero que sea contra el Madrid que contra otro conjunto de esos que s\u00f3lo vienen a defenderse. Ellos juegan y dejan jugar<\/span><\/em><\/p>\n<p><em>&#8211;<span style=\"color: #008000\"> \u00bfQu\u00e9 temes m\u00e1s de los pentacampeones?<\/span><\/em><\/p>\n<p><em>&#8211; <span style=\"color: #008000\">No hay pieza despreciable<\/span><\/em><\/p>\n<p><em>&#8211; <span style=\"color: #008000\">Y del p\u00fablico, \u00bftienes miedo?<\/span><\/em><\/p>\n<p><em>&#8211; <span style=\"color: #008000\">Siempre impone un poco, aunque espero que me animen. Ser\u00e1 mi primer partido en Primera Divisi\u00f3n y los espectadores sabr\u00e1n comprender mis fallos. Los p\u00fablicos generalmente son indulgentes con los que empiezan<\/span><\/em><\/p>\n<p><em>&#8211; <span style=\"color: #008000\">\u00bfQuiere decir que fracasar\u00e1s?<\/span><\/em><\/p>\n<p><em>&#8211; <span style=\"color: #008000\">Ni mucho menos. Yo pondr\u00e9 todo mi entusiasmo para salir airoso de esta prueba<\/span><\/em><\/p>\n<p><em>&#8211; <span style=\"color: #008000\">Se te acusa de ser medroso<\/span><\/em><\/p>\n<p><em>&#8211; <span style=\"color: #008000\">No lo soy. Cuando el contrario est\u00e1 en posesi\u00f3n de la pelota quiz\u00e1 no entre decidido a por ella, no por miedo, sino porque me parece in\u00fatil y hasta contraproducente. El jugador que tiene la pelota en los pies tiene todas las ventajas de salir con ella y contra m\u00e1s impetuoso entre el adversario, m\u00e1s f\u00e1cil resulte zafarse de \u00e9l y la recuperaci\u00f3n es m\u00e1s dif\u00edcil. Si tengo yo el bal\u00f3n no me importa nada<\/span><\/em><\/p>\n<p><em>&#8211; <span style=\"color: #008000\">\u00bfTe encuentras bien preparado?<\/span><\/em><\/p>\n<p><em>&#8211;<span style=\"color: #008000\"> Perfectamente. No he dejado de jugar en el Campeonato de Aficionados<\/span><\/em><\/p>\n<p><em>&#8211; <span style=\"color: #008000\">\u00bfInfluir\u00e1 su separaci\u00f3n del conjunto aficionado en el rendimiento del mismo?<\/span><\/em><\/p>\n<p><em>&#8211; <span style=\"color: #008000\">Supongo que se notar\u00e1. Al fin y al cabo era titular y los cambios siempre se notan. No obstante hay muy buena gente y pronto mi puesto ser\u00e1 cubierto convenientemente<\/span><\/em><\/p>\n<p><em>&#8211; <span style=\"color: #008000\">\u00bfQu\u00e9 te han dicho tus antiguos compa\u00f1eros?<\/span><\/em><\/p>\n<p><em>&#8211; <span style=\"color: #008000\">No me ha dado tiempo a charlar con ellos<\/span><\/em><\/p>\n<p><em>&#8211; <span style=\"color: #008000\">\u00bfHay algunos que puedan dar el salto que t\u00fa has dado?<\/span><\/em><\/p>\n<p><em>&#8211; <span style=\"color: #008000\">No me gusta hacer distinciones, pero le dar\u00e9 algunos nombres: Ant\u00f3n, Pedrito, Lucas, Pumar y Tito de los aficionados y de los juveniles Quino y Fali<\/span><\/em><\/p>\n<p><span style=\"color: #008000\"><em>&#8211; H\u00e1blame de tus virtudes y de tus defectos<\/em><\/span><\/p>\n<p><em>&#8211;<span style=\"color: #008000\"> Defectos much\u00edsimos. Virtud, la rapidez, seg\u00fan la opini\u00f3n de los dem\u00e1s<\/span> \u00a0\u00a0<\/em><\/p>\n<p><em>&#8211; <span style=\"color: #008000\">\u00bfJugada preferida?<\/span><\/em><\/p>\n<p><em>&#8211; <span style=\"color: #008000\">Cada momento tiene una jugada distinta. Me gusta irme hacia el palo para, despu\u00e9s, centrar o tirar<\/span><\/em><\/p>\n<p><em>&#8211;<span style=\"color: #008000\"> \u00bfMarcar\u00e1s el domingo?<\/span><\/em><\/p>\n<p><span style=\"color: #008000\"><em>A Cruz se llena la cara de felicidad pensando en ese posible momento. <\/em><\/span><\/p>\n<ul>\n<li><span style=\"color: #008000\"><em>\u00a1Debutar, jugar bien y meter alg\u00fan gol\u2026\u00a1 Ser\u00eda el colmo de la alegr\u00eda, pero me contento con ser \u00fatil al equipo y ayudar a los dem\u00e1s a conseguir la victoria<\/em><\/span><\/li>\n<li><span style=\"color: #008000\"><em>\u00bfSe producir\u00e1?<\/em><\/span><\/li>\n<li><span style=\"color: #008000\"><em>Por qu\u00e9 no\u2026<\/em><\/span><\/li>\n<\/ul>\n<p><span style=\"color: #008000\"><em>Finalmente le pedimos unos datos personales. Cruz naci\u00f3, hace dieciocho a\u00f1os en El Almendro y, actualmente, su familia reside en Herrer\u00eda (Huelva). S\u00f3lo tiene una hermana menor que \u00e9l y su padre trabaja en la Renfe. Sus primeras armas como futbolista las hizo en Herrer\u00eda para pasar despu\u00e9s al Recreativo de Huelva desde donde vino al Betis. En el club verdiblanco ha conseguido la internacionalidad como juvenil y el domingo, casi con toda seguridad, har\u00e1 su debut en el primer equipo. Es dif\u00edcil traducir en palabras la sentida emoci\u00f3n del muchacho ante este paso en su vida.<\/em><\/span><\/p>\n<ul>\n<li><span style=\"color: #008000\"><em>\u00bfVendr\u00e1 tu padre a verte?<\/em><\/span><\/li>\n<li><span style=\"color: #008000\"><em>No s\u00e9 si podr\u00e1 desplazarse. Cuando jugu\u00e9 contra Italia s\u00ed vino.<\/em><\/span><\/li>\n<\/ul>\n<p><span style=\"color: #008000\"><em>Una gran novedad y una gran atracci\u00f3n. \u00bfLe traicionar\u00e1n esos nervios que anoche dec\u00eda a\u00fan no hab\u00edan hecho su aparici\u00f3n? Algo ha conseguido ya antes de saltar al campo: contar con la simpat\u00eda de todos los aficionados. Ellos saben que Cruz puede ser un hombre muy \u00fatil y no le regatear\u00e1n el calor de su aliento. Y con el jugador, al entrenador que ha tenido la valent\u00eda de jugar una papeleta tan comprometida. Por eso les deseamos suerte a ambos. \u00a0\u00a0\u00a0\u00a0\u00a0<\/em><\/span><\/p>\n<p>\u00a0<\/p>","protected":false},"excerpt":{"rendered":"<p>A los 18 a\u00f1os de edad debut\u00f3 con el primer equipo b\u00e9tico Antonio Cruz, un joven extremo que hab\u00eda llegado al equipo juvenil procedente de los juveniles del Recreativo de Huelva, y que alcanz\u00f3 la internacionalidad en la 62-63.\u00a0 Su debut se produjo el 26 de mayo de 1963 en el Villamar\u00edn contra el Real&#8230;<\/p>\n","protected":false},"author":5,"featured_media":87970,"comment_status":"open","ping_status":"open","sticky":false,"template":"","format":"standard","meta":{"_kad_post_transparent":"","_kad_post_title":"","_kad_post_layout":"","_kad_post_sidebar_id":"","_kad_post_content_style":"","_kad_post_vertical_padding":"","_kad_post_feature":"","_kad_post_feature_position":"","_kad_post_header":false,"_kad_post_footer":false,"_kad_post_classname":"","_jetpack_memberships_contains_paid_content":false,"footnotes":"","jetpack_publicize_message":"","jetpack_publicize_feature_enabled":true,"jetpack_social_post_already_shared":true,"jetpack_social_options":{"image_generator_settings":{"template":"highway","default_image_id":0,"font":"","enabled":false},"version":2}},"categories":[902,893,1],"tags":[4280,4281,1344,13406],"class_list":["post-87969","post","type-post","status-publish","format-standard","has-post-thumbnail","hentry","category-1960-1969","category-jugadores-temas","category-portada","tag-1962-63","tag-4281","tag-antonio-cruz","tag-martin-benito"],"jetpack_publicize_connections":[],"jetpack_featured_media_url":"https:\/\/i0.wp.com\/www.manquepierda.com\/historiarealbetis\/files\/2023\/02\/Cruz-1.jpg?fit=1032%2C1350&ssl=1","jetpack_sharing_enabled":true,"jetpack_shortlink":"https:\/\/wp.me\/p1ij08-mSR","jetpack-related-posts":[],"_links":{"self":[{"href":"https:\/\/www.manquepierda.com\/historiarealbetis\/wp-json\/wp\/v2\/posts\/87969","targetHints":{"allow":["GET"]}}],"collection":[{"href":"https:\/\/www.manquepierda.com\/historiarealbetis\/wp-json\/wp\/v2\/posts"}],"about":[{"href":"https:\/\/www.manquepierda.com\/historiarealbetis\/wp-json\/wp\/v2\/types\/post"}],"author":[{"embeddable":true,"href":"https:\/\/www.manquepierda.com\/historiarealbetis\/wp-json\/wp\/v2\/users\/5"}],"replies":[{"embeddable":true,"href":"https:\/\/www.manquepierda.com\/historiarealbetis\/wp-json\/wp\/v2\/comments?post=87969"}],"version-history":[{"count":5,"href":"https:\/\/www.manquepierda.com\/historiarealbetis\/wp-json\/wp\/v2\/posts\/87969\/revisions"}],"predecessor-version":[{"id":87977,"href":"https:\/\/www.manquepierda.com\/historiarealbetis\/wp-json\/wp\/v2\/posts\/87969\/revisions\/87977"}],"wp:featuredmedia":[{"embeddable":true,"href":"https:\/\/www.manquepierda.com\/historiarealbetis\/wp-json\/wp\/v2\/media\/87970"}],"wp:attachment":[{"href":"https:\/\/www.manquepierda.com\/historiarealbetis\/wp-json\/wp\/v2\/media?parent=87969"}],"wp:term":[{"taxonomy":"category","embeddable":true,"href":"https:\/\/www.manquepierda.com\/historiarealbetis\/wp-json\/wp\/v2\/categories?post=87969"},{"taxonomy":"post_tag","embeddable":true,"href":"https:\/\/www.manquepierda.com\/historiarealbetis\/wp-json\/wp\/v2\/tags?post=87969"}],"curies":[{"name":"wp","href":"https:\/\/api.w.org\/{rel}","templated":true}]}}