{"id":87989,"date":"2023-02-23T10:07:00","date_gmt":"2023-02-23T09:07:00","guid":{"rendered":"https:\/\/www.manquepierda.com\/historiarealbetis\/?p=87989"},"modified":"2024-08-12T11:45:10","modified_gmt":"2024-08-12T09:45:10","slug":"alineacion-elche-betis-liga-2009","status":"publish","type":"post","link":"https:\/\/www.manquepierda.com\/historiarealbetis\/alineacion-elche-betis-liga-2009\/","title":{"rendered":"Alineaci\u00f3n Elche-Betis Liga 2009"},"content":{"rendered":"<div class=\"wp-block-image\">\n<figure class=\"aligncenter size-full\"><img data-recalc-dims=\"1\" loading=\"lazy\" decoding=\"async\" width=\"908\" height=\"458\" src=\"https:\/\/i0.wp.com\/www.manquepierda.com\/historiarealbetis\/files\/2023\/02\/Alineacion-Elche-Betis-Liga-2009.jpg?resize=908%2C458&#038;ssl=1\" alt=\"\" class=\"wp-image-87990\" srcset=\"https:\/\/i0.wp.com\/www.manquepierda.com\/historiarealbetis\/files\/2023\/02\/Alineacion-Elche-Betis-Liga-2009.jpg?w=908&amp;ssl=1 908w, https:\/\/i0.wp.com\/www.manquepierda.com\/historiarealbetis\/files\/2023\/02\/Alineacion-Elche-Betis-Liga-2009.jpg?resize=680%2C343&amp;ssl=1 680w, https:\/\/i0.wp.com\/www.manquepierda.com\/historiarealbetis\/files\/2023\/02\/Alineacion-Elche-Betis-Liga-2009.jpg?resize=220%2C111&amp;ssl=1 220w, https:\/\/i0.wp.com\/www.manquepierda.com\/historiarealbetis\/files\/2023\/02\/Alineacion-Elche-Betis-Liga-2009.jpg?resize=768%2C387&amp;ssl=1 768w\" sizes=\"auto, (max-width: 908px) 100vw, 908px\" \/><\/figure>\n<\/div>\n\n<p>22 de noviembre de 2009 en el Mart\u00ednez Valero Elche 3 Betis 0; jornada 13 del Campeonato de Liga de Segunda Divisi\u00f3n.<\/p>\n<p>En la imagen arriba Sunny, Arzu, Melli, Carlos Garc\u00eda, Pavone y Goitia; abajo Rodri, Sergio Garc\u00eda, Nelson, Vega y Juanma.<\/p>\n<p>Contundente victoria ilicitana con goles de Trejo y Jorge Molina (2), que alejaba al Betis de los 3 puestos de ascenso al mandarlo a la sexta plaza.<\/p>\n<p>Jos\u00e9 Bordal\u00e1s entrenaba al Elche y Antonio Tapia al Betis.&nbsp; &nbsp;<\/p>","protected":false},"excerpt":{"rendered":"<p>22 de noviembre de 2009 en el Mart\u00ednez Valero Elche 3 Betis 0; jornada 13 del Campeonato de Liga de Segunda Divisi\u00f3n. En la imagen arriba Sunny, Arzu, Melli, Carlos Garc\u00eda, Pavone y Goitia; abajo Rodri, Sergio Garc\u00eda, Nelson, Vega y Juanma. Contundente victoria ilicitana con goles de Trejo y Jorge Molina (2), que alejaba&#8230;<\/p>\n","protected":false},"author":5,"featured_media":87990,"comment_status":"open","ping_status":"open","sticky":false,"template":"","format":"standard","meta":{"_kad_post_transparent":"","_kad_post_title":"","_kad_post_layout":"","_kad_post_sidebar_id":"","_kad_post_content_style":"","_kad_post_vertical_padding":"","_kad_post_feature":"","_kad_post_feature_position":"","_kad_post_header":false,"_kad_post_footer":false,"_kad_post_classname":"","_jetpack_memberships_contains_paid_content":false,"footnotes":"","jetpack_publicize_message":"","jetpack_publicize_feature_enabled":true,"jetpack_social_post_already_shared":true,"jetpack_social_options":{"image_generator_settings":{"template":"highway","default_image_id":0,"font":"","enabled":false},"version":2}},"categories":[4823,1],"tags":[8877,12231,1341,7597,1378,11377,3929,1481,2426,17948,7991,4064,1626,1048,4069],"class_list":["post-87989","post","type-post","status-publish","format-standard","has-post-thumbnail","hentry","category-2000-2009","category-portada","tag-8877","tag-2009-10","tag-arturo-garcia-arzu","tag-carlos-garcia","tag-elche-cf","tag-fernando-vega","tag-inaki-goitia","tag-juan-alberto-andreu-melli","tag-juan-manuel-gomez-juanma","tag-liga-segunda-2009-10","tag-mariano-pavone","tag-nelson-tomar","tag-rodrigo-suarez-rodri","tag-sergio-garcia","tag-stephen-sunny"],"jetpack_publicize_connections":[],"jetpack_featured_media_url":"https:\/\/i0.wp.com\/www.manquepierda.com\/historiarealbetis\/files\/2023\/02\/Alineacion-Elche-Betis-Liga-2009.jpg?fit=908%2C458&ssl=1","jetpack_sharing_enabled":true,"jetpack_shortlink":"https:\/\/wp.me\/p1ij08-mTb","jetpack-related-posts":[],"_links":{"self":[{"href":"https:\/\/www.manquepierda.com\/historiarealbetis\/wp-json\/wp\/v2\/posts\/87989","targetHints":{"allow":["GET"]}}],"collection":[{"href":"https:\/\/www.manquepierda.com\/historiarealbetis\/wp-json\/wp\/v2\/posts"}],"about":[{"href":"https:\/\/www.manquepierda.com\/historiarealbetis\/wp-json\/wp\/v2\/types\/post"}],"author":[{"embeddable":true,"href":"https:\/\/www.manquepierda.com\/historiarealbetis\/wp-json\/wp\/v2\/users\/5"}],"replies":[{"embeddable":true,"href":"https:\/\/www.manquepierda.com\/historiarealbetis\/wp-json\/wp\/v2\/comments?post=87989"}],"version-history":[{"count":2,"href":"https:\/\/www.manquepierda.com\/historiarealbetis\/wp-json\/wp\/v2\/posts\/87989\/revisions"}],"predecessor-version":[{"id":87993,"href":"https:\/\/www.manquepierda.com\/historiarealbetis\/wp-json\/wp\/v2\/posts\/87989\/revisions\/87993"}],"wp:featuredmedia":[{"embeddable":true,"href":"https:\/\/www.manquepierda.com\/historiarealbetis\/wp-json\/wp\/v2\/media\/87990"}],"wp:attachment":[{"href":"https:\/\/www.manquepierda.com\/historiarealbetis\/wp-json\/wp\/v2\/media?parent=87989"}],"wp:term":[{"taxonomy":"category","embeddable":true,"href":"https:\/\/www.manquepierda.com\/historiarealbetis\/wp-json\/wp\/v2\/categories?post=87989"},{"taxonomy":"post_tag","embeddable":true,"href":"https:\/\/www.manquepierda.com\/historiarealbetis\/wp-json\/wp\/v2\/tags?post=87989"}],"curies":[{"name":"wp","href":"https:\/\/api.w.org\/{rel}","templated":true}]}}