{"id":88075,"date":"2023-02-26T10:05:00","date_gmt":"2023-02-26T09:05:00","guid":{"rendered":"https:\/\/www.manquepierda.com\/historiarealbetis\/?p=88075"},"modified":"2024-08-09T12:47:26","modified_gmt":"2024-08-09T10:47:26","slug":"campo-ajeno-elche-1978","status":"publish","type":"post","link":"https:\/\/www.manquepierda.com\/historiarealbetis\/campo-ajeno-elche-1978\/","title":{"rendered":"Campo ajeno. Elche 1978"},"content":{"rendered":"<div class=\"wp-block-image\">\n<figure class=\"aligncenter size-full is-resized\"><img data-recalc-dims=\"1\" loading=\"lazy\" decoding=\"async\" src=\"https:\/\/i0.wp.com\/www.manquepierda.com\/historiarealbetis\/files\/2023\/02\/Martinez-Valero-1978.jpg?resize=559%2C391&#038;ssl=1\" alt=\"\" class=\"wp-image-88076\" width=\"559\" height=\"391\" srcset=\"https:\/\/i0.wp.com\/www.manquepierda.com\/historiarealbetis\/files\/2023\/02\/Martinez-Valero-1978.jpg?w=269&amp;ssl=1 269w, https:\/\/i0.wp.com\/www.manquepierda.com\/historiarealbetis\/files\/2023\/02\/Martinez-Valero-1978.jpg?resize=220%2C154&amp;ssl=1 220w\" sizes=\"auto, (max-width: 559px) 100vw, 559px\" \/><\/figure>\n<\/div>\n\n<p>En abril de 1978 el Betis jug\u00f3 en el estadio Mart\u00ednez Valero de Elche por segunda vez en la historia. El partido correspond\u00eda a la jornada 31 del Campeonato de Liga de Primera Divisi\u00f3n, y la derrota a falta de 3 partidos para el final de la temporada supuso un dur\u00edsimo varapalo y redujo considerablemente las posibilidades de permanencia en la m\u00e1xima categor\u00eda.<\/p>\n<p>En las p\u00e1ginas de la Hoja del Lunes el periodista Fernando Gel\u00e1n fue el autor al d\u00eda siguiente de esta cr\u00f3nica viajera, muy habitual en el periodismo de la \u00e9poca, en la secci\u00f3n Campo ajeno, en la que se daba informaci\u00f3n y tambi\u00e9n muchos rumores sobre renovaciones, fichajes, etc<\/p>\n<ul>\n<li><span style=\"color: #008000\"><em> Pocas jornadas para el final de Liga, porque este a\u00f1o con el Mundial el campeonato termina antes para que Ladislao Kubala pueda formar la selecci\u00f3n id\u00f3nea para afrontar el torneo internacional en Argentina. Ya se conocen los \u201ccuarenta\u201d de Kubala\u2014dieciocho hombres quedaran fuera de esta lista\u2014que se aproxima en un noventa por ciento a la \u201cfamosa\u201d lista de jugadores espa\u00f1oles que publicamos en primicia hace ya algunas semanas. Lista de futbolistas espiados por Pereda y Biosca, que tuve la suerte de encontrar en un avi\u00f3n en Madrid en el que hab\u00eda viajado uno de los ayudantes del seleccionador espa\u00f1ol. Como ya se sabe, tanto Kubala como Biosca y Pereda se reunieron hace unos d\u00edas para confrontar los nombres de los jugadores que cada uno hab\u00eda ido observando a lo largo de estos \u00faltimos meses. Muchos espiados han quedado fuera del cuartes, por decirlo de alguna manera, treinta y cinco nombres que estaban en la lista que logr\u00e9 en Madrid y que publiqu\u00e9 antes que se hiciera p\u00fablica por la Federaci\u00f3n Espa\u00f1ola de F\u00fatbol. <\/em><\/span><\/li>\n<li><span style=\"color: #008000\"><em> Ya se mueve la organizaci\u00f3n del Trofeo Ciudad de Sevilla, que este a\u00f1o ser\u00e1 administrado por los dos clubs sevillanos.&nbsp;<\/em><em style=\"font-size: revert\"><span style=\"color: #008000\">Han empezado las gestiones para contratar a los dos equipos extranjeros. De<\/span> momento, una oferta concreta se ha realizado para que pueda intervenir en el torneo sevillano el PSV Eindhoven, equipo que elimin\u00f3 al Barcelona del torneo europeo. Al parecer, el equipo holand\u00e9s ya ha recibido una oferta para participar en el Ciudad de Bilbao, aunque esto no parece importar a los organizadores sevillanos. Por otra parte, tambi\u00e9n se va a realizar una gesti\u00f3n para ofertar al Austria Viena, que elimin\u00f3 en la Recopa al famoso Dinamo Mosc\u00fa. Desde luego, la organizaci\u00f3n ha tomado contacto con los hombres que pueden hacer gestiones con diversos equipos europeos y americanos con el fin de realizar las elecciones m\u00e1s oportunas. Otras noticias apuntan que se esperar\u00e1 a que pase el Mundial de Argentina para contratar aquellos equipos extranjeros que tengan en sus filas los internacionales que hayan destacado en el torneo celebrado en el nuevo continente. Se habla del \u201cboom\u201d austriaco y del franc\u00e9s, con su estrella Platini.<\/em><\/span><\/li>\n<\/ul>\n<ul>\n<li><span style=\"color: #008000\"><em> Ya dije al principio que quedan pocas jornadas para el final de la Liga 1977-78. Pues bien, siguen los rumores de la marcha del entrenador del Sevilla, Carriega, y del club verdiblanco, Iriondo. Sobre el m\u00edster sevillista se dice en importantes tertulias que un grupo de directivos del club de la calle Harinas puede ampliar el contrato del preparador gallego, si en la oferta que le haga Montes Cabeza no se alcanzan los valores econ\u00f3micos que ambiciona el m\u00edster sevillista. Claro est\u00e1 que Carriega, adem\u00e1s de una subida en el contrato, tambi\u00e9n puede exigir la contrataci\u00f3n de hombres importantes que apuntalen el cuadro. Sin embargo, Barcelona y Atl\u00e9tico de Madrid pretenden los servicios del \u201csabio gallego\u201d.<\/em><\/span><\/li>\n<li><span style=\"color: #008000\"><em> En cuanto al nuevo hombre que puede dirigir la plantilla b\u00e9tica, nada en concreto se conoce hasta el momento. Se corren rumores sobre Garc\u00eda Traid, se corrieron rumores sobre H\u00e9ctor N\u00fa\u00f1ez, pero tambi\u00e9n se destaca ahora, tras la ruptura de relaciones entre el entrenador y el Gij\u00f3n, el nombre de Vicente Miera. No tardar\u00e1 mucho tiempo en que el nombre salga a la luz sevillana impreso en los medios informativos de la ciudad. Tambi\u00e9n en la lista de futuribles Felipe Mesones. Pero atenci\u00f3n, a\u00fan queda otro nombre: Santamar\u00eda. De esta forma, los aspirantes son muchos: Garc\u00eda Traid, H\u00e9ctor N\u00fa\u00f1ez, Vicente Miera, Santamar\u00eda y Felipe Mesones. \u00bfAlguno ser\u00e1?<\/em> &nbsp;&nbsp;&nbsp;<\/span> &nbsp;<em style=\"font-size: revert;color: initial\">\u00b7<\/em><\/li>\n<\/ul>\n<ul>\n<li><span style=\"color: #008000\"><em> En este lunes, en la v\u00edspera de feria, puede celebrarse la reuni\u00f3n Ladinszky-presidente del Betis. El motivo de la cita es el futuro del jugador h\u00fangaro en el club verdiblanco. Seg\u00fan se ha podido saber, Ladinszky tiene ofertas del Brujas de Happel y del Nantes franc\u00e9s, pero \u00e9l se quiere quedar en el Betis varias temporadas m\u00e1s. De momento, todo parece que queda fijado a las gestiones emprendidas para contratar al nuevo preparador verdiblanco.<\/em><\/span><\/li>\n<li><span style=\"color: #008000\"><em> Anzarda es noticia. El \u201cwing\u201d zurdo se ha metido a peque\u00f1o empresario y ha inaugurado en Sevilla, en la zona de Nervi\u00f3n, una boutique para ni\u00f1os. El nombre del comercio, Anzarda Junior. Ha sido una manera de invertir lo que ha ganado honradamente en el f\u00fatbol, porque hay que pensar siempre en el futuro, en la segunda edad del futbolista.<\/em><\/span><\/li>\n<li><span style=\"color: #008000\"><em> Los b\u00e9ticos est\u00e1n de luto; ha muerto Manolo Sim\u00f3, hombre dedicado a la sociedad b\u00e9tica por entero desde toda su vida. Se enterr\u00f3 d\u00edas pasados en nuestra ciudad, donde falleci\u00f3 por mor de una embolia cerebral. Sim\u00f3 ten\u00eda una estela grande de amigos en toda la Espa\u00f1a futbol\u00edstica y su historia est\u00e1 tan unida a la sociedad verdiblanca que siempre ha formado parte de ella. Descanse en paz Manolo Sim\u00f3, hombre \u00edntegro, honrado b\u00e9tico, siempre deportista. Los jugadores b\u00e9ticos, en el nuevo estadio ilicitano, llevaron luto por \u00e9l.<\/em><\/span><\/li>\n<li><span style=\"color: #008000\"><em> Pero la vida sigue. La Feria de Abril est\u00e1 cercana. Y hasta a Elche llegaron los ecos alegres de la fiesta sevillana. Y en esas v\u00edsperas de la Feria de Abril sevillana, uno entre palmerales. Si los sevillistas esperan que les diga algo de Finarolli les dir\u00e9 que el jugador ilicitano cuesta alrededor de los 20 millones de pesetas y que s\u00ed, que est\u00e1 a punto de ser contratado por el Sevilla. Todo, seg\u00fan se dice por aqu\u00ed, est\u00e1 a punto para el contrato, aunque el Sevilla, al parecer, quiere reducir el precio de la ficha.<\/em><\/span><\/li>\n<li><span style=\"color: #008000\"><em> Como muchos sabr\u00e1n, y otros no, Ferenc Szusza, el que fue entrenador del Betis durante seis temporadas, dej\u00f3 su autom\u00f3vil en Sevilla. Pues bien, los \u201ccacos\u201d locales hicieron su peque\u00f1o agosto. No se llevaron el coche, pero rompieron el cristal trasero y se llevaron art\u00edculos del interior, como por ejemplo un radio casette. Parece que los h\u00fangaros han tenido mala suerte en estos \u00faltimos d\u00edas, porque cuando el Betis jug\u00f3 su reciente partido de Liga en Burgos, otros \u201ccacos\u201d sevillanos asaltaron el chalet del delantero b\u00e9tico Ladinszky\u2014no hab\u00eda nadie\u2014y se llevaron muchas cosas (trofeos, alhajas, etc), sin que hasta ahora haya aparecido pieza alguna.<\/em><\/span><\/li>\n<\/ul>","protected":false},"excerpt":{"rendered":"<p>En abril de 1978 el Betis jug\u00f3 en el estadio Mart\u00ednez Valero de Elche por segunda vez en la historia. El partido correspond\u00eda a la jornada 31 del Campeonato de Liga de Primera Divisi\u00f3n, y la derrota a falta de 3 partidos para el final de la temporada supuso un dur\u00edsimo varapalo y redujo considerablemente&#8230;<\/p>\n","protected":false},"author":5,"featured_media":88076,"comment_status":"open","ping_status":"open","sticky":false,"template":"","format":"standard","meta":{"_kad_post_transparent":"","_kad_post_title":"","_kad_post_layout":"","_kad_post_sidebar_id":"","_kad_post_content_style":"","_kad_post_vertical_padding":"","_kad_post_feature":"","_kad_post_feature_position":"","_kad_post_header":false,"_kad_post_footer":false,"_kad_post_classname":"","_jetpack_memberships_contains_paid_content":false,"footnotes":"","jetpack_publicize_message":"","jetpack_publicize_feature_enabled":true,"jetpack_social_post_already_shared":true,"jetpack_social_options":{"image_generator_settings":{"template":"highway","default_image_id":0,"font":"","enabled":false},"version":2}},"categories":[1,1176],"tags":[1378,16427,9011,17799],"class_list":["post-88075","post","type-post","status-publish","format-standard","has-post-thumbnail","hentry","category-portada","category-relatos-de-futbol","tag-elche-cf","tag-estadio-martinez-valero","tag-fernando-gelan","tag-liga-primera-1977-78"],"jetpack_publicize_connections":[],"jetpack_featured_media_url":"https:\/\/i0.wp.com\/www.manquepierda.com\/historiarealbetis\/files\/2023\/02\/Martinez-Valero-1978.jpg?fit=269%2C188&ssl=1","jetpack_sharing_enabled":true,"jetpack_shortlink":"https:\/\/wp.me\/p1ij08-mUz","jetpack-related-posts":[],"_links":{"self":[{"href":"https:\/\/www.manquepierda.com\/historiarealbetis\/wp-json\/wp\/v2\/posts\/88075","targetHints":{"allow":["GET"]}}],"collection":[{"href":"https:\/\/www.manquepierda.com\/historiarealbetis\/wp-json\/wp\/v2\/posts"}],"about":[{"href":"https:\/\/www.manquepierda.com\/historiarealbetis\/wp-json\/wp\/v2\/types\/post"}],"author":[{"embeddable":true,"href":"https:\/\/www.manquepierda.com\/historiarealbetis\/wp-json\/wp\/v2\/users\/5"}],"replies":[{"embeddable":true,"href":"https:\/\/www.manquepierda.com\/historiarealbetis\/wp-json\/wp\/v2\/comments?post=88075"}],"version-history":[{"count":2,"href":"https:\/\/www.manquepierda.com\/historiarealbetis\/wp-json\/wp\/v2\/posts\/88075\/revisions"}],"predecessor-version":[{"id":88078,"href":"https:\/\/www.manquepierda.com\/historiarealbetis\/wp-json\/wp\/v2\/posts\/88075\/revisions\/88078"}],"wp:featuredmedia":[{"embeddable":true,"href":"https:\/\/www.manquepierda.com\/historiarealbetis\/wp-json\/wp\/v2\/media\/88076"}],"wp:attachment":[{"href":"https:\/\/www.manquepierda.com\/historiarealbetis\/wp-json\/wp\/v2\/media?parent=88075"}],"wp:term":[{"taxonomy":"category","embeddable":true,"href":"https:\/\/www.manquepierda.com\/historiarealbetis\/wp-json\/wp\/v2\/categories?post=88075"},{"taxonomy":"post_tag","embeddable":true,"href":"https:\/\/www.manquepierda.com\/historiarealbetis\/wp-json\/wp\/v2\/tags?post=88075"}],"curies":[{"name":"wp","href":"https:\/\/api.w.org\/{rel}","templated":true}]}}