{"id":88080,"date":"2023-02-27T10:18:00","date_gmt":"2023-02-27T09:18:00","guid":{"rendered":"https:\/\/www.manquepierda.com\/historiarealbetis\/?p=88080"},"modified":"2023-02-25T10:53:46","modified_gmt":"2023-02-25T09:53:46","slug":"entrevista-juan-manuel-mauduit-1983","status":"publish","type":"post","link":"https:\/\/www.manquepierda.com\/historiarealbetis\/entrevista-juan-manuel-mauduit-1983\/","title":{"rendered":"Entrevista Juan Manuel Mauduit 1983"},"content":{"rendered":"<div class=\"wp-block-image\">\n<figure class=\"aligncenter size-full is-resized\"><img data-recalc-dims=\"1\" loading=\"lazy\" decoding=\"async\" src=\"https:\/\/i0.wp.com\/www.manquepierda.com\/historiarealbetis\/files\/2023\/02\/Juan-Manuel-Mauduit-1.jpg?resize=358%2C480&#038;ssl=1\" alt=\"\" class=\"wp-image-88081\" width=\"358\" height=\"480\" srcset=\"https:\/\/i0.wp.com\/www.manquepierda.com\/historiarealbetis\/files\/2023\/02\/Juan-Manuel-Mauduit-1.jpg?w=302&amp;ssl=1 302w, https:\/\/i0.wp.com\/www.manquepierda.com\/historiarealbetis\/files\/2023\/02\/Juan-Manuel-Mauduit-1.jpg?resize=164%2C220&amp;ssl=1 164w\" sizes=\"auto, (max-width: 358px) 100vw, 358px\" \/><\/figure>\n<\/div>\n\n\n<p><\/p>\n\n\n<p>Juan Manuel Mauduit fue presidente del Real Betis Balompi\u00e9 entre junio de 1979 y junio de 1983. Directivo b\u00e9tico desde 1968, hab\u00eda pertenecido a las juntas directivas de Julio de La Puerta, Jos\u00e9 Le\u00f3n y Jos\u00e9 N\u00fa\u00f1ez, con el que fue vicepresidente en su \u00faltima temporada y posteriormente se present\u00f3 a la elecci\u00f3n, en la que se impuso a la candidatura de Jos\u00e9 Luis Fern\u00e1ndez Casta\u00f1\u00f3n y Juan M\u00e1rquez Medrano.<\/p>\n<p>En esta entrevista, a cargo del periodista Jos\u00e9 Antonio Bl\u00e1zquez en ABC, de marzo de 1983 se repasaba ese periodo de 4 a\u00f1os de mandato, al que s\u00f3lo le faltaban 3 meses para concluir, y cuando a\u00fano no se sab\u00eda si se presentar\u00eda a la reelecci\u00f3n, lo que finalmente no hizo.<\/p>\n<p>Una entrevista interesante, para conocer sus puntos de vista sobre muchos aspectos de esos a\u00f1os.&nbsp;<\/p>\n<p><span style=\"color: #008000\"><em>Es hombre de larga trayectoria deportiva. Juan Mauduit Calle se halla en la desembocadura de su mandato, que ha de concluir el pr\u00f3ximo 30 de junio, tras superar una dura carrera como m\u00e1ximo dirigente del Real Betis Balompi\u00e9. Esa carrera suya fue la de luchar con af\u00e1n sobre una pista de tart\u00e1n en sus tres primeras campa\u00f1as. Despu\u00e9s, cuando pod\u00eda atacar sin s\u00edntomas de asfixia la recta \u00faltima y llegar a su meta de dirigente con suficientes reservas f\u00edsicas, su competici\u00f3n se llen\u00f3 de barro, de escollos, como si de un \u201ccross country\u201d sobre piso h\u00famedo se tratara. Tuvo un tiempo amplio de presidente triunfador. El \u201csomos los primeros de Andaluc\u00eda\u201d vino a ser como un grito de guerra l\u00f3gicamente presuntuoso que avalaban las clasificaciones verdiblancas. En esta actual, que es su \u00faltima campa\u00f1a presidencial\u2014nadie puede conocer si aspirar\u00e1 a la continuidad\u2014el suelo se ha llenado de cristales.<\/em><\/span><\/p>\n<p><span style=\"color: #008000\"><em>Le hallo enfrascado en la redacci\u00f3n del recurso que el club de Heli\u00f3polis elevar\u00e1 ante las altas instancias futbol\u00edsticas por el castigo impuesto al Lobo Diarte tras el enfrentamiento de los eternos rivales sevillanos en el estadio Villamar\u00edn. <\/em><\/span><\/p>\n<p><span style=\"color: #008000\"><em>Mauduit parece un hombre incapaz de perder la mesura, la serenidad, el temple. Ni siquiera de hacer la menor demostraci\u00f3n de enfado, de levantar la voz. Uno dir\u00eda que posee como una afable frialdad, una tolerancia comprensiva ante cualquier tipo de problema. Y ciertamente le han llenado el suelo de cristales una importante cifra de puntos negativos, a los que en buena parte\u2014casi en un 50 por ciento\u2014se les dio puerta en la \u00faltima intentona de Bala\u00eddos el domingo pasado. El Betis, con menos tres, puede comenzar a respirar con cierta tranquilidad, con evidente desahogo, reposadamente, aunque el calendario liguero pendiente le sea muy dif\u00edcil.<\/em><\/span><\/p>\n<p><span style=\"color: #008000\"><em>&#8211; S\u00ed, ha sido muy importante lo de Vigo. El equipo necesita, fundamentalmente, conseguir un relajamiento que, de inmediato, le har\u00e1 recuperar el positivismo perdido. Hemos tenido muy mala suerte y, como consecuencia de la andadura irregular del equipo, he sido objeto de cr\u00edticas dur\u00edsimas, injustas y malintencionadas. Nadie se ha parado a pensar ni ha querido recordar que yo no me hice cargo de un Betis saneado econ\u00f3micamente. Cuando llegu\u00e9 a la presidencia, en la cuenta de jugadores y bancos, hab\u00eda que hacer frente a pagos inmediatos por un montante superior a los 90 millones de pesetas, seg\u00fan balance firmado por b\u00e9ticos de tan s\u00f3lido prestigio como Juan Petralanda y Francisco Garc\u00eda de la Borbolla<\/em><\/span><\/p>\n<p><span style=\"color: #008000\"><em>&#8211; No parece ser hombre dado a la aflicci\u00f3n o al desaliento<\/em><\/span><\/p>\n<p><em><span style=\"color: #008000\">&#8211;&nbsp; Pero he llegado a sentir eso que se denomina como la soledad<\/span> <span style=\"color: #008000\">del poder. He sufrido en estos \u00faltimos meses un gran desaliento. Pero nunca pens\u00e9 en arrojar la toalla. Por una raz\u00f3n de dignidad, y aunque ello me hubiera convenido en el orden personal. Me he visto asaeteado en el palco por sectores minoritarios, aunque de \u201c\u00e9lite\u201d, pero en ning\u00fan momento por el que yo denomino \u201cb\u00e9tico de infanter\u00eda\u201d. Hice patente que si el Betis lo precisaba\u2014y de ello estuviese convencido\u2014mi dimisi\u00f3n incondicional se hubiera hallado sobre la mesa. Pero poseo una fe cartesiana\u2014y esto quiero que no lo cuente\u2014y si no se produce un giro realmente catastr\u00f3fico, ser\u00e9 el primer presidente b\u00e9tico que, como tal, no ha conocido al Betis en Segunda Divisi\u00f3n<\/span><\/em><\/p>\n<p><span style=\"color: #008000\"><em>&#8211; Se dice, presidente, que a la hora de ese posible balance del 30 de junio pr\u00f3ximo habr\u00e1 deudas y un equipo debilitado. Se dice, se\u00f1or Mauduit, que en lo econ\u00f3mico el club no se caracteriza por la solidez\u2026<\/em><\/span><\/p>\n<p><span style=\"color: #008000\"><em>&#8211; Ning\u00fan club espa\u00f1ol nada en la abundancia, aun cuando el Barcelona sea un caso aparte. Pero el aficionado debe conocer que, naturalmente, hemos tenido la l\u00f3gica incidencia negativa de una crisis nacional que alcanza, por supuesto, a todos. Pero se ha podido contar con unos ingresos at\u00edpicos importantes, como son los consecuentes al Mundial, por la aportaci\u00f3n de nuestras instalaciones deportivas, la publicidad y otras concesiones diversas que, por primera vez, el Betis no ha negociado sus cr\u00e9ditos a favor contra esas entidades de manera absolutamente anticipada, contando con unas reservas a cobrar de indudable garant\u00eda al vencimiento, que constituyen lo que pudi\u00e9ramos llamar la cartera en custodia o \u201cquitamiedos\u201d. En lo econ\u00f3mico no hay razones para sentir excesivas preocupaciones<\/em><\/span><\/p>\n<p><span style=\"color: #008000\"><em>&#8211; Se acerca el 30 de junio. El Betis consigui\u00f3 en Vigo una victoria importante cuando el calendario impon\u00eda confrontaciones contra el Madrid y el Athletic bilba\u00edno en Heli\u00f3polis que tienen un concreto valor de garant\u00eda. \u00bfDir\u00e1 \u201cadi\u00f3s\u201d o presentar\u00e1 la candidatura para una reelecci\u00f3n?<\/em><\/span><\/p>\n<p><span style=\"color: #008000\"><em>&#8211; De una parte puedo decir que me agradar\u00eda finalizar mi programa, cuyos resultados no estaban fijados a corto plazo. Si me marcho dejar\u00e9 un club totalmente planificado y creo que existen personas en el cuadro directivo que pueden continuar esta pol\u00edtica y, por supuesto, mejorar mi trabajo<\/em><\/span><\/p>\n<p><span style=\"color: #008000\"><em>&#8211; \u00bfExiste un delf\u00edn?<\/em><\/span><\/p>\n<p><span style=\"color: #008000\"><em>&#8211; Me agradar\u00eda tenerlo, elegir un continuador y que \u00e9ste adem\u00e1s fuera el que la afici\u00f3n deseara, pero sobre todo, y por encima de todo, me gustar\u00eda evitar unas elecciones con fuerzas divididas que nunca son convenientes para un club<\/em><\/span><\/p>\n<p><span style=\"color: #008000\"><em>&#8211; Hablemos de lo que constituye la caliente actualidad, el hoy b\u00e9tico. En la realidad de los d\u00edas persisten consecuencias que pudieran se\u00f1alarse como no positivas. Presidente, no todo result\u00f3 efectivo; no todo constituyeron \u00e9xitos dirigentes. Lo de Dunai no pas\u00f3 de ser un ensayo con resultados negativos<\/em><\/span><\/p>\n<p><span style=\"color: #008000\"><em>&#8211; En todos los clubs se registran operaciones no afortunadas. Hemos afrontado una temporada negra, con muy mala suerte en todo. Dunai\u2014excelente t\u00e9cnico y mejor persona\u2014no acert\u00f3. Las lesiones de Biosca y Ben\u00edtez se han dejado sentir en la misma dimensi\u00f3n que ellos poseen como futbolistas. Diarte ha tenido que superar crisis personales muy serias. Pero esto, que no expongo como existentes justificativas, no puede empa\u00f1ar una l\u00ednea&nbsp; de conducta en la direcci\u00f3n del club. Es cierto que nos hallamos superando un periodo de crisis deportiva con un calendario importante que afrontar todav\u00eda. Pero saldremos adelante esperando el retorno de tiempos mejores. El desaliento del presidente fue superado. Tengo un equipo extraordinario de colaboradores. En el Betis existe la firmeza en todos los \u00f3rdenes<\/em><\/span><\/p>\n<p><span style=\"color: #008000\"><em>&#8211; La firmeza, admitido, pero \u00bfy el futuro? Este preocupa a la afici\u00f3n verdiblanca. El inexorable paso del tiempo tendr\u00e1 que hacer mella en hombres a los que la afici\u00f3n idolatra, jugadores que han sido y son b\u00e1sicos en la estructura: Carde\u00f1osa y Esnaola, dos veteranos. Se\u00f1or Mauduit, \u00bfse ha producido el estancamiento? \u00bfse han dormido en los laureles?<\/em><\/span><\/p>\n<p><span style=\"color: #008000\"><em>&#8211; No. El plantel no se nos ha envejecido, sin que por parte de la directiva no se hayan tomado determinaciones. En estas \u00faltimas temporadas fueron relevados Garc\u00eda Soriano, Campos, Anzarda, Cobo, Alabanda, Sabat\u00e9, Bizcocho, L\u00f6pez\u2026Este \u00faltimo jugador es el \u00fanico que contin\u00faa en activo. Mientras se sufr\u00edan las bajas de tales jugadores se buscaron relevos oportunos. Melchor, Barroso, Carmelo, Diego, Rinc\u00f3n, Francis, Parra, Salva, Alex, Casado, Romo, Carre\u00f1o. Medina, Adolfo, Quico, etc. Hemos renovado y muy profundamente. Costar\u00e1 mucho, lo reconozco, hallar sustitutos o relevos para hombres como Esnaola y Carde\u00f1osa. Pero hay savia nueva y est\u00e1 ah\u00ed<\/em><\/span><\/p>\n<p><span style=\"color: #008000\"><em>&#8211; Estamos, claro es, haciendo balance general de una trayectoria presidencialista que arranca del tramo final de la campa\u00f1a liguera 78-79, cuando el Betis pareci\u00f3 imposibilitado para lograr el retorno a la Primera Divisi\u00f3n. El palco vac\u00edo pregonaba el hundimiento an\u00edmico de un grupo dirigente. Juan Mauduit empieza a ser presidente de hecho cuando, solo ante el peligro, toma las riendas y anticipa su intenci\u00f3n de aspirar a la presidencia con el respaldo asamble\u00edsta. \u00bfRecuerda aquellas elecciones?<\/em><\/span><\/p>\n<p><span style=\"color: #008000\"><em>&#8211; Cuatro quintas partes de los votos emitidos fueron para mi candidatura, pese a la coalici\u00f3n de quienes tambi\u00e9n aspiraban a la presidencia del Betis&nbsp; &nbsp;<\/em><\/span><\/p>\n<p><span style=\"color: #008000\"><em>&#8211; Y comenzaron los problemas<\/em><\/span><\/p>\n<p><span style=\"color: #008000\"><em>&#8211; Serios, muy serios; anonadantes. Recordar\u00e9 que por orden gubernativa nos encontramos con que no se pod\u00edan utilizar las viejas localidades de preferencia y fondo que, al parecer, amenazaban ruina<\/em><\/span><\/p>\n<p><span style=\"color: #008000\"><em>&#8211; Clavero Ar\u00e9valo. Un hombre que pudo ser esencial<\/em><\/span><\/p>\n<p><span style=\"color: #008000\"><em>&#8211; Efectivamente, tom\u00e9 contacto con el entonces ministro de Cultura y Deporte, compa\u00f1ero antiguo de despacho, al que suced\u00ed. Aunque la situaci\u00f3n se hallaba un tanto pasada en cuanto a la oportunidad que el Betis pudiera acogerse a las remodelaciones previstas para estadios que pod\u00edan ser sede de encuentros de los Mundiales, y lo conseguimos<\/em><\/span><\/p>\n<p><span style=\"color: #008000\"><em>&#8211; Y una huelga de construcci\u00f3n que mientras se empezaban las obras pudo llevarse todo por delante<\/em><\/span><\/p>\n<p><span style=\"color: #008000\"><em>&#8211; Y el Betis consigui\u00f3 lo que nadie hab\u00eda logrado. Romper una huelga nacional tras catorce horas ininterrumpidas de conversaciones con los portavoces de los trabajadores. El hecho tiene una cierta dimensi\u00f3n hist\u00f3rica; sucedi\u00f3 en julio de 1979<\/em><\/span><\/p>\n<p><span style=\"color: #008000\"><em>&#8211; H\u00e1bleme de los cambios internos<\/em><\/span><\/p>\n<p><span style=\"color: #008000\"><em>&#8211; Se han profesionalizado los estamentos y estructuras del Betis. La contabilidad, que siempre estuvo en manos de empleados y directivos, es llevada hoy con el protagonismo importante de un alto empleado licenciado en Econ\u00f3micas y Empresariales. Suprimidos el delegado directivo en los desplazamientos para situar en tal misi\u00f3n a un profesional que posee carnet de entrenador de Primera Divisi\u00f3n. Durante mi mandato se superan todos los r\u00e9cords de asistencia al campo. Llegamos tambi\u00e9n a pasar el list\u00f3n de los 30 millones de pesetas en un partido de abono. Alcanzamos cotas nunca logradas en cuanto a n\u00famero de socios, de incorporaci\u00f3n de jugadores de la cantera al primer equipo, y de representatividad verdiblanca en la primera selecci\u00f3n espa\u00f1ola<\/em><\/span><\/p>\n<p><span style=\"color: #008000\"><em>&#8211; Luego, entonces, el tiempo es el que le da la raz\u00f3n\u2026<\/em><\/span><\/p>\n<p><span style=\"color: #008000\"><em>&#8211; Y el que creo que me la seguir\u00e1 dando. Tras solventar un pasado problema (cuarenta millones de pesetas pendientes) por los terrenos cercanos a Bellavista para una ciudad deportiva, hemos conseguido tambi\u00e9n lo que yo llamo Villa Heli\u00f3polis, en terrenos inmediatos al estadio Benito Villamar\u00edn, que constituir\u00e1n una Ciudad Deportiva modelo y donde podremos incrementar una labor de busca y selecci\u00f3n de jovenc\u00edsimos valores<\/em><\/span><\/p>\n<p><span style=\"color: #008000\"><em>&#8211; \u00bfMe habla de los estatutos?<\/em><\/span><\/p>\n<p><span style=\"color: #008000\"><em>&#8211; Los anteriores los redact\u00e9 en una madrugada y se aprobaron en un minuto. Los de hoy pasaron por un anteproyecto elaborado por la Junta Consultiva del club, y todos los b\u00e9ticos fueron invitados a participar en ellos y precisaron de una asamblea para establecer los definitivos, que dur\u00f3 seis horas para debatir este \u00fanico punto del d\u00eda <\/em><\/span><\/p>\n<p><em>&nbsp;<\/em><\/p>\n<p><em><span style=\"color: #008000\">Al informador le habr\u00e1n podido quedar algunos temas por citar. El traspaso de Mor\u00e1n al Barcelona, en cifra que los seguidores estimaron insuficiente antes de que Rinc\u00f3n pusiera sordina a tales censuras con su condici\u00f3n de goleador nato y aspirante el Pichichi; las \u00faltimas intentonas fortalecedoras del plantel, que no han dado demasiado fruto; las bases que en el articulado halla el presidente para lograr que el castigo de diez partidos aplicado por el Comit\u00e9 de Competici\u00f3n a Diarte sea notablemente reducido. Mauduit podr\u00eda replicarnos a todos. Porque, evidentemente, este hombre, que ha pasado por trances amargos y muy dif\u00edciles, ofrece una ejecutoria valiosa y positiva. \u00bfIr\u00e1 a la reelecci\u00f3n?&nbsp;&nbsp;&nbsp;&nbsp;<\/span> &nbsp;&nbsp;<\/em><\/p>\n<p><\/p>","protected":false},"excerpt":{"rendered":"<p>Juan Manuel Mauduit fue presidente del Real Betis Balompi\u00e9 entre junio de 1979 y junio de 1983. Directivo b\u00e9tico desde 1968, hab\u00eda pertenecido a las juntas directivas de Julio de La Puerta, Jos\u00e9 Le\u00f3n y Jos\u00e9 N\u00fa\u00f1ez, con el que fue vicepresidente en su \u00faltima temporada y posteriormente se present\u00f3 a la elecci\u00f3n, en la&#8230;<\/p>\n","protected":false},"author":5,"featured_media":88081,"comment_status":"open","ping_status":"open","sticky":false,"template":"","format":"standard","meta":{"_kad_post_transparent":"","_kad_post_title":"","_kad_post_layout":"","_kad_post_sidebar_id":"","_kad_post_content_style":"","_kad_post_vertical_padding":"","_kad_post_feature":"","_kad_post_feature_position":"","_kad_post_header":false,"_kad_post_footer":false,"_kad_post_classname":"","_jetpack_memberships_contains_paid_content":false,"footnotes":"","jetpack_publicize_message":"","jetpack_publicize_feature_enabled":true,"jetpack_social_post_already_shared":true,"jetpack_social_options":{"image_generator_settings":{"template":"highway","default_image_id":0,"font":"","enabled":false},"version":2}},"categories":[904,891,1],"tags":[2186,4327,12753,3579],"class_list":["post-88080","post","type-post","status-publish","format-standard","has-post-thumbnail","hentry","category-1980-1989","category-directivos-temas","category-portada","tag-1982-83","tag-4327","tag-jose-antonio-blazquez","tag-juan-manuel-mauduit"],"jetpack_publicize_connections":[],"jetpack_featured_media_url":"https:\/\/i0.wp.com\/www.manquepierda.com\/historiarealbetis\/files\/2023\/02\/Juan-Manuel-Mauduit-1.jpg?fit=302%2C405&ssl=1","jetpack_sharing_enabled":true,"jetpack_shortlink":"https:\/\/wp.me\/p1ij08-mUE","jetpack-related-posts":[],"_links":{"self":[{"href":"https:\/\/www.manquepierda.com\/historiarealbetis\/wp-json\/wp\/v2\/posts\/88080","targetHints":{"allow":["GET"]}}],"collection":[{"href":"https:\/\/www.manquepierda.com\/historiarealbetis\/wp-json\/wp\/v2\/posts"}],"about":[{"href":"https:\/\/www.manquepierda.com\/historiarealbetis\/wp-json\/wp\/v2\/types\/post"}],"author":[{"embeddable":true,"href":"https:\/\/www.manquepierda.com\/historiarealbetis\/wp-json\/wp\/v2\/users\/5"}],"replies":[{"embeddable":true,"href":"https:\/\/www.manquepierda.com\/historiarealbetis\/wp-json\/wp\/v2\/comments?post=88080"}],"version-history":[{"count":2,"href":"https:\/\/www.manquepierda.com\/historiarealbetis\/wp-json\/wp\/v2\/posts\/88080\/revisions"}],"predecessor-version":[{"id":88083,"href":"https:\/\/www.manquepierda.com\/historiarealbetis\/wp-json\/wp\/v2\/posts\/88080\/revisions\/88083"}],"wp:featuredmedia":[{"embeddable":true,"href":"https:\/\/www.manquepierda.com\/historiarealbetis\/wp-json\/wp\/v2\/media\/88081"}],"wp:attachment":[{"href":"https:\/\/www.manquepierda.com\/historiarealbetis\/wp-json\/wp\/v2\/media?parent=88080"}],"wp:term":[{"taxonomy":"category","embeddable":true,"href":"https:\/\/www.manquepierda.com\/historiarealbetis\/wp-json\/wp\/v2\/categories?post=88080"},{"taxonomy":"post_tag","embeddable":true,"href":"https:\/\/www.manquepierda.com\/historiarealbetis\/wp-json\/wp\/v2\/tags?post=88080"}],"curies":[{"name":"wp","href":"https:\/\/api.w.org\/{rel}","templated":true}]}}