{"id":88085,"date":"2023-03-01T12:00:00","date_gmt":"2023-03-01T11:00:00","guid":{"rendered":"https:\/\/www.manquepierda.com\/historiarealbetis\/?p=88085"},"modified":"2026-01-28T20:43:17","modified_gmt":"2026-01-28T19:43:17","slug":"hoy-hace-45-anos-fundacion-de-la-pena-betica-manuel-campos-de-cantillana","status":"publish","type":"post","link":"https:\/\/www.manquepierda.com\/historiarealbetis\/hoy-hace-45-anos-fundacion-de-la-pena-betica-manuel-campos-de-cantillana\/","title":{"rendered":"Hoy hace 45 a\u00f1os. Fundaci\u00f3n de la Pe\u00f1a B\u00e9tica Manuel Campos de Cantillana."},"content":{"rendered":"<div class=\"wp-block-image\">\n<figure class=\"aligncenter size-full\"><img data-recalc-dims=\"1\" loading=\"lazy\" decoding=\"async\" width=\"437\" height=\"449\" src=\"https:\/\/i0.wp.com\/www.manquepierda.com\/historiarealbetis\/files\/2023\/02\/1-1978-Fundacion-PB-Manuel-Campos-de-Cantillana.jpg?resize=437%2C449&#038;ssl=1\" alt=\"\" class=\"wp-image-88086\" srcset=\"https:\/\/i0.wp.com\/www.manquepierda.com\/historiarealbetis\/files\/2023\/02\/1-1978-Fundacion-PB-Manuel-Campos-de-Cantillana.jpg?w=437&amp;ssl=1 437w, https:\/\/i0.wp.com\/www.manquepierda.com\/historiarealbetis\/files\/2023\/02\/1-1978-Fundacion-PB-Manuel-Campos-de-Cantillana.jpg?resize=214%2C220&amp;ssl=1 214w\" sizes=\"auto, (max-width: 437px) 100vw, 437px\" \/><\/figure>\n<\/div>\n\n<p><span style=\"color: #008000\">El 1 de marzo de 1978 tiene lugar la fundaci\u00f3n de la Pe\u00f1a B\u00e9tica Manuel Campos en Cantillana.<\/span><\/p>\n<p><span style=\"color: #008000\">El nombre de la pe\u00f1a est\u00e1 dedicado al guardameta b\u00e9tico Manuel Campos, nacido en esta localidad sevillana, y que fuera jugador del Real Betis Balompi\u00e9 entre los a\u00f1os 1970 y 1981.<\/span><\/p>\n<p><span style=\"color: #008000\">Ocupa el lugar n\u00famero 41 dentro de la Federaci\u00f3n de Pe\u00f1as B\u00e9ticas.<\/span><\/p>","protected":false},"excerpt":{"rendered":"<p>El 1 de marzo de 1978 tiene lugar la fundaci\u00f3n de la Pe\u00f1a B\u00e9tica Manuel Campos en Cantillana. El nombre de la pe\u00f1a est\u00e1 dedicado al guardameta b\u00e9tico Manuel Campos, nacido en esta localidad sevillana, y que fuera jugador del Real Betis Balompi\u00e9 entre los a\u00f1os 1970 y 1981. Ocupa el lugar n\u00famero 41 dentro&#8230;<\/p>\n","protected":false},"author":5,"featured_media":88086,"comment_status":"open","ping_status":"open","sticky":false,"template":"","format":"standard","meta":{"_kad_post_transparent":"","_kad_post_title":"","_kad_post_layout":"","_kad_post_sidebar_id":"","_kad_post_content_style":"","_kad_post_vertical_padding":"","_kad_post_feature":"","_kad_post_feature_position":"","_kad_post_header":false,"_kad_post_footer":false,"_kad_post_classname":"","_jetpack_memberships_contains_paid_content":false,"footnotes":"","jetpack_publicize_message":"","jetpack_publicize_feature_enabled":true,"jetpack_social_post_already_shared":true,"jetpack_social_options":{"image_generator_settings":{"template":"highway","default_image_id":0,"font":"","enabled":false},"version":2}},"categories":[903,14583,894,1],"tags":[59,17432],"class_list":["post-88085","post","type-post","status-publish","format-standard","has-post-thumbnail","hentry","category-1970-1979","category-efemerides","category-la-aficion","category-portada","tag-59","tag-pena-betica-manuel-campos-de-cantillana"],"jetpack_publicize_connections":[],"jetpack_featured_media_url":"https:\/\/i0.wp.com\/www.manquepierda.com\/historiarealbetis\/files\/2023\/02\/1-1978-Fundacion-PB-Manuel-Campos-de-Cantillana.jpg?fit=437%2C449&ssl=1","jetpack_sharing_enabled":true,"jetpack_shortlink":"https:\/\/wp.me\/p1ij08-mUJ","jetpack-related-posts":[],"_links":{"self":[{"href":"https:\/\/www.manquepierda.com\/historiarealbetis\/wp-json\/wp\/v2\/posts\/88085","targetHints":{"allow":["GET"]}}],"collection":[{"href":"https:\/\/www.manquepierda.com\/historiarealbetis\/wp-json\/wp\/v2\/posts"}],"about":[{"href":"https:\/\/www.manquepierda.com\/historiarealbetis\/wp-json\/wp\/v2\/types\/post"}],"author":[{"embeddable":true,"href":"https:\/\/www.manquepierda.com\/historiarealbetis\/wp-json\/wp\/v2\/users\/5"}],"replies":[{"embeddable":true,"href":"https:\/\/www.manquepierda.com\/historiarealbetis\/wp-json\/wp\/v2\/comments?post=88085"}],"version-history":[{"count":1,"href":"https:\/\/www.manquepierda.com\/historiarealbetis\/wp-json\/wp\/v2\/posts\/88085\/revisions"}],"predecessor-version":[{"id":88087,"href":"https:\/\/www.manquepierda.com\/historiarealbetis\/wp-json\/wp\/v2\/posts\/88085\/revisions\/88087"}],"wp:featuredmedia":[{"embeddable":true,"href":"https:\/\/www.manquepierda.com\/historiarealbetis\/wp-json\/wp\/v2\/media\/88086"}],"wp:attachment":[{"href":"https:\/\/www.manquepierda.com\/historiarealbetis\/wp-json\/wp\/v2\/media?parent=88085"}],"wp:term":[{"taxonomy":"category","embeddable":true,"href":"https:\/\/www.manquepierda.com\/historiarealbetis\/wp-json\/wp\/v2\/categories?post=88085"},{"taxonomy":"post_tag","embeddable":true,"href":"https:\/\/www.manquepierda.com\/historiarealbetis\/wp-json\/wp\/v2\/tags?post=88085"}],"curies":[{"name":"wp","href":"https:\/\/api.w.org\/{rel}","templated":true}]}}