{"id":88189,"date":"2023-03-13T12:00:00","date_gmt":"2023-03-13T11:00:00","guid":{"rendered":"https:\/\/www.manquepierda.com\/historiarealbetis\/?p=88189"},"modified":"2024-08-09T14:57:23","modified_gmt":"2024-08-09T12:57:23","slug":"hoy-hace-35-anos-betis-3-celta-1","status":"publish","type":"post","link":"https:\/\/www.manquepierda.com\/historiarealbetis\/hoy-hace-35-anos-betis-3-celta-1\/","title":{"rendered":"Hoy hace 35 a\u00f1os. Betis 3 Celta 1."},"content":{"rendered":"<div class=\"wp-block-image\">\n<figure class=\"aligncenter size-full\"><img data-recalc-dims=\"1\" loading=\"lazy\" decoding=\"async\" width=\"554\" height=\"273\" src=\"https:\/\/i0.wp.com\/www.manquepierda.com\/historiarealbetis\/files\/2023\/03\/13-1988-Betis-3-Celta-1.jpg?resize=554%2C273&#038;ssl=1\" alt=\"\" class=\"wp-image-88190\" srcset=\"https:\/\/i0.wp.com\/www.manquepierda.com\/historiarealbetis\/files\/2023\/03\/13-1988-Betis-3-Celta-1.jpg?w=554&amp;ssl=1 554w, https:\/\/i0.wp.com\/www.manquepierda.com\/historiarealbetis\/files\/2023\/03\/13-1988-Betis-3-Celta-1.jpg?resize=220%2C108&amp;ssl=1 220w\" sizes=\"auto, (max-width: 554px) 100vw, 554px\" \/><\/figure>\n<\/div>\n\n<p><span style=\"color: #008000\">El 13 de marzo de 1988 el Betis vence 3-1 al Celta en el Villamar\u00edn en partido de la jornada 28 del Campeonato de Liga de Primera Divisi\u00f3n.<\/span><\/p>\n<p><span style=\"color: #008000\">A los 16 minutos un gran disparo de Jos\u00e9 Luis desde fuera del \u00e1rea supuso el 1-0; a los 51 minuto empat\u00f3 el Celta mediante un penalti marcado por Noly por un derribo de Salva a Maric. A los 69 S\u00e1nchez Vall\u00e9s, a centro de Jos\u00e9 Luis, hizo de cabeza el 2-1 y a los 84 Quico de cabeza, tras una falta botada por Chano, marc\u00f3 el definitivo 3-1.<\/span><\/p>\n<p><span style=\"color: #008000\">El Betis, dirigido por Pedro Buenaventura, jug\u00f3 con Salva; Calleja, Diego, Gail, S\u00e1nchez Vall\u00e9s (76, Quico); Chano, Jos\u00e9 Luis, Gabino, Reyes; Melenas (23, Medina) y Y\u00e1\u00f1ez.<\/span><\/p>\n<p><span style=\"color: #008000\">El Celta, entrenado por Jos\u00e9 Mar\u00eda Maguregui, aline\u00f3 a Mat\u00e9; Atilano, Hagan, Noly, Rodolfo; Zambrano, Alvelo (76, Mosquera), Julio Prieto, Otero; Maric y Camilo. &nbsp;<\/span>&nbsp;&nbsp;&nbsp;<\/p>","protected":false},"excerpt":{"rendered":"<p>El 13 de marzo de 1988 el Betis vence 3-1 al Celta en el Villamar\u00edn en partido de la jornada 28 del Campeonato de Liga de Primera Divisi\u00f3n. A los 16 minutos un gran disparo de Jos\u00e9 Luis desde fuera del \u00e1rea supuso el 1-0; a los 51 minuto empat\u00f3 el Celta mediante un penalti&#8230;<\/p>\n","protected":false},"author":5,"featured_media":88190,"comment_status":"open","ping_status":"open","sticky":false,"template":"","format":"standard","meta":{"_kad_post_transparent":"","_kad_post_title":"","_kad_post_layout":"","_kad_post_sidebar_id":"","_kad_post_content_style":"","_kad_post_vertical_padding":"","_kad_post_feature":"","_kad_post_feature_position":"","_kad_post_header":false,"_kad_post_footer":false,"_kad_post_classname":"","_jetpack_memberships_contains_paid_content":false,"footnotes":"","jetpack_publicize_message":"","jetpack_publicize_feature_enabled":true,"jetpack_social_post_already_shared":true,"jetpack_social_options":{"image_generator_settings":{"template":"highway","default_image_id":0,"font":"","enabled":false},"version":2}},"categories":[904,14583,1],"tags":[6399,17805,13018],"class_list":["post-88189","post","type-post","status-publish","format-standard","has-post-thumbnail","hentry","category-1980-1989","category-efemerides","category-portada","tag-6399","tag-liga-primera-1987-88","tag-real-club-celta-de-vigo"],"jetpack_publicize_connections":[],"jetpack_featured_media_url":"https:\/\/i0.wp.com\/www.manquepierda.com\/historiarealbetis\/files\/2023\/03\/13-1988-Betis-3-Celta-1.jpg?fit=554%2C273&ssl=1","jetpack_sharing_enabled":true,"jetpack_shortlink":"https:\/\/wp.me\/p1ij08-mWp","jetpack-related-posts":[],"_links":{"self":[{"href":"https:\/\/www.manquepierda.com\/historiarealbetis\/wp-json\/wp\/v2\/posts\/88189","targetHints":{"allow":["GET"]}}],"collection":[{"href":"https:\/\/www.manquepierda.com\/historiarealbetis\/wp-json\/wp\/v2\/posts"}],"about":[{"href":"https:\/\/www.manquepierda.com\/historiarealbetis\/wp-json\/wp\/v2\/types\/post"}],"author":[{"embeddable":true,"href":"https:\/\/www.manquepierda.com\/historiarealbetis\/wp-json\/wp\/v2\/users\/5"}],"replies":[{"embeddable":true,"href":"https:\/\/www.manquepierda.com\/historiarealbetis\/wp-json\/wp\/v2\/comments?post=88189"}],"version-history":[{"count":2,"href":"https:\/\/www.manquepierda.com\/historiarealbetis\/wp-json\/wp\/v2\/posts\/88189\/revisions"}],"predecessor-version":[{"id":88192,"href":"https:\/\/www.manquepierda.com\/historiarealbetis\/wp-json\/wp\/v2\/posts\/88189\/revisions\/88192"}],"wp:featuredmedia":[{"embeddable":true,"href":"https:\/\/www.manquepierda.com\/historiarealbetis\/wp-json\/wp\/v2\/media\/88190"}],"wp:attachment":[{"href":"https:\/\/www.manquepierda.com\/historiarealbetis\/wp-json\/wp\/v2\/media?parent=88189"}],"wp:term":[{"taxonomy":"category","embeddable":true,"href":"https:\/\/www.manquepierda.com\/historiarealbetis\/wp-json\/wp\/v2\/categories?post=88189"},{"taxonomy":"post_tag","embeddable":true,"href":"https:\/\/www.manquepierda.com\/historiarealbetis\/wp-json\/wp\/v2\/tags?post=88189"}],"curies":[{"name":"wp","href":"https:\/\/api.w.org\/{rel}","templated":true}]}}