{"id":88297,"date":"2023-03-29T12:00:00","date_gmt":"2023-03-29T10:00:00","guid":{"rendered":"https:\/\/www.manquepierda.com\/historiarealbetis\/?p=88297"},"modified":"2024-08-09T16:07:29","modified_gmt":"2024-08-09T14:07:29","slug":"hoy-hace-15-anos-barcelona-3-betis-2","status":"publish","type":"post","link":"https:\/\/www.manquepierda.com\/historiarealbetis\/hoy-hace-15-anos-barcelona-3-betis-2\/","title":{"rendered":"Hoy hace 15 a\u00f1os. Betis 3 Barcelona 2."},"content":{"rendered":"<div class=\"wp-block-image\">\n<figure class=\"aligncenter size-large\"><img data-recalc-dims=\"1\" loading=\"lazy\" decoding=\"async\" width=\"932\" height=\"700\" src=\"https:\/\/i0.wp.com\/www.manquepierda.com\/historiarealbetis\/files\/2023\/03\/29-2008-Betis-3-Barcelona-2.jpg?resize=932%2C700&#038;ssl=1\" alt=\"\" class=\"wp-image-88298\" srcset=\"https:\/\/i0.wp.com\/www.manquepierda.com\/historiarealbetis\/files\/2023\/03\/29-2008-Betis-3-Barcelona-2.jpg?resize=932%2C700&amp;ssl=1 932w, https:\/\/i0.wp.com\/www.manquepierda.com\/historiarealbetis\/files\/2023\/03\/29-2008-Betis-3-Barcelona-2.jpg?resize=680%2C511&amp;ssl=1 680w, https:\/\/i0.wp.com\/www.manquepierda.com\/historiarealbetis\/files\/2023\/03\/29-2008-Betis-3-Barcelona-2.jpg?resize=220%2C165&amp;ssl=1 220w, https:\/\/i0.wp.com\/www.manquepierda.com\/historiarealbetis\/files\/2023\/03\/29-2008-Betis-3-Barcelona-2.jpg?resize=768%2C577&amp;ssl=1 768w, https:\/\/i0.wp.com\/www.manquepierda.com\/historiarealbetis\/files\/2023\/03\/29-2008-Betis-3-Barcelona-2.jpg?w=960&amp;ssl=1 960w\" sizes=\"auto, (max-width: 932px) 100vw, 932px\" \/><\/figure>\n<\/div>\n\n<p><span style=\"color: #008000\">El 29 de marzo de 2008 en el Ruiz de Lopera el Betis venci\u00f3 3-2 al Barcelona en partido de la jornada 30 del Campeonato de Liga de Primera Divisi\u00f3n.<\/span><\/p>\n<p><span style=\"color: #008000\">Un gran partido en el que el Barcelona se puso por delante con los goles de Bojan en el minuto 13, aprovechando un rechace del larguero, y de Eto\u00b4o en el 25 de cabeza.<\/span><\/p>\n<p><span style=\"color: #008000\">Pero en la segunda parte una magn\u00edfica reacci\u00f3n del Betis que remont\u00f3 el marcador, con goles de Edu en el 63 a pase de Sobis, Juanito de volea en el 75 y Edu con un gran disparo desde el borde del \u00e1rea en el 78.<\/span><\/p>\n<p><span style=\"color: #008000\">El Betis, dirigido por Francisco Chaparro, aline\u00f3 a Casto; Ilic, Juanito, Melli, Dami\u00e1; Juande, Rivera; Edu, Capi (53, Sobis), Mark Gonz\u00e1lez (53, Odonkor) y Pavone (87, Xisco).<\/span><\/p>\n<p><span style=\"color: #008000\">El Barcelona, entrenado por Frank Rijkaard, jug\u00f3 con Vald\u00e9s; Zambrotta, Puyol, Thuram, Abidal; Xavi, Tour\u00e9 (79, Gudjohnsen), Iniesta; Henry, Eto\u00b4o y Bojan (62, Giovani). &nbsp;<\/span>&nbsp;<\/p>","protected":false},"excerpt":{"rendered":"<p>El 29 de marzo de 2008 en el Ruiz de Lopera el Betis venci\u00f3 3-2 al Barcelona en partido de la jornada 30 del Campeonato de Liga de Primera Divisi\u00f3n. Un gran partido en el que el Barcelona se puso por delante con los goles de Bojan en el minuto 13, aprovechando un rechace del&#8230;<\/p>\n","protected":false},"author":5,"featured_media":88298,"comment_status":"open","ping_status":"open","sticky":false,"template":"","format":"standard","meta":{"_kad_post_transparent":"","_kad_post_title":"","_kad_post_layout":"","_kad_post_sidebar_id":"","_kad_post_content_style":"","_kad_post_vertical_padding":"","_kad_post_feature":"","_kad_post_feature_position":"","_kad_post_header":false,"_kad_post_footer":false,"_kad_post_classname":"","_jetpack_memberships_contains_paid_content":false,"footnotes":"","jetpack_publicize_message":"","jetpack_publicize_feature_enabled":true,"jetpack_social_post_already_shared":true,"jetpack_social_options":{"image_generator_settings":{"template":"highway","default_image_id":0,"font":"","enabled":false},"version":2}},"categories":[4823,14583,1],"tags":[6619,1154,17817],"class_list":["post-88297","post","type-post","status-publish","format-standard","has-post-thumbnail","hentry","category-2000-2009","category-efemerides","category-portada","tag-6619","tag-fc-barcelona","tag-liga-primera-2007-08"],"jetpack_publicize_connections":[],"jetpack_featured_media_url":"https:\/\/i0.wp.com\/www.manquepierda.com\/historiarealbetis\/files\/2023\/03\/29-2008-Betis-3-Barcelona-2.jpg?fit=960%2C721&ssl=1","jetpack_sharing_enabled":true,"jetpack_shortlink":"https:\/\/wp.me\/p1ij08-mY9","jetpack-related-posts":[],"_links":{"self":[{"href":"https:\/\/www.manquepierda.com\/historiarealbetis\/wp-json\/wp\/v2\/posts\/88297","targetHints":{"allow":["GET"]}}],"collection":[{"href":"https:\/\/www.manquepierda.com\/historiarealbetis\/wp-json\/wp\/v2\/posts"}],"about":[{"href":"https:\/\/www.manquepierda.com\/historiarealbetis\/wp-json\/wp\/v2\/types\/post"}],"author":[{"embeddable":true,"href":"https:\/\/www.manquepierda.com\/historiarealbetis\/wp-json\/wp\/v2\/users\/5"}],"replies":[{"embeddable":true,"href":"https:\/\/www.manquepierda.com\/historiarealbetis\/wp-json\/wp\/v2\/comments?post=88297"}],"version-history":[{"count":3,"href":"https:\/\/www.manquepierda.com\/historiarealbetis\/wp-json\/wp\/v2\/posts\/88297\/revisions"}],"predecessor-version":[{"id":88302,"href":"https:\/\/www.manquepierda.com\/historiarealbetis\/wp-json\/wp\/v2\/posts\/88297\/revisions\/88302"}],"wp:featuredmedia":[{"embeddable":true,"href":"https:\/\/www.manquepierda.com\/historiarealbetis\/wp-json\/wp\/v2\/media\/88298"}],"wp:attachment":[{"href":"https:\/\/www.manquepierda.com\/historiarealbetis\/wp-json\/wp\/v2\/media?parent=88297"}],"wp:term":[{"taxonomy":"category","embeddable":true,"href":"https:\/\/www.manquepierda.com\/historiarealbetis\/wp-json\/wp\/v2\/categories?post=88297"},{"taxonomy":"post_tag","embeddable":true,"href":"https:\/\/www.manquepierda.com\/historiarealbetis\/wp-json\/wp\/v2\/tags?post=88297"}],"curies":[{"name":"wp","href":"https:\/\/api.w.org\/{rel}","templated":true}]}}