{"id":88303,"date":"2023-03-30T12:00:00","date_gmt":"2023-03-30T10:00:00","guid":{"rendered":"https:\/\/www.manquepierda.com\/historiarealbetis\/?p=88303"},"modified":"2024-10-08T23:16:19","modified_gmt":"2024-10-08T21:16:19","slug":"hoy-hace-30-anos-nace-jose-antonio-delgado-nono","status":"publish","type":"post","link":"https:\/\/www.manquepierda.com\/historiarealbetis\/hoy-hace-30-anos-nace-jose-antonio-delgado-nono\/","title":{"rendered":"Hoy hace 30 a\u00f1os. Nace Jos\u00e9 Antonio Delgado \u00abNono\u00bb."},"content":{"rendered":"<div class=\"wp-block-image\">\n<figure class=\"aligncenter size-full is-resized\"><img data-recalc-dims=\"1\" loading=\"lazy\" decoding=\"async\" src=\"https:\/\/i0.wp.com\/www.manquepierda.com\/historiarealbetis\/files\/2023\/03\/30-1993-Nace-Jose-Antonio-Delgado-Nono.jpg?resize=361%2C361&#038;ssl=1\" alt=\"\" class=\"wp-image-88304\" width=\"361\" height=\"361\" srcset=\"https:\/\/i0.wp.com\/www.manquepierda.com\/historiarealbetis\/files\/2023\/03\/30-1993-Nace-Jose-Antonio-Delgado-Nono.jpg?w=200&amp;ssl=1 200w, https:\/\/i0.wp.com\/www.manquepierda.com\/historiarealbetis\/files\/2023\/03\/30-1993-Nace-Jose-Antonio-Delgado-Nono.jpg?resize=150%2C150&amp;ssl=1 150w\" sizes=\"auto, (max-width: 361px) 100vw, 361px\" \/><\/figure>\n<\/div>\n\n<p><span style=\"color: #008000\">El 30 de marzo de 1993 nace en El Puerto de Santa Mar\u00eda (C\u00e1diz) Jos\u00e9 Antonio Delgado Villar \u201cNono\u201d, quien fuera jugador de la primera plantilla del Real Betis Balompi\u00e9 entre los a\u00f1os 2012 y 2015.<\/span><\/p>\n<p><span style=\"color: #008000\">Centrocampista que lleg\u00f3 al primer equipo desde el filial b\u00e9tico y que disput\u00f3 59 partidos oficiales, marcando 1 gol. Tras su paso por el Betis continu\u00f3 su carrera en el extranjero, habiendo jugado en Alemania, Hungr\u00eda, Eslovaquia y Arabia.<\/span><\/p>","protected":false},"excerpt":{"rendered":"<p>El 30 de marzo de 1993 nace en El Puerto de Santa Mar\u00eda (C\u00e1diz) Jos\u00e9 Antonio Delgado Villar \u201cNono\u201d, quien fuera jugador de la primera plantilla del Real Betis Balompi\u00e9 entre los a\u00f1os 2012 y 2015. Centrocampista que lleg\u00f3 al primer equipo desde el filial b\u00e9tico y que disput\u00f3 59 partidos oficiales, marcando 1 gol&#8230;.<\/p>\n","protected":false},"author":5,"featured_media":88304,"comment_status":"open","ping_status":"open","sticky":false,"template":"","format":"standard","meta":{"_kad_post_transparent":"","_kad_post_title":"","_kad_post_layout":"","_kad_post_sidebar_id":"","_kad_post_content_style":"","_kad_post_vertical_padding":"","_kad_post_feature":"","_kad_post_feature_position":"","_kad_post_header":false,"_kad_post_footer":false,"_kad_post_classname":"","_jetpack_memberships_contains_paid_content":false,"footnotes":"","jetpack_publicize_message":"","jetpack_publicize_feature_enabled":true,"jetpack_social_post_already_shared":true,"jetpack_social_options":{"image_generator_settings":{"template":"highway","default_image_id":0,"font":"","enabled":false},"version":2}},"categories":[905,14583,1],"tags":[18437],"class_list":["post-88303","post","type-post","status-publish","format-standard","has-post-thumbnail","hentry","category-1990-1999","category-efemerides","category-portada","tag-jose-antonio-delgado-nono-2"],"jetpack_publicize_connections":[],"jetpack_featured_media_url":"https:\/\/i0.wp.com\/www.manquepierda.com\/historiarealbetis\/files\/2023\/03\/30-1993-Nace-Jose-Antonio-Delgado-Nono.jpg?fit=200%2C200&ssl=1","jetpack_sharing_enabled":true,"jetpack_shortlink":"https:\/\/wp.me\/p1ij08-mYf","jetpack-related-posts":[],"_links":{"self":[{"href":"https:\/\/www.manquepierda.com\/historiarealbetis\/wp-json\/wp\/v2\/posts\/88303","targetHints":{"allow":["GET"]}}],"collection":[{"href":"https:\/\/www.manquepierda.com\/historiarealbetis\/wp-json\/wp\/v2\/posts"}],"about":[{"href":"https:\/\/www.manquepierda.com\/historiarealbetis\/wp-json\/wp\/v2\/types\/post"}],"author":[{"embeddable":true,"href":"https:\/\/www.manquepierda.com\/historiarealbetis\/wp-json\/wp\/v2\/users\/5"}],"replies":[{"embeddable":true,"href":"https:\/\/www.manquepierda.com\/historiarealbetis\/wp-json\/wp\/v2\/comments?post=88303"}],"version-history":[{"count":1,"href":"https:\/\/www.manquepierda.com\/historiarealbetis\/wp-json\/wp\/v2\/posts\/88303\/revisions"}],"predecessor-version":[{"id":88305,"href":"https:\/\/www.manquepierda.com\/historiarealbetis\/wp-json\/wp\/v2\/posts\/88303\/revisions\/88305"}],"wp:featuredmedia":[{"embeddable":true,"href":"https:\/\/www.manquepierda.com\/historiarealbetis\/wp-json\/wp\/v2\/media\/88304"}],"wp:attachment":[{"href":"https:\/\/www.manquepierda.com\/historiarealbetis\/wp-json\/wp\/v2\/media?parent=88303"}],"wp:term":[{"taxonomy":"category","embeddable":true,"href":"https:\/\/www.manquepierda.com\/historiarealbetis\/wp-json\/wp\/v2\/categories?post=88303"},{"taxonomy":"post_tag","embeddable":true,"href":"https:\/\/www.manquepierda.com\/historiarealbetis\/wp-json\/wp\/v2\/tags?post=88303"}],"curies":[{"name":"wp","href":"https:\/\/api.w.org\/{rel}","templated":true}]}}