{"id":88352,"date":"2023-03-28T10:00:00","date_gmt":"2023-03-28T08:00:00","guid":{"rendered":"https:\/\/www.manquepierda.com\/historiarealbetis\/?p=88352"},"modified":"2023-03-18T11:09:10","modified_gmt":"2023-03-18T10:09:10","slug":"beticos-en-la-seleccion-almeria-1979","status":"publish","type":"post","link":"https:\/\/www.manquepierda.com\/historiarealbetis\/beticos-en-la-seleccion-almeria-1979\/","title":{"rendered":"B\u00e9ticos en la selecci\u00f3n. Almer\u00eda 1979"},"content":{"rendered":"<div class=\"wp-block-image\">\n<figure class=\"aligncenter size-full\"><img data-recalc-dims=\"1\" loading=\"lazy\" decoding=\"async\" width=\"941\" height=\"622\" src=\"https:\/\/i0.wp.com\/www.manquepierda.com\/historiarealbetis\/files\/2023\/03\/28-3-1979-en-Almeria-Olimpica-Espana-3-Paises-Bajos-0-Garcia-Navajas-doctor-Guillen-Gerardo-Joaquin-Gordillo-Canito-Manzanedo-Victor-Munoz-Bengoetxea-David-Carrasco-Rubio-y-masajista.jpg?resize=941%2C622&#038;ssl=1\" alt=\"\" class=\"wp-image-88353\" srcset=\"https:\/\/i0.wp.com\/www.manquepierda.com\/historiarealbetis\/files\/2023\/03\/28-3-1979-en-Almeria-Olimpica-Espana-3-Paises-Bajos-0-Garcia-Navajas-doctor-Guillen-Gerardo-Joaquin-Gordillo-Canito-Manzanedo-Victor-Munoz-Bengoetxea-David-Carrasco-Rubio-y-masajista.jpg?w=941&amp;ssl=1 941w, https:\/\/i0.wp.com\/www.manquepierda.com\/historiarealbetis\/files\/2023\/03\/28-3-1979-en-Almeria-Olimpica-Espana-3-Paises-Bajos-0-Garcia-Navajas-doctor-Guillen-Gerardo-Joaquin-Gordillo-Canito-Manzanedo-Victor-Munoz-Bengoetxea-David-Carrasco-Rubio-y-masajista.jpg?resize=680%2C449&amp;ssl=1 680w, https:\/\/i0.wp.com\/www.manquepierda.com\/historiarealbetis\/files\/2023\/03\/28-3-1979-en-Almeria-Olimpica-Espana-3-Paises-Bajos-0-Garcia-Navajas-doctor-Guillen-Gerardo-Joaquin-Gordillo-Canito-Manzanedo-Victor-Munoz-Bengoetxea-David-Carrasco-Rubio-y-masajista.jpg?resize=220%2C145&amp;ssl=1 220w, https:\/\/i0.wp.com\/www.manquepierda.com\/historiarealbetis\/files\/2023\/03\/28-3-1979-en-Almeria-Olimpica-Espana-3-Paises-Bajos-0-Garcia-Navajas-doctor-Guillen-Gerardo-Joaquin-Gordillo-Canito-Manzanedo-Victor-Munoz-Bengoetxea-David-Carrasco-Rubio-y-masajista.jpg?resize=768%2C508&amp;ssl=1 768w\" sizes=\"auto, (max-width: 941px) 100vw, 941px\" \/><\/figure>\n<\/div>\n\n\n<p>28 de marzo de 1979 en el Franco Navarro de Almer\u00eda Espa\u00f1a 3 Pa\u00edses Bajos 0; partido de la fase de clasificaci\u00f3n para los Juegos Ol\u00edmpicos de Mosc\u00fa 1980 en el grupo 3.<\/p>\n\n\n\n<p>En la imagen arriba Garc\u00eda Navajas (Burgos), el doctor Guill\u00e9n, Gerardo (Las Palmas), Joaqu\u00edn (Sporting), Gordillo (Betis), Canito (Espanyol) y Manzanedo (Valencia); abajo V\u00edctor (Zaragoza), Bengoechea (Athletic), David (Sporting), Carrasco (Barcelona) y Rubio (Atl\u00e9tico Madrid).<\/p>\n\n\n\n<p>Esta fue la primera ocasi\u00f3n en que Rafael Gordillo jug\u00f3 con la selecci\u00f3n ol\u00edmpica de las 4 en que lo hizo, todas ellas en la fase de clasificaci\u00f3n para los Juegos Ol\u00edmpicos de Mosc\u00fa. Las otras 3 fueron contra Israel y contra B\u00e9lgica en 2 ocasiones.   <\/p>\n","protected":false},"excerpt":{"rendered":"<p>28 de marzo de 1979 en el Franco Navarro de Almer\u00eda Espa\u00f1a 3 Pa\u00edses Bajos 0; partido de la fase de clasificaci\u00f3n para los Juegos Ol\u00edmpicos de Mosc\u00fa 1980 en el grupo 3. En la imagen arriba Garc\u00eda Navajas (Burgos), el doctor Guill\u00e9n, Gerardo (Las Palmas), Joaqu\u00edn (Sporting), Gordillo (Betis), Canito (Espanyol) y Manzanedo (Valencia);&#8230;<\/p>\n","protected":false},"author":5,"featured_media":88353,"comment_status":"open","ping_status":"open","sticky":false,"template":"","format":"standard","meta":{"_kad_post_transparent":"","_kad_post_title":"","_kad_post_layout":"","_kad_post_sidebar_id":"","_kad_post_content_style":"","_kad_post_vertical_padding":"","_kad_post_feature":"","_kad_post_feature_position":"","_kad_post_header":false,"_kad_post_footer":false,"_kad_post_classname":"","_jetpack_memberships_contains_paid_content":false,"footnotes":"","jetpack_publicize_message":"","jetpack_publicize_feature_enabled":true,"jetpack_social_post_already_shared":true,"jetpack_social_options":{"image_generator_settings":{"template":"highway","default_image_id":0,"font":"","enabled":false},"version":2}},"categories":[903,893,1],"tags":[2227,1033,1305,1586],"class_list":["post-88352","post","type-post","status-publish","format-standard","has-post-thumbnail","hentry","category-1970-1979","category-jugadores-temas","category-portada","tag-1978-79","tag-1033","tag-rafael-gordillo","tag-seleccion-espanola"],"jetpack_publicize_connections":[],"jetpack_featured_media_url":"https:\/\/i0.wp.com\/www.manquepierda.com\/historiarealbetis\/files\/2023\/03\/28-3-1979-en-Almeria-Olimpica-Espana-3-Paises-Bajos-0-Garcia-Navajas-doctor-Guillen-Gerardo-Joaquin-Gordillo-Canito-Manzanedo-Victor-Munoz-Bengoetxea-David-Carrasco-Rubio-y-masajista.jpg?fit=941%2C622&ssl=1","jetpack_sharing_enabled":true,"jetpack_shortlink":"https:\/\/wp.me\/p1ij08-mZ2","jetpack-related-posts":[],"_links":{"self":[{"href":"https:\/\/www.manquepierda.com\/historiarealbetis\/wp-json\/wp\/v2\/posts\/88352","targetHints":{"allow":["GET"]}}],"collection":[{"href":"https:\/\/www.manquepierda.com\/historiarealbetis\/wp-json\/wp\/v2\/posts"}],"about":[{"href":"https:\/\/www.manquepierda.com\/historiarealbetis\/wp-json\/wp\/v2\/types\/post"}],"author":[{"embeddable":true,"href":"https:\/\/www.manquepierda.com\/historiarealbetis\/wp-json\/wp\/v2\/users\/5"}],"replies":[{"embeddable":true,"href":"https:\/\/www.manquepierda.com\/historiarealbetis\/wp-json\/wp\/v2\/comments?post=88352"}],"version-history":[{"count":2,"href":"https:\/\/www.manquepierda.com\/historiarealbetis\/wp-json\/wp\/v2\/posts\/88352\/revisions"}],"predecessor-version":[{"id":88356,"href":"https:\/\/www.manquepierda.com\/historiarealbetis\/wp-json\/wp\/v2\/posts\/88352\/revisions\/88356"}],"wp:featuredmedia":[{"embeddable":true,"href":"https:\/\/www.manquepierda.com\/historiarealbetis\/wp-json\/wp\/v2\/media\/88353"}],"wp:attachment":[{"href":"https:\/\/www.manquepierda.com\/historiarealbetis\/wp-json\/wp\/v2\/media?parent=88352"}],"wp:term":[{"taxonomy":"category","embeddable":true,"href":"https:\/\/www.manquepierda.com\/historiarealbetis\/wp-json\/wp\/v2\/categories?post=88352"},{"taxonomy":"post_tag","embeddable":true,"href":"https:\/\/www.manquepierda.com\/historiarealbetis\/wp-json\/wp\/v2\/tags?post=88352"}],"curies":[{"name":"wp","href":"https:\/\/api.w.org\/{rel}","templated":true}]}}