{"id":88381,"date":"2023-04-01T12:00:00","date_gmt":"2023-04-01T10:00:00","guid":{"rendered":"https:\/\/www.manquepierda.com\/historiarealbetis\/?p=88381"},"modified":"2024-08-08T19:58:36","modified_gmt":"2024-08-08T17:58:36","slug":"hoy-hace-95-anos-betis-0-valencia-1-en-copa","status":"publish","type":"post","link":"https:\/\/www.manquepierda.com\/historiarealbetis\/hoy-hace-95-anos-betis-0-valencia-1-en-copa\/","title":{"rendered":"Hoy hace 95 a\u00f1os. Betis 0 Valencia 1 en Copa."},"content":{"rendered":"<div class=\"wp-block-image\">\n<figure class=\"aligncenter size-full\"><img data-recalc-dims=\"1\" loading=\"lazy\" decoding=\"async\" width=\"435\" height=\"576\" src=\"https:\/\/i0.wp.com\/www.manquepierda.com\/historiarealbetis\/files\/2023\/03\/1-1928-Betis-0-Valencia-1-Copa.jpg?resize=435%2C576&#038;ssl=1\" alt=\"\" class=\"wp-image-88382\" srcset=\"https:\/\/i0.wp.com\/www.manquepierda.com\/historiarealbetis\/files\/2023\/03\/1-1928-Betis-0-Valencia-1-Copa.jpg?w=435&amp;ssl=1 435w, https:\/\/i0.wp.com\/www.manquepierda.com\/historiarealbetis\/files\/2023\/03\/1-1928-Betis-0-Valencia-1-Copa.jpg?resize=166%2C220&amp;ssl=1 166w\" sizes=\"auto, (max-width: 435px) 100vw, 435px\" \/><\/figure>\n<\/div>\n\n<p><span style=\"color: #008000\">El 1 de abril de 1928 en el Patronato el Betis es derrotado 0-1 por el Valencia en la jornada 9 de la fase de clasificaci\u00f3n de la Copa.<\/span><\/p>\n<p><span style=\"color: #008000\">El \u00fanico tanto del partido lo marc\u00f3 P\u00e9rez en el minuto 17 de penalti, en una jugada muy protestada por los jugadores b\u00e9ticos. Y en la segunda parte el Betis fall\u00f3 dos penaltis, uno detenido por Pedret a Enrique y el otro lanzado fuera por Manol\u00edn.<\/span><\/p>\n<p><span style=\"color: #008000\">El Betis, dirigido por C\u00e9sar de los Reyes, aline\u00f3 a Jes\u00fas; Jim\u00e9nez, Tenorio; Casta\u00f1eda, Est\u00e9vez, Adolfito; Manol\u00edn, Germ\u00e1n, Carrasco, Enrique y Romero.<\/span><\/p>\n<p><span style=\"color: #008000\">El Valencia, entrenado por James Herriot, form\u00f3 con Pedret; Reyes, Roca; Rey, Salvador, Amor\u00f3s; P\u00e9rez, Picol\u00edn, R\u00f3denas, Arcadio y S\u00e1nchez.<\/span><\/p>","protected":false},"excerpt":{"rendered":"<p>El 1 de abril de 1928 en el Patronato el Betis es derrotado 0-1 por el Valencia en la jornada 9 de la fase de clasificaci\u00f3n de la Copa. El \u00fanico tanto del partido lo marc\u00f3 P\u00e9rez en el minuto 17 de penalti, en una jugada muy protestada por los jugadores b\u00e9ticos. Y en la&#8230;<\/p>\n","protected":false},"author":5,"featured_media":88382,"comment_status":"open","ping_status":"open","sticky":false,"template":"","format":"standard","meta":{"_kad_post_transparent":"","_kad_post_title":"","_kad_post_layout":"","_kad_post_sidebar_id":"","_kad_post_content_style":"","_kad_post_vertical_padding":"","_kad_post_feature":"","_kad_post_feature_position":"","_kad_post_header":false,"_kad_post_footer":false,"_kad_post_classname":"","_jetpack_memberships_contains_paid_content":false,"footnotes":"","jetpack_publicize_message":"","jetpack_publicize_feature_enabled":true,"jetpack_social_post_already_shared":true,"jetpack_social_options":{"image_generator_settings":{"template":"highway","default_image_id":0,"font":"","enabled":false},"version":2}},"categories":[898,14583,1],"tags":[2499,17769,2285],"class_list":["post-88381","post","type-post","status-publish","format-standard","has-post-thumbnail","hentry","category-1920-1929","category-efemerides","category-portada","tag-2499","tag-copa-1927-28","tag-valencia-cf"],"jetpack_publicize_connections":[],"jetpack_featured_media_url":"https:\/\/i0.wp.com\/www.manquepierda.com\/historiarealbetis\/files\/2023\/03\/1-1928-Betis-0-Valencia-1-Copa.jpg?fit=435%2C576&ssl=1","jetpack_sharing_enabled":true,"jetpack_shortlink":"https:\/\/wp.me\/p1ij08-mZv","jetpack-related-posts":[],"_links":{"self":[{"href":"https:\/\/www.manquepierda.com\/historiarealbetis\/wp-json\/wp\/v2\/posts\/88381","targetHints":{"allow":["GET"]}}],"collection":[{"href":"https:\/\/www.manquepierda.com\/historiarealbetis\/wp-json\/wp\/v2\/posts"}],"about":[{"href":"https:\/\/www.manquepierda.com\/historiarealbetis\/wp-json\/wp\/v2\/types\/post"}],"author":[{"embeddable":true,"href":"https:\/\/www.manquepierda.com\/historiarealbetis\/wp-json\/wp\/v2\/users\/5"}],"replies":[{"embeddable":true,"href":"https:\/\/www.manquepierda.com\/historiarealbetis\/wp-json\/wp\/v2\/comments?post=88381"}],"version-history":[{"count":1,"href":"https:\/\/www.manquepierda.com\/historiarealbetis\/wp-json\/wp\/v2\/posts\/88381\/revisions"}],"predecessor-version":[{"id":88383,"href":"https:\/\/www.manquepierda.com\/historiarealbetis\/wp-json\/wp\/v2\/posts\/88381\/revisions\/88383"}],"wp:featuredmedia":[{"embeddable":true,"href":"https:\/\/www.manquepierda.com\/historiarealbetis\/wp-json\/wp\/v2\/media\/88382"}],"wp:attachment":[{"href":"https:\/\/www.manquepierda.com\/historiarealbetis\/wp-json\/wp\/v2\/media?parent=88381"}],"wp:term":[{"taxonomy":"category","embeddable":true,"href":"https:\/\/www.manquepierda.com\/historiarealbetis\/wp-json\/wp\/v2\/categories?post=88381"},{"taxonomy":"post_tag","embeddable":true,"href":"https:\/\/www.manquepierda.com\/historiarealbetis\/wp-json\/wp\/v2\/tags?post=88381"}],"curies":[{"name":"wp","href":"https:\/\/api.w.org\/{rel}","templated":true}]}}