{"id":88432,"date":"2023-03-30T09:51:00","date_gmt":"2023-03-30T07:51:00","guid":{"rendered":"https:\/\/www.manquepierda.com\/historiarealbetis\/?p=88432"},"modified":"2023-03-27T07:43:32","modified_gmt":"2023-03-27T05:43:32","slug":"futbol-moldavo-y-betis","status":"publish","type":"post","link":"https:\/\/www.manquepierda.com\/historiarealbetis\/futbol-moldavo-y-betis\/","title":{"rendered":"F\u00fatbol moldavo y Betis."},"content":{"rendered":"<div class=\"wp-block-image\">\n<figure class=\"aligncenter size-full\"><img data-recalc-dims=\"1\" loading=\"lazy\" decoding=\"async\" width=\"612\" height=\"358\" src=\"https:\/\/i0.wp.com\/www.manquepierda.com\/historiarealbetis\/files\/2023\/03\/Bandera-Moldavia.jpg?resize=612%2C358&#038;ssl=1\" alt=\"\" class=\"wp-image-88433\" srcset=\"https:\/\/i0.wp.com\/www.manquepierda.com\/historiarealbetis\/files\/2023\/03\/Bandera-Moldavia.jpg?w=612&amp;ssl=1 612w, https:\/\/i0.wp.com\/www.manquepierda.com\/historiarealbetis\/files\/2023\/03\/Bandera-Moldavia.jpg?resize=220%2C129&amp;ssl=1 220w\" sizes=\"auto, (max-width: 612px) 100vw, 612px\" \/><\/figure>\n<\/div>\n\n<p>Fue en el a\u00f1o 2002 cuando se produjo el primer y \u00fanico contacto entre el f\u00fatbol de Moldavia y el Real Betis Balompi\u00e9, al cruzarse \u00e9ste en la primera eliminatoria de la Copa de la Uefa con el Zimbru Chisinau.<\/p>\n<p>La eliminatoria se resolvi\u00f3 claramente del lado b\u00e9tico, con un 0-2 en el partido jugado en septiembre en Moldavia, goles de Alfonso y Rivas, y un 2-1 en la vuelta jugada en octubre en Sevilla, con tantos de Tais y Casas.<\/p>\n\n<div class=\"wp-block-image\">\n<figure class=\"aligncenter size-full is-resized\"><img data-recalc-dims=\"1\" loading=\"lazy\" decoding=\"async\" src=\"https:\/\/i0.wp.com\/www.manquepierda.com\/historiarealbetis\/files\/2023\/03\/Zimbru-Betis-Uefa-2002-gol-de-Alfonso.jpg?resize=508%2C339&#038;ssl=1\" alt=\"\" class=\"wp-image-88434\" width=\"508\" height=\"339\" srcset=\"https:\/\/i0.wp.com\/www.manquepierda.com\/historiarealbetis\/files\/2023\/03\/Zimbru-Betis-Uefa-2002-gol-de-Alfonso.jpg?w=300&amp;ssl=1 300w, https:\/\/i0.wp.com\/www.manquepierda.com\/historiarealbetis\/files\/2023\/03\/Zimbru-Betis-Uefa-2002-gol-de-Alfonso.jpg?resize=220%2C147&amp;ssl=1 220w\" sizes=\"auto, (max-width: 508px) 100vw, 508px\" \/><figcaption>Zimbru-Betis. Celebraci\u00f3n del gol de Alfonso<\/figcaption><\/figure>\n<\/div>\n\n<p>Juan Alberto Andreu \u00abMelli\u00bb es el \u00fanico futbolista b\u00e9tico que ha jugado en el f\u00fatbol moldavo, concretamente en el Sheriff Tiraspol en la temporada 2013-14.&nbsp;<\/p>\n\n<div class=\"wp-block-image\">\n<figure class=\"aligncenter size-full\"><img data-recalc-dims=\"1\" loading=\"lazy\" decoding=\"async\" width=\"598\" height=\"380\" src=\"https:\/\/i0.wp.com\/www.manquepierda.com\/historiarealbetis\/files\/2023\/03\/primer_plano.jpg?resize=598%2C380&#038;ssl=1\" alt=\"\" class=\"wp-image-88435\" srcset=\"https:\/\/i0.wp.com\/www.manquepierda.com\/historiarealbetis\/files\/2023\/03\/primer_plano.jpg?w=598&amp;ssl=1 598w, https:\/\/i0.wp.com\/www.manquepierda.com\/historiarealbetis\/files\/2023\/03\/primer_plano.jpg?resize=220%2C140&amp;ssl=1 220w\" sizes=\"auto, (max-width: 598px) 100vw, 598px\" \/><figcaption>Melli con el Sheriff Tiraspol<\/figcaption><\/figure>\n<\/div>","protected":false},"excerpt":{"rendered":"<p>Fue en el a\u00f1o 2002 cuando se produjo el primer y \u00fanico contacto entre el f\u00fatbol de Moldavia y el Real Betis Balompi\u00e9, al cruzarse \u00e9ste en la primera eliminatoria de la Copa de la Uefa con el Zimbru Chisinau. La eliminatoria se resolvi\u00f3 claramente del lado b\u00e9tico, con un 0-2 en el partido jugado&#8230;<\/p>\n","protected":false},"author":5,"featured_media":88433,"comment_status":"open","ping_status":"open","sticky":false,"template":"","format":"standard","meta":{"_kad_post_transparent":"","_kad_post_title":"","_kad_post_layout":"","_kad_post_sidebar_id":"","_kad_post_content_style":"","_kad_post_vertical_padding":"","_kad_post_feature":"","_kad_post_feature_position":"","_kad_post_header":false,"_kad_post_footer":false,"_kad_post_classname":"","_jetpack_memberships_contains_paid_content":false,"footnotes":"","jetpack_publicize_message":"","jetpack_publicize_feature_enabled":true,"jetpack_social_post_already_shared":true,"jetpack_social_options":{"image_generator_settings":{"template":"highway","default_image_id":0,"font":"","enabled":false},"version":2}},"categories":[906,1],"tags":[17258,17443],"class_list":["post-88432","post","type-post","status-publish","format-standard","has-post-thumbnail","hentry","category-investigacion-temas","category-portada","tag-futbol-internacional","tag-moldavia"],"jetpack_publicize_connections":[],"jetpack_featured_media_url":"https:\/\/i0.wp.com\/www.manquepierda.com\/historiarealbetis\/files\/2023\/03\/Bandera-Moldavia.jpg?fit=612%2C358&ssl=1","jetpack_sharing_enabled":true,"jetpack_shortlink":"https:\/\/wp.me\/p1ij08-n0k","jetpack-related-posts":[],"_links":{"self":[{"href":"https:\/\/www.manquepierda.com\/historiarealbetis\/wp-json\/wp\/v2\/posts\/88432","targetHints":{"allow":["GET"]}}],"collection":[{"href":"https:\/\/www.manquepierda.com\/historiarealbetis\/wp-json\/wp\/v2\/posts"}],"about":[{"href":"https:\/\/www.manquepierda.com\/historiarealbetis\/wp-json\/wp\/v2\/types\/post"}],"author":[{"embeddable":true,"href":"https:\/\/www.manquepierda.com\/historiarealbetis\/wp-json\/wp\/v2\/users\/5"}],"replies":[{"embeddable":true,"href":"https:\/\/www.manquepierda.com\/historiarealbetis\/wp-json\/wp\/v2\/comments?post=88432"}],"version-history":[{"count":2,"href":"https:\/\/www.manquepierda.com\/historiarealbetis\/wp-json\/wp\/v2\/posts\/88432\/revisions"}],"predecessor-version":[{"id":88437,"href":"https:\/\/www.manquepierda.com\/historiarealbetis\/wp-json\/wp\/v2\/posts\/88432\/revisions\/88437"}],"wp:featuredmedia":[{"embeddable":true,"href":"https:\/\/www.manquepierda.com\/historiarealbetis\/wp-json\/wp\/v2\/media\/88433"}],"wp:attachment":[{"href":"https:\/\/www.manquepierda.com\/historiarealbetis\/wp-json\/wp\/v2\/media?parent=88432"}],"wp:term":[{"taxonomy":"category","embeddable":true,"href":"https:\/\/www.manquepierda.com\/historiarealbetis\/wp-json\/wp\/v2\/categories?post=88432"},{"taxonomy":"post_tag","embeddable":true,"href":"https:\/\/www.manquepierda.com\/historiarealbetis\/wp-json\/wp\/v2\/tags?post=88432"}],"curies":[{"name":"wp","href":"https:\/\/api.w.org\/{rel}","templated":true}]}}