{"id":88584,"date":"2023-04-18T12:00:00","date_gmt":"2023-04-18T10:00:00","guid":{"rendered":"https:\/\/www.manquepierda.com\/historiarealbetis\/?p=88584"},"modified":"2023-04-18T23:47:33","modified_gmt":"2023-04-18T21:47:33","slug":"hoy-hace-30-anos-lleida-1-betis-0","status":"publish","type":"post","link":"https:\/\/www.manquepierda.com\/historiarealbetis\/hoy-hace-30-anos-lleida-1-betis-0\/","title":{"rendered":"Hoy hace 30 a\u00f1os. Lleida 1 Betis 0."},"content":{"rendered":"<div class=\"wp-block-image\">\n<figure class=\"aligncenter size-full\"><img data-recalc-dims=\"1\" loading=\"lazy\" decoding=\"async\" width=\"470\" height=\"352\" src=\"https:\/\/i0.wp.com\/www.manquepierda.com\/historiarealbetis\/files\/2023\/04\/18-1993-Lleida-1-Betis-0-.jpg?resize=470%2C352&#038;ssl=1\" alt=\"\" class=\"wp-image-88585\" srcset=\"https:\/\/i0.wp.com\/www.manquepierda.com\/historiarealbetis\/files\/2023\/04\/18-1993-Lleida-1-Betis-0-.jpg?w=470&amp;ssl=1 470w, https:\/\/i0.wp.com\/www.manquepierda.com\/historiarealbetis\/files\/2023\/04\/18-1993-Lleida-1-Betis-0-.jpg?resize=220%2C165&amp;ssl=1 220w\" sizes=\"auto, (max-width: 470px) 100vw, 470px\" \/><\/figure>\n<\/div>\n\n<p><\/p>\n<p><span style=\"color: #008000\">El 18 de abril de 1993 en el Municipal la UE Lleida vence 1-0 al Betis en partido de la jornada 30 del Campeonato de Liga de Segunda Divisi\u00f3n.<\/span><\/p>\n<p><span style=\"color: #008000\">Un tanto de Bartolo en el minuto 48 certific\u00f3 la victoria local y dej\u00f3 al m\u00ednimo las posibilidades b\u00e9ticas de ascenso.<\/span><\/p>\n<p><span style=\"color: #008000\">El Lleida, dirigido por Jos\u00e9 Manuel Esnal \u201cMan\u00e9\u201d, aline\u00f3 a Ravnic; Jaime, Virgilio, David, Chema; Gonzalo, Palau, Rubio, Sig\u00fcienza (70, Bernal); Gracia y Acosta (46, Bartolo).<\/span><\/p>\n<p><span style=\"color: #008000\">El Betis, entrenado por Jos\u00e9 Ram\u00f3n Esnaola, form\u00f3 con Diezma; Juanlu, Julio, Ure\u00f1a, Monreal; Ca\u00f1as, Merino, Gordillo (75, Cu\u00e9llar), Kobelev; Kasumov (64, Loreto) y Gabino. &nbsp;<\/span><\/p>","protected":false},"excerpt":{"rendered":"<p>El 18 de abril de 1993 en el Municipal la UE Lleida vence 1-0 al Betis en partido de la jornada 30 del Campeonato de Liga de Segunda Divisi\u00f3n. Un tanto de Bartolo en el minuto 48 certific\u00f3 la victoria local y dej\u00f3 al m\u00ednimo las posibilidades b\u00e9ticas de ascenso. El Lleida, dirigido por Jos\u00e9&#8230;<\/p>\n","protected":false},"author":5,"featured_media":88585,"comment_status":"open","ping_status":"open","sticky":false,"template":"","format":"standard","meta":{"_kad_post_transparent":"","_kad_post_title":"","_kad_post_layout":"","_kad_post_sidebar_id":"","_kad_post_content_style":"","_kad_post_vertical_padding":"","_kad_post_feature":"","_kad_post_feature_position":"","_kad_post_header":false,"_kad_post_footer":false,"_kad_post_classname":"","_jetpack_memberships_contains_paid_content":false,"footnotes":"","jetpack_publicize_message":"","jetpack_publicize_feature_enabled":true,"jetpack_social_post_already_shared":false,"jetpack_social_options":{"image_generator_settings":{"template":"highway","default_image_id":0,"font":"","enabled":false},"version":2}},"categories":[905,14583,1],"tags":[5525,17102],"class_list":["post-88584","post","type-post","status-publish","format-standard","has-post-thumbnail","hentry","category-1990-1999","category-efemerides","category-portada","tag-5525","tag-ue-lleida"],"jetpack_publicize_connections":[],"jetpack_featured_media_url":"https:\/\/i0.wp.com\/www.manquepierda.com\/historiarealbetis\/files\/2023\/04\/18-1993-Lleida-1-Betis-0-.jpg?fit=470%2C352&ssl=1","jetpack_sharing_enabled":true,"jetpack_shortlink":"https:\/\/wp.me\/p1ij08-n2M","jetpack-related-posts":[],"_links":{"self":[{"href":"https:\/\/www.manquepierda.com\/historiarealbetis\/wp-json\/wp\/v2\/posts\/88584","targetHints":{"allow":["GET"]}}],"collection":[{"href":"https:\/\/www.manquepierda.com\/historiarealbetis\/wp-json\/wp\/v2\/posts"}],"about":[{"href":"https:\/\/www.manquepierda.com\/historiarealbetis\/wp-json\/wp\/v2\/types\/post"}],"author":[{"embeddable":true,"href":"https:\/\/www.manquepierda.com\/historiarealbetis\/wp-json\/wp\/v2\/users\/5"}],"replies":[{"embeddable":true,"href":"https:\/\/www.manquepierda.com\/historiarealbetis\/wp-json\/wp\/v2\/comments?post=88584"}],"version-history":[{"count":4,"href":"https:\/\/www.manquepierda.com\/historiarealbetis\/wp-json\/wp\/v2\/posts\/88584\/revisions"}],"predecessor-version":[{"id":88683,"href":"https:\/\/www.manquepierda.com\/historiarealbetis\/wp-json\/wp\/v2\/posts\/88584\/revisions\/88683"}],"wp:featuredmedia":[{"embeddable":true,"href":"https:\/\/www.manquepierda.com\/historiarealbetis\/wp-json\/wp\/v2\/media\/88585"}],"wp:attachment":[{"href":"https:\/\/www.manquepierda.com\/historiarealbetis\/wp-json\/wp\/v2\/media?parent=88584"}],"wp:term":[{"taxonomy":"category","embeddable":true,"href":"https:\/\/www.manquepierda.com\/historiarealbetis\/wp-json\/wp\/v2\/categories?post=88584"},{"taxonomy":"post_tag","embeddable":true,"href":"https:\/\/www.manquepierda.com\/historiarealbetis\/wp-json\/wp\/v2\/tags?post=88584"}],"curies":[{"name":"wp","href":"https:\/\/api.w.org\/{rel}","templated":true}]}}