{"id":88595,"date":"2023-04-19T12:00:00","date_gmt":"2023-04-19T10:00:00","guid":{"rendered":"https:\/\/www.manquepierda.com\/historiarealbetis\/?p=88595"},"modified":"2024-08-09T16:06:41","modified_gmt":"2024-08-09T14:06:41","slug":"hoy-hace-15-anos-atletico-madrid-1-betis-3","status":"publish","type":"post","link":"https:\/\/www.manquepierda.com\/historiarealbetis\/hoy-hace-15-anos-atletico-madrid-1-betis-3\/","title":{"rendered":"Hoy hace 15 a\u00f1os. Atl\u00e9tico Madrid 1 Betis 3."},"content":{"rendered":"<div class=\"wp-block-image\">\n<figure class=\"aligncenter size-full\"><img data-recalc-dims=\"1\" loading=\"lazy\" decoding=\"async\" width=\"767\" height=\"585\" src=\"https:\/\/i0.wp.com\/www.manquepierda.com\/historiarealbetis\/files\/2023\/04\/19-2008-Atl.-Madrid-1-Betis-3.jpg?resize=767%2C585&#038;ssl=1\" alt=\"\" class=\"wp-image-88596\" srcset=\"https:\/\/i0.wp.com\/www.manquepierda.com\/historiarealbetis\/files\/2023\/04\/19-2008-Atl.-Madrid-1-Betis-3.jpg?w=767&amp;ssl=1 767w, https:\/\/i0.wp.com\/www.manquepierda.com\/historiarealbetis\/files\/2023\/04\/19-2008-Atl.-Madrid-1-Betis-3.jpg?resize=680%2C519&amp;ssl=1 680w, https:\/\/i0.wp.com\/www.manquepierda.com\/historiarealbetis\/files\/2023\/04\/19-2008-Atl.-Madrid-1-Betis-3.jpg?resize=220%2C168&amp;ssl=1 220w\" sizes=\"auto, (max-width: 767px) 100vw, 767px\" \/><\/figure>\n<\/div>\n\n<p><span style=\"color: #008000\">El 19 de abril de 2008 en el Vicente Calder\u00f3n el Betis se impone 1-3 al Atl\u00e9tico de Madrid, en partido de la jornada 33 del Campeonato de Liga de Primera Divisi\u00f3n.<\/span><\/p>\n<p><span style=\"color: #008000\">En el minuto 14 Juande adelant\u00f3 al Betis, aprovechando un rechace de Leo Franco a disparo de Jos\u00e9 Mari. Ag\u00fcero en el 24 empat\u00f3 con un lanzamiento desde fuera del \u00e1rea.<\/span><\/p>\n<p><span style=\"color: #008000\">En la segunda parte en el 48 Xisco de falta hizo el 1-2 y en el 66 una gran jugada de Melli fue culminada por Capi para hacer el 1-3.<\/span><\/p>\n<p><span style=\"color: #008000\">El Atl\u00e9tico de Madrid, entrenado por Javier Aguirre, aline\u00f3 a Leo Franco; Seitaridis, Pablo, Perea, Antonio L\u00f3pez; Maxi, Cleber (61, Miguel), Ra\u00fal Garc\u00eda (74, Luis Garc\u00eda), Simao (35, Reyes); Ag\u00fcero y Forl\u00e1n.<\/span><\/p>\n<p><span style=\"color: #008000\">El Betis, dirigido por Francisco Chaparro, form\u00f3 con Casto; Ilic, Juanito, Melli, Dami\u00e1; Odonkor (91, Sobis), Arzu, Juande (87, Nano), Capi; Xisco y Jos\u00e9 Mari (83, Babic). &nbsp;&nbsp;<\/span><\/p>","protected":false},"excerpt":{"rendered":"<p>El 19 de abril de 2008 en el Vicente Calder\u00f3n el Betis se impone 1-3 al Atl\u00e9tico de Madrid, en partido de la jornada 33 del Campeonato de Liga de Primera Divisi\u00f3n. En el minuto 14 Juande adelant\u00f3 al Betis, aprovechando un rechace de Leo Franco a disparo de Jos\u00e9 Mari. Ag\u00fcero en el 24&#8230;<\/p>\n","protected":false},"author":5,"featured_media":88596,"comment_status":"open","ping_status":"open","sticky":false,"template":"","format":"standard","meta":{"_kad_post_transparent":"","_kad_post_title":"","_kad_post_layout":"","_kad_post_sidebar_id":"","_kad_post_content_style":"","_kad_post_vertical_padding":"","_kad_post_feature":"","_kad_post_feature_position":"","_kad_post_header":false,"_kad_post_footer":false,"_kad_post_classname":"","_jetpack_memberships_contains_paid_content":false,"footnotes":"","jetpack_publicize_message":"","jetpack_publicize_feature_enabled":true,"jetpack_social_post_already_shared":false,"jetpack_social_options":{"image_generator_settings":{"template":"highway","default_image_id":0,"font":"","enabled":false},"version":2}},"categories":[4823,14583,1],"tags":[6619,13849,17817],"class_list":["post-88595","post","type-post","status-publish","format-standard","has-post-thumbnail","hentry","category-2000-2009","category-efemerides","category-portada","tag-6619","tag-club-atletico-de-madrid","tag-liga-primera-2007-08"],"jetpack_publicize_connections":[],"jetpack_featured_media_url":"https:\/\/i0.wp.com\/www.manquepierda.com\/historiarealbetis\/files\/2023\/04\/19-2008-Atl.-Madrid-1-Betis-3.jpg?fit=767%2C585&ssl=1","jetpack_sharing_enabled":true,"jetpack_shortlink":"https:\/\/wp.me\/p1ij08-n2X","jetpack-related-posts":[],"_links":{"self":[{"href":"https:\/\/www.manquepierda.com\/historiarealbetis\/wp-json\/wp\/v2\/posts\/88595","targetHints":{"allow":["GET"]}}],"collection":[{"href":"https:\/\/www.manquepierda.com\/historiarealbetis\/wp-json\/wp\/v2\/posts"}],"about":[{"href":"https:\/\/www.manquepierda.com\/historiarealbetis\/wp-json\/wp\/v2\/types\/post"}],"author":[{"embeddable":true,"href":"https:\/\/www.manquepierda.com\/historiarealbetis\/wp-json\/wp\/v2\/users\/5"}],"replies":[{"embeddable":true,"href":"https:\/\/www.manquepierda.com\/historiarealbetis\/wp-json\/wp\/v2\/comments?post=88595"}],"version-history":[{"count":2,"href":"https:\/\/www.manquepierda.com\/historiarealbetis\/wp-json\/wp\/v2\/posts\/88595\/revisions"}],"predecessor-version":[{"id":88598,"href":"https:\/\/www.manquepierda.com\/historiarealbetis\/wp-json\/wp\/v2\/posts\/88595\/revisions\/88598"}],"wp:featuredmedia":[{"embeddable":true,"href":"https:\/\/www.manquepierda.com\/historiarealbetis\/wp-json\/wp\/v2\/media\/88596"}],"wp:attachment":[{"href":"https:\/\/www.manquepierda.com\/historiarealbetis\/wp-json\/wp\/v2\/media?parent=88595"}],"wp:term":[{"taxonomy":"category","embeddable":true,"href":"https:\/\/www.manquepierda.com\/historiarealbetis\/wp-json\/wp\/v2\/categories?post=88595"},{"taxonomy":"post_tag","embeddable":true,"href":"https:\/\/www.manquepierda.com\/historiarealbetis\/wp-json\/wp\/v2\/tags?post=88595"}],"curies":[{"name":"wp","href":"https:\/\/api.w.org\/{rel}","templated":true}]}}