{"id":88611,"date":"2023-04-23T12:00:00","date_gmt":"2023-04-23T10:00:00","guid":{"rendered":"https:\/\/www.manquepierda.com\/historiarealbetis\/?p=88611"},"modified":"2024-08-29T00:13:36","modified_gmt":"2024-08-28T22:13:36","slug":"hoy-hace-28-anos-betis-3-tenerife-0","status":"publish","type":"post","link":"https:\/\/www.manquepierda.com\/historiarealbetis\/hoy-hace-28-anos-betis-3-tenerife-0\/","title":{"rendered":"Hoy hace 28 a\u00f1os. Betis 3 Tenerife 0."},"content":{"rendered":"<div class=\"wp-block-image\">\n<figure class=\"aligncenter size-large\"><img data-recalc-dims=\"1\" loading=\"lazy\" decoding=\"async\" width=\"951\" height=\"700\" src=\"https:\/\/i0.wp.com\/www.manquepierda.com\/historiarealbetis\/files\/2023\/04\/23-1995-Betis-3-Tenerife-0.jpg?resize=951%2C700&#038;ssl=1\" alt=\"\" class=\"wp-image-88612\" srcset=\"https:\/\/i0.wp.com\/www.manquepierda.com\/historiarealbetis\/files\/2023\/04\/23-1995-Betis-3-Tenerife-0.jpg?resize=951%2C700&amp;ssl=1 951w, https:\/\/i0.wp.com\/www.manquepierda.com\/historiarealbetis\/files\/2023\/04\/23-1995-Betis-3-Tenerife-0.jpg?resize=680%2C500&amp;ssl=1 680w, https:\/\/i0.wp.com\/www.manquepierda.com\/historiarealbetis\/files\/2023\/04\/23-1995-Betis-3-Tenerife-0.jpg?resize=220%2C162&amp;ssl=1 220w, https:\/\/i0.wp.com\/www.manquepierda.com\/historiarealbetis\/files\/2023\/04\/23-1995-Betis-3-Tenerife-0.jpg?resize=768%2C565&amp;ssl=1 768w, https:\/\/i0.wp.com\/www.manquepierda.com\/historiarealbetis\/files\/2023\/04\/23-1995-Betis-3-Tenerife-0.jpg?w=1003&amp;ssl=1 1003w\" sizes=\"auto, (max-width: 951px) 100vw, 951px\" \/><\/figure>\n<\/div>\n\n<p><span style=\"color: #008000\">El 23 de abril de 1995 en el Villamar\u00edn el Betis derrota 3-0 al Tenerife en partido de la jornada 30 del Campeonato de Liga de Primera Divisi\u00f3n.<\/span><\/p>\n<p><span style=\"color: #008000\">R\u00edos en el 15 hizo el 1-0 rematando un barullo dentro del \u00e1rea. En el 28 Cu\u00e9llar culmin\u00f3 una jugada personal elevando el bal\u00f3n sobre la salida de Ojeda, y en el 67 Cu\u00e9llar resolvi\u00f3 dentro del \u00e1rea canaria.<\/span><\/p>\n<p><span style=\"color: #008000\">El Betis, entrenado por Lorenzo Serra, jug\u00f3 con Jaro; Jaime, Vidakovic, Ure\u00f1a, Men\u00e9ndez; M\u00e1rquez, R\u00edos, Alexis (71, Gordillo), Stosic; Cu\u00e9llar y Aquino (82, Kasumov).<\/span><\/p>\n<p><span style=\"color: #008000\">El Tenerife, dirigido por Vicente Cantatore, aline\u00f3 a Ojeda; Llorente, Antonio Mata, Ramis, Paqui; Chano (65, Castillo), C\u00e9sar G\u00f3mez, Juanele, Felipe (60, Pinilla); Pizzi y Conte.<\/span><\/p>","protected":false},"excerpt":{"rendered":"<p>El 23 de abril de 1995 en el Villamar\u00edn el Betis derrota 3-0 al Tenerife en partido de la jornada 30 del Campeonato de Liga de Primera Divisi\u00f3n. R\u00edos en el 15 hizo el 1-0 rematando un barullo dentro del \u00e1rea. En el 28 Cu\u00e9llar culmin\u00f3 una jugada personal elevando el bal\u00f3n sobre la salida&#8230;<\/p>\n","protected":false},"author":5,"featured_media":88612,"comment_status":"open","ping_status":"open","sticky":false,"template":"","format":"standard","meta":{"_kad_post_transparent":"","_kad_post_title":"","_kad_post_layout":"","_kad_post_sidebar_id":"","_kad_post_content_style":"","_kad_post_vertical_padding":"","_kad_post_feature":"","_kad_post_feature_position":"","_kad_post_header":false,"_kad_post_footer":false,"_kad_post_classname":"","_jetpack_memberships_contains_paid_content":false,"footnotes":"","jetpack_publicize_message":"","jetpack_publicize_feature_enabled":true,"jetpack_social_post_already_shared":false,"jetpack_social_options":{"image_generator_settings":{"template":"highway","default_image_id":0,"font":"","enabled":false},"version":2}},"categories":[905,14583,1],"tags":[2459,232,17863],"class_list":["post-88611","post","type-post","status-publish","format-standard","has-post-thumbnail","hentry","category-1990-1999","category-efemerides","category-portada","tag-2459","tag-cd-tenerife","tag-liga-primera-1994-95"],"jetpack_publicize_connections":[],"jetpack_featured_media_url":"https:\/\/i0.wp.com\/www.manquepierda.com\/historiarealbetis\/files\/2023\/04\/23-1995-Betis-3-Tenerife-0.jpg?fit=1003%2C738&ssl=1","jetpack_sharing_enabled":true,"jetpack_shortlink":"https:\/\/wp.me\/p1ij08-n3d","jetpack-related-posts":[],"_links":{"self":[{"href":"https:\/\/www.manquepierda.com\/historiarealbetis\/wp-json\/wp\/v2\/posts\/88611","targetHints":{"allow":["GET"]}}],"collection":[{"href":"https:\/\/www.manquepierda.com\/historiarealbetis\/wp-json\/wp\/v2\/posts"}],"about":[{"href":"https:\/\/www.manquepierda.com\/historiarealbetis\/wp-json\/wp\/v2\/types\/post"}],"author":[{"embeddable":true,"href":"https:\/\/www.manquepierda.com\/historiarealbetis\/wp-json\/wp\/v2\/users\/5"}],"replies":[{"embeddable":true,"href":"https:\/\/www.manquepierda.com\/historiarealbetis\/wp-json\/wp\/v2\/comments?post=88611"}],"version-history":[{"count":1,"href":"https:\/\/www.manquepierda.com\/historiarealbetis\/wp-json\/wp\/v2\/posts\/88611\/revisions"}],"predecessor-version":[{"id":88613,"href":"https:\/\/www.manquepierda.com\/historiarealbetis\/wp-json\/wp\/v2\/posts\/88611\/revisions\/88613"}],"wp:featuredmedia":[{"embeddable":true,"href":"https:\/\/www.manquepierda.com\/historiarealbetis\/wp-json\/wp\/v2\/media\/88612"}],"wp:attachment":[{"href":"https:\/\/www.manquepierda.com\/historiarealbetis\/wp-json\/wp\/v2\/media?parent=88611"}],"wp:term":[{"taxonomy":"category","embeddable":true,"href":"https:\/\/www.manquepierda.com\/historiarealbetis\/wp-json\/wp\/v2\/categories?post=88611"},{"taxonomy":"post_tag","embeddable":true,"href":"https:\/\/www.manquepierda.com\/historiarealbetis\/wp-json\/wp\/v2\/tags?post=88611"}],"curies":[{"name":"wp","href":"https:\/\/api.w.org\/{rel}","templated":true}]}}