{"id":88633,"date":"2023-04-28T12:00:00","date_gmt":"2023-04-28T10:00:00","guid":{"rendered":"https:\/\/www.manquepierda.com\/historiarealbetis\/?p=88633"},"modified":"2024-08-19T12:02:58","modified_gmt":"2024-08-19T10:02:58","slug":"hoy-hace-60-anos-las-palmas-0-betis-1-en-copa","status":"publish","type":"post","link":"https:\/\/www.manquepierda.com\/historiarealbetis\/hoy-hace-60-anos-las-palmas-0-betis-1-en-copa\/","title":{"rendered":"Hoy hace 60 a\u00f1os. Las Palmas 0 Betis 1 en Copa."},"content":{"rendered":"<div class=\"wp-block-image\">\n<figure class=\"aligncenter size-full is-resized\"><img data-recalc-dims=\"1\" loading=\"lazy\" decoding=\"async\" src=\"https:\/\/i0.wp.com\/www.manquepierda.com\/historiarealbetis\/files\/2023\/04\/28-1963-Las-Palmas-0-Betis-1-en-Copa.jpg?resize=660%2C462&#038;ssl=1\" alt=\"\" class=\"wp-image-88634\" width=\"660\" height=\"462\" srcset=\"https:\/\/i0.wp.com\/www.manquepierda.com\/historiarealbetis\/files\/2023\/04\/28-1963-Las-Palmas-0-Betis-1-en-Copa.jpg?w=480&amp;ssl=1 480w, https:\/\/i0.wp.com\/www.manquepierda.com\/historiarealbetis\/files\/2023\/04\/28-1963-Las-Palmas-0-Betis-1-en-Copa.jpg?resize=220%2C154&amp;ssl=1 220w\" sizes=\"auto, (max-width: 660px) 100vw, 660px\" \/><\/figure>\n<\/div>\n\n<p>\u00a0<\/p>\n<p><span style=\"color: #008000\">El 28 de abril de 1963 en el Insular el Betis gana 0-1 a Las Palmas en el partido de ida de los dieciseisavos de final de la Copa.<\/span><\/p>\n<p><span style=\"color: #008000\">Ansola en el minuto 49, tras burlar al defensor Tatono, marc\u00f3 con un remate cruzado.<\/span><\/p>\n<p><span style=\"color: #008000\">Las Palmas, dirigida por Rosendo Hern\u00e1ndez, aline\u00f3 a Oregui; Aparicio, Tatono, Nelli; Collar, Guedes; Vegazo, Santamar\u00eda, Erasto, Torrent y Le\u00f3n.<\/span><\/p>\n<p><span style=\"color: #008000\">El Betis, entrenado por Ernesto Pons, jug\u00f3 con Pep\u00edn; Colo, R\u00edos, Paquito; Bosch, Mart\u00ednez; Montaner, Pallar\u00e9s, Ansola, Luis y Portilla.<\/span><\/p>","protected":false},"excerpt":{"rendered":"<p>\u00a0 El 28 de abril de 1963 en el Insular el Betis gana 0-1 a Las Palmas en el partido de ida de los dieciseisavos de final de la Copa. Ansola en el minuto 49, tras burlar al defensor Tatono, marc\u00f3 con un remate cruzado. Las Palmas, dirigida por Rosendo Hern\u00e1ndez, aline\u00f3 a Oregui; Aparicio,&#8230;<\/p>\n","protected":false},"author":5,"featured_media":88634,"comment_status":"open","ping_status":"open","sticky":false,"template":"","format":"standard","meta":{"_kad_post_transparent":"","_kad_post_title":"","_kad_post_layout":"","_kad_post_sidebar_id":"","_kad_post_content_style":"","_kad_post_vertical_padding":"","_kad_post_feature":"","_kad_post_feature_position":"","_kad_post_header":false,"_kad_post_footer":false,"_kad_post_classname":"","_jetpack_memberships_contains_paid_content":false,"footnotes":"","jetpack_publicize_message":"","jetpack_publicize_feature_enabled":true,"jetpack_social_post_already_shared":false,"jetpack_social_options":{"image_generator_settings":{"template":"highway","default_image_id":0,"font":"","enabled":false},"version":2}},"categories":[902,14583,1],"tags":[4281,17823,1327],"class_list":["post-88633","post","type-post","status-publish","format-standard","has-post-thumbnail","hentry","category-1960-1969","category-efemerides","category-portada","tag-4281","tag-copa-1962-63","tag-ud-las-palmas"],"jetpack_publicize_connections":[],"jetpack_featured_media_url":"https:\/\/i0.wp.com\/www.manquepierda.com\/historiarealbetis\/files\/2023\/04\/28-1963-Las-Palmas-0-Betis-1-en-Copa.jpg?fit=480%2C336&ssl=1","jetpack_sharing_enabled":true,"jetpack_shortlink":"https:\/\/wp.me\/p1ij08-n3z","jetpack-related-posts":[],"_links":{"self":[{"href":"https:\/\/www.manquepierda.com\/historiarealbetis\/wp-json\/wp\/v2\/posts\/88633","targetHints":{"allow":["GET"]}}],"collection":[{"href":"https:\/\/www.manquepierda.com\/historiarealbetis\/wp-json\/wp\/v2\/posts"}],"about":[{"href":"https:\/\/www.manquepierda.com\/historiarealbetis\/wp-json\/wp\/v2\/types\/post"}],"author":[{"embeddable":true,"href":"https:\/\/www.manquepierda.com\/historiarealbetis\/wp-json\/wp\/v2\/users\/5"}],"replies":[{"embeddable":true,"href":"https:\/\/www.manquepierda.com\/historiarealbetis\/wp-json\/wp\/v2\/comments?post=88633"}],"version-history":[{"count":2,"href":"https:\/\/www.manquepierda.com\/historiarealbetis\/wp-json\/wp\/v2\/posts\/88633\/revisions"}],"predecessor-version":[{"id":88636,"href":"https:\/\/www.manquepierda.com\/historiarealbetis\/wp-json\/wp\/v2\/posts\/88633\/revisions\/88636"}],"wp:featuredmedia":[{"embeddable":true,"href":"https:\/\/www.manquepierda.com\/historiarealbetis\/wp-json\/wp\/v2\/media\/88634"}],"wp:attachment":[{"href":"https:\/\/www.manquepierda.com\/historiarealbetis\/wp-json\/wp\/v2\/media?parent=88633"}],"wp:term":[{"taxonomy":"category","embeddable":true,"href":"https:\/\/www.manquepierda.com\/historiarealbetis\/wp-json\/wp\/v2\/categories?post=88633"},{"taxonomy":"post_tag","embeddable":true,"href":"https:\/\/www.manquepierda.com\/historiarealbetis\/wp-json\/wp\/v2\/tags?post=88633"}],"curies":[{"name":"wp","href":"https:\/\/api.w.org\/{rel}","templated":true}]}}